{"id":27578,"date":"2025-09-06T19:56:08","date_gmt":"2025-09-06T19:56:08","guid":{"rendered":"https:\/\/www.europesays.com\/fi\/27578\/"},"modified":"2025-09-06T19:56:08","modified_gmt":"2025-09-06T19:56:08","slug":"ensimmainen-masked-singer-kilpailija-paljastui-janne-kataja-ei-tunnistanut-ystavaansa","status":"publish","type":"post","link":"https:\/\/www.europesays.com\/fi\/27578\/","title":{"rendered":"Ensimm\u00e4inen Masked Singer -kilpailija paljastui \u2013 Janne Kataja ei tunnistanut yst\u00e4v\u00e4\u00e4ns\u00e4"},"content":{"rendered":"<p>Masked Singer Suomen kauden ensimm\u00e4inen putoaja paljasti todellisen henkil\u00f6llisyytens\u00e4. JUTTU SIS\u00c4LT\u00c4\u00c4 PALJASTUKSIA.<\/p>\n<p><img decoding=\"async\" class=\"image image-show image-preview\" src=\"https:\/\/www.europesays.com\/fi\/wp-content\/uploads\/2025\/09\/dc0fa969d0d6051e9160a1e01610d02b2456b5f71fd528917a2b84a970b03ea6.jpg\" alt=\"\"\/><img decoding=\"async\" class=\"image image-show\" src=\"https:\/\/www.europesays.com\/fi\/wp-content\/uploads\/2025\/09\/1757188568_540_dc0fa969d0d6051e9160a1e01610d02b2456b5f71fd528917a2b84a970b03ea6.jpg\" alt=\"\"\/><\/p>\n<p>Masked Singerin ensimm\u00e4inen kilpailija pudotettiin. MTV<\/p>\n<p class=\"paragraph\">Masked Singer Suomen seitsem\u00e4s kausi alkoi t\u00e4n\u00e4\u00e4n MTV3:lla. Ensimm\u00e4isen jakson p\u00e4\u00e4tteeksi ensimm\u00e4inen kilpailija pudotettiin pelist\u00e4.<\/p>\n<p class=\"paragraph\">Studioyleis\u00f6 \u00e4\u00e4nesti ensimm\u00e4iseksi kotiinl\u00e4htij\u00e4ksi Ponin.<\/p>\n<p class=\"paragraph\"><strong>Janne Kataja<\/strong> veikkasi Ponin maskin takana olevan kenk\u00e4suunnittelija <strong>Minna Parikka<\/strong>. <strong>Jenni Poikelus<\/strong> arvasi vuoden 2011 Miss Suomea, somevaikuttaja <strong>Sara Sieppi\u00e4<\/strong>. <strong>Benjamin<\/strong> puolestaan veikkasi Miss Helsinki -kilpailusta tutuksi tullutta somevaikuttajaa <strong>Rosanna Kuljua<\/strong>. Vieraileva etsiv\u00e4 <strong>Mikko Silvennoinen<\/strong> uskoi Ponin olevan muotivaikuttaja <strong>Linda Juhola<\/strong>.<\/p>\n<p>Ensimm\u00e4isen\u00e4 pudonnut hahmo oli Poni. MTV<\/p>\n<p class=\"paragraph\">Missiarvaukset olivat oikeilla j\u00e4ljill\u00e4. Vaaleanpunaisen maskin takaa paljastui <strong>Lola Odusoga<\/strong>, Miss Suomi 1996, malli ja juontaja.<\/p>\n<p class=\"paragraph\">Odusoga kertoo, ettei ole aiemmin juuri laulanut julkisesti.<\/p>\n<p class=\"paragraph\">\u2013 Olen yhteen elokuvaan laulanut yhden biisin, Odusoga kertoo ja lis\u00e4\u00e4, ett\u00e4 teki niin pakosta.<\/p>\n<p class=\"paragraph\">Ponina yleis\u00f6lle laulaminen oli helpompaa.<\/p>\n<p class=\"paragraph\">Sek\u00e4 Mikko Silvennoinen ett\u00e4 Janne Kataja tuntevat Odusogan entuudestaan, mutteiv\u00e4t osanneet yhdist\u00e4\u00e4 laulu\u00e4\u00e4nt\u00e4 oikeaan ihmiseen. Erityisesti Katajan paljastus ly\u00f6 \u00e4llik\u00e4ll\u00e4.<\/p>\n<p class=\"paragraph\">\u2013 T\u00e4m\u00e4 on h\u00e4mment\u00e4v\u00e4\u00e4, koska tunnemme Lolan kanssa kyll\u00e4 aika hyvin, Kataja kertoo.<\/p>\n<p class=\"paragraph\">\u2013 Sulla on niin paljon mun \u00e4\u00e4niviestej\u00e4. Miten s\u00e4 et tunnistanut? Odusoga tivaa.<\/p>\n<p>Lola Odusoga ei ole aiemmin juuri laulanut julkisesti, ainakaan vapaasta tahdostaan. Inka Soveri<\/p>\n<p class=\"paragraph\">Odusoga esitti jaksossa <strong>Adam Lambertin<\/strong> kappaleen Ghost Town. Etsiv\u00e4t olivat lopullisten arvausten lis\u00e4ksi ehtineet ep\u00e4ill\u00e4 h\u00e4nt\u00e4 my\u00f6s radiojuontaja <strong>Julianna Jokelaksi<\/strong> ja artisti <strong>Sini Sabotageksi<\/strong>.<\/p>\n<p class=\"paragraph\">Masked Singer lauantaisin MTV3:lla kello 19.30 &amp; Katsomossa. <a href=\"https:\/\/www.iltalehti.fi\/telkku\" rel=\"nofollow noopener\" target=\"_blank\">Katso kaikki TV-ohjelmat ja l\u00e4hetysajat Telkun TV-oppaasta<\/a>.<\/p>\n","protected":false},"excerpt":{"rendered":"Masked Singer Suomen kauden ensimm\u00e4inen putoaja paljasti todellisen henkil\u00f6llisyytens\u00e4. JUTTU SIS\u00c4LT\u00c4\u00c4 PALJASTUKSIA. Masked Singerin ensimm\u00e4inen kilpailija pudotettiin. MTV&hellip;\n","protected":false},"author":2,"featured_media":27579,"comment_status":"","ping_status":"","sticky":false,"template":"","format":"standard","meta":{"footnotes":""},"categories":[133],"tags":[35,137,33,31,30,408,6067,32,206,140,139,4241,156,109],"class_list":{"0":"post-27578","1":"post","2":"type-post","3":"status-publish","4":"format-standard","5":"has-post-thumbnail","7":"category-televisiot","8":"tag-24h","9":"tag-entertainment","10":"tag-fi","11":"tag-finland","12":"tag-finnish","13":"tag-julkkikset","14":"tag-mediapersoonat","15":"tag-suomi","16":"tag-televisiot","17":"tag-tv-ja-elokuvat","18":"tag-tv-ohjelmat","19":"tag-tv-persoonat","20":"tag-tv","21":"tag-viihde"},"share_on_mastodon":{"url":"","error":""},"_links":{"self":[{"href":"https:\/\/www.europesays.com\/fi\/wp-json\/wp\/v2\/posts\/27578","targetHints":{"allow":["GET"]}}],"collection":[{"href":"https:\/\/www.europesays.com\/fi\/wp-json\/wp\/v2\/posts"}],"about":[{"href":"https:\/\/www.europesays.com\/fi\/wp-json\/wp\/v2\/types\/post"}],"author":[{"embeddable":true,"href":"https:\/\/www.europesays.com\/fi\/wp-json\/wp\/v2\/users\/2"}],"replies":[{"embeddable":true,"href":"https:\/\/www.europesays.com\/fi\/wp-json\/wp\/v2\/comments?post=27578"}],"version-history":[{"count":0,"href":"https:\/\/www.europesays.com\/fi\/wp-json\/wp\/v2\/posts\/27578\/revisions"}],"wp:featuredmedia":[{"embeddable":true,"href":"https:\/\/www.europesays.com\/fi\/wp-json\/wp\/v2\/media\/27579"}],"wp:attachment":[{"href":"https:\/\/www.europesays.com\/fi\/wp-json\/wp\/v2\/media?parent=27578"}],"wp:term":[{"taxonomy":"category","embeddable":true,"href":"https:\/\/www.europesays.com\/fi\/wp-json\/wp\/v2\/categories?post=27578"},{"taxonomy":"post_tag","embeddable":true,"href":"https:\/\/www.europesays.com\/fi\/wp-json\/wp\/v2\/tags?post=27578"}],"curies":[{"name":"wp","href":"https:\/\/api.w.org\/{rel}","templated":true}]}}