{"id":27584,"date":"2025-09-06T20:02:07","date_gmt":"2025-09-06T20:02:07","guid":{"rendered":"https:\/\/www.europesays.com\/fi\/27584\/"},"modified":"2025-09-06T20:02:07","modified_gmt":"2025-09-06T20:02:07","slug":"ketut-villitsivat-trampoliinilla-veetin-12-kameraan-tallentui-hellyttava-naky","status":"publish","type":"post","link":"https:\/\/www.europesays.com\/fi\/27584\/","title":{"rendered":"Ketut villitsiv\u00e4t trampoliinilla \u2013 Veetin, 12, kameraan tallentui hellytt\u00e4v\u00e4 n\u00e4ky"},"content":{"rendered":"<p><a href=\"https:\/\/www.iltalehti.fi\/kotimaa\" class=\"breadcrumb breadcrumb-uutiset\" rel=\"nofollow noopener\" target=\"_blank\">Kotimaa<\/a><\/p>\n<p>Tavallinen aamupalahetki sai hauskan k\u00e4\u00e4nteen, kun villiel\u00e4imet innostuivat trampoliinista. <\/p>\n<p>Veetin mukaan ketut ovat py\u00f6rineet pihapiiriss\u00e4 ennenkin. Aurinkoisina p\u00e4ivin\u00e4 ne hakeutuvat l\u00e4mpimille paikoille, ja trampoliinin reunasta on tullut niille tuttu makoilupaikka. Lukijan video<\/p>\n<p>L\u00e4het\u00e4 videosi meille<\/p>\n<p class=\"paragraph\">Iltalehti maksaa jokaisesta julkaistusta videosta v\u00e4hint\u00e4\u00e4n 60 euroa. Valitsemme joka kuukausi parhaan lukijan l\u00e4hett\u00e4m\u00e4n videon, ja maksamme parhaasta videosta per\u00e4ti 550 euroa.<\/p>\n<p class=\"paragraph\">L\u00e4het\u00e4 meille videosi Whatsappilla puhelinnumeroon 050 571 4530 tai s\u00e4hk\u00f6postilla osoitteeseen il-tv@iltalehti.fi. Voit my\u00f6s l\u00e4hett\u00e4\u00e4 videon lataamalla sen uutisvihjelomakkeen kautta. Muista liitt\u00e4\u00e4 mukaan yhteystietosi.<\/p>\n<p class=\"paragraph\">Muista, ett\u00e4 onnettomuuksissa pit\u00e4\u00e4 auttaa ensin loukkaantuneita, h\u00e4lytt\u00e4\u00e4 apua (h\u00e4t\u00e4numero 112) ja varoittaa muita. Onnettomuuspaikalle ei saa pys\u00e4hty\u00e4 kuvaamaan, jos se h\u00e4iritsee pelastust\u00f6it\u00e4 tai vaarantaa muuta liikennett\u00e4. Iltalehti ei julkaise kuvia onnettomuuksien uhreista.<\/p>\n","protected":false},"excerpt":{"rendered":"Kotimaa Tavallinen aamupalahetki sai hauskan k\u00e4\u00e4nteen, kun villiel\u00e4imet innostuivat trampoliinista. Veetin mukaan ketut ovat py\u00f6rineet pihapiiriss\u00e4 ennenkin. Aurinkoisina&hellip;\n","protected":false},"author":2,"featured_media":27585,"comment_status":"","ping_status":"","sticky":false,"template":"","format":"standard","meta":{"footnotes":""},"categories":[112],"tags":[35,2110,33,31,30,478,99,900,2331,118,32,119],"class_list":{"0":"post-27584","1":"post","2":"type-post","3":"status-publish","4":"format-standard","5":"has-post-thumbnail","7":"category-tiede","8":"tag-24h","9":"tag-elamantapa-ja-vapaa-aika","10":"tag-fi","11":"tag-finland","12":"tag-finnish","13":"tag-harrastukset","14":"tag-lapset","15":"tag-ruoka","16":"tag-ruoka-ja-juoma","17":"tag-science","18":"tag-suomi","19":"tag-tiede"},"share_on_mastodon":{"url":"","error":""},"_links":{"self":[{"href":"https:\/\/www.europesays.com\/fi\/wp-json\/wp\/v2\/posts\/27584","targetHints":{"allow":["GET"]}}],"collection":[{"href":"https:\/\/www.europesays.com\/fi\/wp-json\/wp\/v2\/posts"}],"about":[{"href":"https:\/\/www.europesays.com\/fi\/wp-json\/wp\/v2\/types\/post"}],"author":[{"embeddable":true,"href":"https:\/\/www.europesays.com\/fi\/wp-json\/wp\/v2\/users\/2"}],"replies":[{"embeddable":true,"href":"https:\/\/www.europesays.com\/fi\/wp-json\/wp\/v2\/comments?post=27584"}],"version-history":[{"count":0,"href":"https:\/\/www.europesays.com\/fi\/wp-json\/wp\/v2\/posts\/27584\/revisions"}],"wp:featuredmedia":[{"embeddable":true,"href":"https:\/\/www.europesays.com\/fi\/wp-json\/wp\/v2\/media\/27585"}],"wp:attachment":[{"href":"https:\/\/www.europesays.com\/fi\/wp-json\/wp\/v2\/media?parent=27584"}],"wp:term":[{"taxonomy":"category","embeddable":true,"href":"https:\/\/www.europesays.com\/fi\/wp-json\/wp\/v2\/categories?post=27584"},{"taxonomy":"post_tag","embeddable":true,"href":"https:\/\/www.europesays.com\/fi\/wp-json\/wp\/v2\/tags?post=27584"}],"curies":[{"name":"wp","href":"https:\/\/api.w.org\/{rel}","templated":true}]}}