{"id":275946,"date":"2026-06-13T17:28:11","date_gmt":"2026-06-13T17:28:11","guid":{"rendered":"https:\/\/www.europesays.com\/fi\/275946\/"},"modified":"2026-06-13T17:28:11","modified_gmt":"2026-06-13T17:28:11","slug":"raitiovaunu-ja-kuorma-auto-kolaroivat-tampereella-uutisia-lyhyesti","status":"publish","type":"post","link":"https:\/\/www.europesays.com\/fi\/275946\/","title":{"rendered":"Raitiovaunu ja kuorma-auto kolaroivat Tampereella | Uutisia lyhyesti"},"content":{"rendered":"<p class=\"aw__sc-1qwuw0s-0 aw__sc-ngllmo-0 epAWpq fzYpjk yle__article__paragraph\">Tampereen keskustassa raitiovaunu ja kuorma-auto ovat kolaroineet.<\/p>\n<p class=\"aw__sc-1qwuw0s-0 aw__sc-ngllmo-0 epAWpq fzYpjk yle__article__paragraph\">Onnettomuus tapahtui H\u00e4meenkadulla Aleksanterinkadun risteyksess\u00e4, kertoo paikalla ollut Ylen toimittaja <strong class=\"aw__sc-ngllmo-2 gdRrun yle__article__strong\">Antti Palomaa<\/strong>.<\/p>\n<p class=\"aw__sc-1qwuw0s-0 aw__sc-ngllmo-0 epAWpq fzYpjk yle__article__paragraph\">Raitiovaunun ikkuna hajosi t\u00f6rm\u00e4yksess\u00e4, ja kyydiss\u00e4 ollut nainen kertoi, ett\u00e4 osa matkustajista kaatui vaunun sis\u00e4ll\u00e4 t\u00f6rm\u00e4yksen voimasta.<br \/>Matkustajat tulivat pois raitiovaunusta kesken matkan.<\/p>\n<p class=\"aw__sc-1qwuw0s-0 aw__sc-ngllmo-0 epAWpq fzYpjk yle__article__paragraph\">Sek\u00e4 raitiovaunu ett\u00e4 kuorma-auto ovat poistuneet onnettomuuspaikalta ja liikenne on palautunut normaaliksi.<\/p>\n<p><img decoding=\"async\" alt=\"Raitiovaunu ja K-kaupan kuorma-auto pys\u00e4htynein\u00e4 risteyksess\u00e4.\" src=\"https:\/\/www.europesays.com\/fi\/wp-content\/uploads\/2026\/06\/1781343971.jpeg\" loading=\"lazy\" class=\"aw__sc-dklauk-0 LPzKX\"\/><\/p>\n<p>Avaa kuvien katselu<\/p>\n<p>Kuva: Antti Palomaa \/ Yle<\/p>\n","protected":false},"excerpt":{"rendered":"Tampereen keskustassa raitiovaunu ja kuorma-auto ovat kolaroineet. Onnettomuus tapahtui H\u00e4meenkadulla Aleksanterinkadun risteyksess\u00e4, kertoo paikalla ollut Ylen toimittaja Antti&hellip;\n","protected":false},"author":2,"featured_media":275947,"comment_status":"","ping_status":"","sticky":false,"template":"","format":"standard","meta":{"footnotes":"","_share_on_mastodon":"0"},"categories":[14],"tags":[22,23,26,27,33,31,30,17,1164,24,25,28,29,15,837,18,21,553,10011,37385,32,551,19,20,56,16,59,60,61],"class_list":["post-275946","post","type-post","status-publish","format-standard","has-post-thumbnail","category-ulkomaat","tag-breaking-news","tag-breakingnews","tag-featured-news","tag-featurednews","tag-fi","tag-finland","tag-finnish","tag-headlines","tag-joukkoliikenne","tag-latest-news","tag-latestnews","tag-main-news","tag-mainnews","tag-news","tag-onnettomuudet","tag-otsikot","tag-paauutiset","tag-pirkanmaa","tag-raitioliikenne","tag-raitiovaunuonnettomuudet","tag-suomi","tag-tampere","tag-top-stories","tag-topstories","tag-ulkomaat","tag-uutiset","tag-world","tag-world-news","tag-worldnews"],"share_on_mastodon":{"url":"https:\/\/pubeurope.com\/@fi\/116743982786173076","error":""},"_links":{"self":[{"href":"https:\/\/www.europesays.com\/fi\/wp-json\/wp\/v2\/posts\/275946","targetHints":{"allow":["GET"]}}],"collection":[{"href":"https:\/\/www.europesays.com\/fi\/wp-json\/wp\/v2\/posts"}],"about":[{"href":"https:\/\/www.europesays.com\/fi\/wp-json\/wp\/v2\/types\/post"}],"author":[{"embeddable":true,"href":"https:\/\/www.europesays.com\/fi\/wp-json\/wp\/v2\/users\/2"}],"replies":[{"embeddable":true,"href":"https:\/\/www.europesays.com\/fi\/wp-json\/wp\/v2\/comments?post=275946"}],"version-history":[{"count":0,"href":"https:\/\/www.europesays.com\/fi\/wp-json\/wp\/v2\/posts\/275946\/revisions"}],"wp:featuredmedia":[{"embeddable":true,"href":"https:\/\/www.europesays.com\/fi\/wp-json\/wp\/v2\/media\/275947"}],"wp:attachment":[{"href":"https:\/\/www.europesays.com\/fi\/wp-json\/wp\/v2\/media?parent=275946"}],"wp:term":[{"taxonomy":"category","embeddable":true,"href":"https:\/\/www.europesays.com\/fi\/wp-json\/wp\/v2\/categories?post=275946"},{"taxonomy":"post_tag","embeddable":true,"href":"https:\/\/www.europesays.com\/fi\/wp-json\/wp\/v2\/tags?post=275946"}],"curies":[{"name":"wp","href":"https:\/\/api.w.org\/{rel}","templated":true}]}}