{"id":275972,"date":"2026-06-13T18:12:10","date_gmt":"2026-06-13T18:12:10","guid":{"rendered":"https:\/\/www.europesays.com\/fi\/275972\/"},"modified":"2026-06-13T18:12:10","modified_gmt":"2026-06-13T18:12:10","slug":"raveissa-rakkaudesta-hevosiin-killerin-eliittia-tultiin-seuraamaan-kannustavissa-tunnelmissa-urheilu","status":"publish","type":"post","link":"https:\/\/www.europesays.com\/fi\/275972\/","title":{"rendered":"Raveissa rakkaudesta hevosiin \u2013\u2009Killerin Eliitti\u00e4 tultiin seuraamaan kannustavissa tunnelmissa | Urheilu"},"content":{"rendered":"<p>Lauantaina puolen p\u00e4iv\u00e4n aikaan Killerin ravirata alkoi t\u00e4ytty\u00e4 ravikansasta, kun toiset tulivat paikalle veikkaamaan, mutta monet my\u00f6s pelk\u00e4st\u00e4\u00e4n hevosten takia, viis voittajasta. Porukkaa saapui katsomaan raveja eri puolilta Keski-Suomea, ja ik\u00e4haarukka oli laaja. Mukana oli hevosharrastajia lapsesta el\u00e4kel\u00e4isiin. Kysyimme katsojilta, mik\u00e4 sai heid\u00e4t paikan p\u00e4\u00e4lle lauantaina.<\/p>\n<p><strong>Tommi Poikulainen<\/strong> toi tytt\u00e4rens\u00e4 <strong>Oona Poikulaisen<\/strong> katsomaan raveja.<\/p>\n<p>\u2013\u2009Ravitapahtumat ovat aina mukavia k\u00e4yd\u00e4 seuraamassa, varsinkin nyt kun Jyv\u00e4skyl\u00e4ss\u00e4 j\u00e4rjestet\u00e4\u00e4n. Oonaa kiinnostaa nuo ponit ja h\u00e4n tykk\u00e4\u00e4 olla el\u00e4inten kanssa, is\u00e4 Poikulainen kertoi.<\/p>\n<p>12-vuotias harrastaa ratsastusta, ja oli kiinnostunut katsomaan erityisesti lauantain ponil\u00e4hd\u00f6n. Oona Poikulainen haluaisi joku p\u00e4iv\u00e4 olla itsekin raveissa ohjastamassa.<\/p>\n","protected":false},"excerpt":{"rendered":"Lauantaina puolen p\u00e4iv\u00e4n aikaan Killerin ravirata alkoi t\u00e4ytty\u00e4 ravikansasta, kun toiset tulivat paikalle veikkaamaan, mutta monet my\u00f6s pelk\u00e4st\u00e4\u00e4n&hellip;\n","protected":false},"author":2,"featured_media":275973,"comment_status":"","ping_status":"","sticky":false,"template":"","format":"standard","meta":{"footnotes":"","_share_on_mastodon":"0"},"categories":[133],"tags":[7262,137,33,31,30,5520,7259,7263,425,7261,7265,32,206,156,109],"class_list":["post-275972","post","type-post","status-publish","format-standard","has-post-thumbnail","category-televisiot","tag-elainurheilu","tag-entertainment","tag-fi","tag-finland","tag-finnish","tag-hevonen","tag-hevoselaimet","tag-hevosurheilu","tag-jyvaskyla","tag-kavioelaimet","tag-ravit","tag-suomi","tag-televisiot","tag-tv","tag-viihde"],"share_on_mastodon":{"url":"https:\/\/pubeurope.com\/@fi\/116744156054705763","error":""},"_links":{"self":[{"href":"https:\/\/www.europesays.com\/fi\/wp-json\/wp\/v2\/posts\/275972","targetHints":{"allow":["GET"]}}],"collection":[{"href":"https:\/\/www.europesays.com\/fi\/wp-json\/wp\/v2\/posts"}],"about":[{"href":"https:\/\/www.europesays.com\/fi\/wp-json\/wp\/v2\/types\/post"}],"author":[{"embeddable":true,"href":"https:\/\/www.europesays.com\/fi\/wp-json\/wp\/v2\/users\/2"}],"replies":[{"embeddable":true,"href":"https:\/\/www.europesays.com\/fi\/wp-json\/wp\/v2\/comments?post=275972"}],"version-history":[{"count":0,"href":"https:\/\/www.europesays.com\/fi\/wp-json\/wp\/v2\/posts\/275972\/revisions"}],"wp:featuredmedia":[{"embeddable":true,"href":"https:\/\/www.europesays.com\/fi\/wp-json\/wp\/v2\/media\/275973"}],"wp:attachment":[{"href":"https:\/\/www.europesays.com\/fi\/wp-json\/wp\/v2\/media?parent=275972"}],"wp:term":[{"taxonomy":"category","embeddable":true,"href":"https:\/\/www.europesays.com\/fi\/wp-json\/wp\/v2\/categories?post=275972"},{"taxonomy":"post_tag","embeddable":true,"href":"https:\/\/www.europesays.com\/fi\/wp-json\/wp\/v2\/tags?post=275972"}],"curies":[{"name":"wp","href":"https:\/\/api.w.org\/{rel}","templated":true}]}}