{"id":276020,"date":"2026-06-13T19:14:16","date_gmt":"2026-06-13T19:14:16","guid":{"rendered":"https:\/\/www.europesays.com\/fi\/276020\/"},"modified":"2026-06-13T19:14:16","modified_gmt":"2026-06-13T19:14:16","slug":"lauantain-lukuvinkit-kela-takseissa-kay-kohta-kato-talla-tiella-nuoret-kuskit-hurjastelevat-kuopiossa-savo","status":"publish","type":"post","link":"https:\/\/www.europesays.com\/fi\/276020\/","title":{"rendered":"Lauantain lukuvinkit | Kela-takseissa k\u00e4y kohta kato, t\u00e4ll\u00e4 tiell\u00e4 nuoret kuskit hurjastelevat Kuopiossa | Savo"},"content":{"rendered":"<p>Savon Sanomat julkaisee iltaisin koosteen p\u00e4iv\u00e4n kiinnostavimmista artikkeleista.<\/p>\n<p>Lue ainakin n\u00e4m\u00e4 jutut lauantailta.<\/p>\n<p>\t\t\t\tKela-\u200btakseissa k\u00e4y kohta kato, varoittavat Pohjois-\u200bSavon taksiyritt\u00e4j\u00e4t<\/p>\n<p>Kela-takseille maksettavat korvaukset pienenev\u00e4t Pohjois-Savossa, sill\u00e4 Kela kilpailutti toukokuussa v\u00e4litysfirmat, jotka v\u00e4litt\u00e4v\u00e4t kyydit takseille. Kuopion ja Siilinj\u00e4rven alueella kuskeja ty\u00f6llist\u00e4v\u00e4n taksiyritt\u00e4j\u00e4n Asko Miettisen saamat korvaukset Kela-kyydeist\u00e4 pienenev\u00e4t ensi vuoden alusta jopa 20 prosentilla.<\/p>\n<p>\t\t\t\t\t<img class=\"diks-card__image\" src=\"https:\/\/www.europesays.com\/fi\/wp-content\/uploads\/2026\/06\/11492682.jpg\"   loading=\"lazy\" decoding=\"sync\" alt=\"\"\/><\/p>\n<p>\t\t\t\tT\u00e4m\u00e4 on yleisin paikka nuorten kuskien ylinopeudelle Savossa \u2013 poliisi mitannut hurjia lukemia<\/p>\n<p>Moottoritiell\u00e4 Siilinj\u00e4rven Kasurilan ja Etel\u00e4-Kuopion v\u00e4lill\u00e4 on suosittu paikka hurjasteleville nuorille kuskeille. Valtaosa oikeuteen p\u00e4\u00e4tyneist\u00e4 tapauksissa ylinopeutta ajanut kuski on mies. Toisinaan ylinopeutta saattaa olla jopa 100 kilometri\u00e4 tunnissa. Selvitimme, millaisiin liikennerikoksiin 17\u201325-vuotiaiden autonkuljettajat tyypillisimmin syyllistyv\u00e4t.<\/p>\n<p>\t\t\t\t\t<img class=\"diks-card__image\" src=\"https:\/\/www.europesays.com\/fi\/wp-content\/uploads\/2026\/06\/8587684.jpg\"   loading=\"lazy\" decoding=\"sync\" alt=\"\"\/><\/p>\n<p>\t\t\t\tIs\u00e4 patisteli opettelemaan my\u00f6s arabiaa, ja Noora Galab on h\u00e4nelle siit\u00e4 kiitollinen<\/p>\n<p>Suomalais-palestiinalaisella Noora Galabilla, 26, kaksi yht\u00e4 vahvaa kotikielt\u00e4: suomi ja arabia. Lapsena Galab tasapainotteli kahden kulttuurin tapojen ja perinteiden v\u00e4lill\u00e4. Nykyisin monikielisyys on puheterapeuttina ty\u00f6skentelev\u00e4n Galabin mielest\u00e4 suuri rikkaus.<\/p>\n<p>\t\t\t\t\t<img class=\"diks-card__image\" src=\"https:\/\/www.europesays.com\/fi\/wp-content\/uploads\/2026\/06\/11466356.jpg\"   loading=\"lazy\" decoding=\"sync\" alt=\"\"\/><\/p>\n<p>\t\t\t\tAvajaiskansa l\u00e4hti liikkeelle Kuopiossa, kun tuttu kauppapaikka her\u00e4si eloon<\/p>\n<p>Veken uusi myym\u00e4l\u00e4 sai Kuopiossa perjantaina vauhdikkaan startin, kun asiakkaat t\u00e4yttiv\u00e4t liikkeen heti ovien avauduttua. Suosituimpia tarjoustuotteita vietiin hyllyist\u00e4 enn\u00e4tysvauhtia, ja tunnelma liiketiloissa tiivistyi ihmismassan kasvaessa.<\/p>\n<p>\t\t\t\t\t<img class=\"diks-card__image\" src=\"https:\/\/www.europesays.com\/fi\/wp-content\/uploads\/2026\/06\/11500209.jpg\"   loading=\"lazy\" decoding=\"sync\" alt=\"\"\/><\/p>\n<p>\t\t\t\tT\u00e4lt\u00e4 n\u00e4ytt\u00e4\u00e4 savolaisl\u00e4ht\u00f6isen sisustussunnittelijan Maru Hautalan uudessa kodissa \u2013 pastellisessa keitti\u00f6ss\u00e4 ei ole j\u00e4\u00e4kaappia<\/p>\n<p>Maru Hautalan mielest\u00e4 koti saa olla sisustukseltaan keskener\u00e4inen, mutta sen pit\u00e4\u00e4 tuntua omalta. H\u00e4nen uudesta kodistaan l\u00f6ytyy muun muassa paljon vaaleanpunaista.<\/p>\n<p>\t\t\t\t\t<img class=\"diks-card__image\" src=\"https:\/\/www.europesays.com\/fi\/wp-content\/uploads\/2026\/06\/1781378056_451_11478393.jpg\"   loading=\"lazy\" decoding=\"sync\" alt=\"\"\/><\/p>\n","protected":false},"excerpt":{"rendered":"Savon Sanomat julkaisee iltaisin koosteen p\u00e4iv\u00e4n kiinnostavimmista artikkeleista. Lue ainakin n\u00e4m\u00e4 jutut lauantailta. Kela-\u200btakseissa k\u00e4y kohta kato, varoittavat&hellip;\n","protected":false},"author":2,"featured_media":276021,"comment_status":"","ping_status":"","sticky":false,"template":"","format":"standard","meta":{"footnotes":"","_share_on_mastodon":"0"},"categories":[12],"tags":[648,22,23,26,27,33,31,30,17,4984,1132,24,25,121,28,29,82,15,18,21,3819,32,128,19,20,16],"class_list":["post-276020","post","type-post","status-publish","format-standard","has-post-thumbnail","category-suomi","tag-autot","tag-breaking-news","tag-breakingnews","tag-featured-news","tag-featurednews","tag-fi","tag-finland","tag-finnish","tag-headlines","tag-keittiot","tag-kuopio","tag-latest-news","tag-latestnews","tag-liikenne-ja-kuljetus","tag-main-news","tag-mainnews","tag-moottoriajoneuvot","tag-news","tag-otsikot","tag-paauutiset","tag-siilinjarvi","tag-suomi","tag-tieliikenne","tag-top-stories","tag-topstories","tag-uutiset"],"share_on_mastodon":{"url":"https:\/\/pubeurope.com\/@fi\/116744399623090443","error":""},"_links":{"self":[{"href":"https:\/\/www.europesays.com\/fi\/wp-json\/wp\/v2\/posts\/276020","targetHints":{"allow":["GET"]}}],"collection":[{"href":"https:\/\/www.europesays.com\/fi\/wp-json\/wp\/v2\/posts"}],"about":[{"href":"https:\/\/www.europesays.com\/fi\/wp-json\/wp\/v2\/types\/post"}],"author":[{"embeddable":true,"href":"https:\/\/www.europesays.com\/fi\/wp-json\/wp\/v2\/users\/2"}],"replies":[{"embeddable":true,"href":"https:\/\/www.europesays.com\/fi\/wp-json\/wp\/v2\/comments?post=276020"}],"version-history":[{"count":0,"href":"https:\/\/www.europesays.com\/fi\/wp-json\/wp\/v2\/posts\/276020\/revisions"}],"wp:featuredmedia":[{"embeddable":true,"href":"https:\/\/www.europesays.com\/fi\/wp-json\/wp\/v2\/media\/276021"}],"wp:attachment":[{"href":"https:\/\/www.europesays.com\/fi\/wp-json\/wp\/v2\/media?parent=276020"}],"wp:term":[{"taxonomy":"category","embeddable":true,"href":"https:\/\/www.europesays.com\/fi\/wp-json\/wp\/v2\/categories?post=276020"},{"taxonomy":"post_tag","embeddable":true,"href":"https:\/\/www.europesays.com\/fi\/wp-json\/wp\/v2\/tags?post=276020"}],"curies":[{"name":"wp","href":"https:\/\/api.w.org\/{rel}","templated":true}]}}