{"id":276099,"date":"2026-06-13T21:16:21","date_gmt":"2026-06-13T21:16:21","guid":{"rendered":"https:\/\/www.europesays.com\/fi\/276099\/"},"modified":"2026-06-13T21:16:21","modified_gmt":"2026-06-13T21:16:21","slug":"kotimainen-melodeath-ryhma-tarttui-iron-maidenin-kasariklassikkoon-energinen-ja-hauska-soittaa","status":"publish","type":"post","link":"https:\/\/www.europesays.com\/fi\/276099\/","title":{"rendered":"Kotimainen melodeath-ryhm\u00e4 tarttui Iron Maidenin kasariklassikkoon &#8211; &#8221;Energinen ja hauska soittaa&#8221;"},"content":{"rendered":"<p>Kotimainen melodeath-yhtye <strong>I Am Your God<\/strong> on julkaissut oman versionsa <strong>Iron Maidenin<\/strong> Seventh Son of a Seventh Son -klassikkoalbumin (1988) The Evil That Men Do -ikivihre\u00e4st\u00e4. Kyseess\u00e4 on samalla toinen singlemaistiainen yhtyeen tulevalta cover-ep:lt\u00e4, jolta l\u00f6ytyy lainabiisej\u00e4 my\u00f6s <strong>Children of Bodomilta<\/strong>, <strong>Sentencedilt\u00e4<\/strong>, <strong>Dissectionilta<\/strong> ja <strong>In Flamesilt\u00e4<\/strong>.<\/p>\n<p>Lue my\u00f6s: <a href=\"https:\/\/www.inferno.fi\/uutiset\/i-am-your-god-tekee-children-of-bodomille-ja-alexi-laiholle-kunniaa-coverin-merkeissa-esittelee-samalla-tulevaa-ep-levyaan\/\" title=\"I Am Your God tekee Children of Bodomille ja Alexi Laiholle kunniaa coverin merkeiss\u00e4 \u2013 esittelee samalla tulevaa ep-levy\u00e4\u00e4n\" class=\"underline-custom !font-montserrat !font-bold !underline-offset-4 !decoration-4 !decoration-red-600 !text-md\" rel=\"nofollow noopener\" target=\"_blank\">I Am Your God tekee Children of Bodomille ja Alexi Laiholle kunniaa coverin merkeiss\u00e4 \u2013 esittelee samalla tulevaa ep-levy\u00e4\u00e4n<\/a><\/p>\n<p>\u201dKun aloimme puhua covereista, halusimme ottaa k\u00e4sittelyyn biisej\u00e4 ja b\u00e4ndej\u00e4, jotka eroavat omasta tyylist\u00e4mme. Iron Maiden on yksi suurimmista vaikuttajista metallimusiikissa ylip\u00e4\u00e4ns\u00e4 ja se on my\u00f6s b\u00e4ndi, joka inspiroi biisintekij\u00e4\u00e4mme <strong>Mattia<\/strong> (<strong>Hietala<\/strong>) aikoinaan tarttumaan kitaraan\u201d, yhtye avaa.<\/p>\n<p>\u201dOlisimme voineet valita oikeastaan mink\u00e4 tahansa biisin Maidenin 80-luvun klassikkolevyilt\u00e4, mutta Matti ehdotti legendaarista The Evil That Men Do -biisi\u00e4, koska se on energinen ja hauska soittaa.\u201d<\/p>\n<p><img loading=\"lazy\" decoding=\"async\" alt=\"Youtube video\" width=\"480\" height=\"360\" data-pin-nopin=\"true\" nopin=\"nopin\" class=\"perfmatters-lazy\" src=\"https:\/\/www.europesays.com\/fi\/wp-content\/uploads\/2026\/06\/1781300357_134_hqdefault.jpg\"\/><\/p>\n<p>Lue my\u00f6s: <a href=\"https:\/\/www.inferno.fi\/uutiskirje\/\" title=\"Tilaa Infernon uutiskirje\" class=\"underline-custom !font-montserrat !font-bold !underline-offset-4 !decoration-4 !decoration-red-600 !text-md\" rel=\"nofollow noopener\" target=\"_blank\">Tilaa Infernon uutiskirje ja tied\u00e4t mist\u00e4 kahvitauolla puhutaan! Nappaa raskaan musiikin uutiset ja puheenaiheet suoraan s\u00e4hk\u00f6postiin t\u00e4st\u00e4.<\/a><\/p>\n<p>    <a class=\"block\" href=\"https:\/\/www.como.fi\/uutiset\/ilman-oleskelulupaa-ollut-voitti-puoli-miljoonaa-euroa-rahoista-alkanut-vaanto-on-nyt-ratkennut\/\" target=\"_blank\" rel=\"noopener nofollow\"><br \/>\n                    <img loading=\"lazy\" decoding=\"async\" width=\"672\" height=\"504\" alt=\"Ilman oleskelulupaa ollut voitti puoli miljoonaa euroa \u2013 rahoista alkanut v\u00e4\u00e4nt\u00f6 on nyt ratkennut\" class=\"perfmatters-lazy\" src=\"https:\/\/www.europesays.com\/fi\/wp-content\/uploads\/2026\/06\/arpa_arvat_IANIS_KANSAINVALINEN_ARPA-1-672x504.jpg\"\/><\/p>\n<p>                        <img loading=\"lazy\" decoding=\"async\" alt=\"Como.fi\" width=\"16\" height=\"16\" class=\"perfmatters-lazy\" src=\"https:\/\/www.europesays.com\/fi\/wp-content\/uploads\/2026\/06\/1781374396_233_favicon-16x16.png\"\/><\/p>\n<p>    <\/a><\/p>\n<p>    <a class=\"block\" href=\"https:\/\/www.como.fi\/uutiset\/tassa-on-tuija-pehkosen-aiti-voi-ihana-aiti-pehkonen\/\" target=\"_blank\" rel=\"noopener nofollow\"><br \/>\n                    <img loading=\"lazy\" decoding=\"async\" width=\"672\" height=\"437\" alt=\"T\u00e4ss\u00e4 on Tuija Pehkosen \u00e4iti \u2013 \u201dVoi ihana \u00e4iti Pehkonen\u201d\" class=\"perfmatters-lazy\" src=\"https:\/\/www.europesays.com\/fi\/wp-content\/uploads\/2026\/06\/1.03924284-scaled-e1781369166961-672x437.jpg\"\/><\/p>\n<p>                        <img loading=\"lazy\" decoding=\"async\" alt=\"Como.fi\" width=\"16\" height=\"16\" class=\"perfmatters-lazy\" src=\"https:\/\/www.europesays.com\/fi\/wp-content\/uploads\/2026\/06\/1781374396_233_favicon-16x16.png\"\/><\/p>\n<p>    <\/a><\/p>\n<p>    <a class=\"block\" href=\"https:\/\/www.como.fi\/uutiset\/tampereen-hameenkadulla-vakava-rikos\/\" target=\"_blank\" rel=\"noopener nofollow\"><br \/>\n                    <img loading=\"lazy\" decoding=\"async\" width=\"672\" height=\"504\" alt=\"Tampereen H\u00e4meenkadulla vakava rikos\" class=\"perfmatters-lazy\" src=\"https:\/\/www.europesays.com\/fi\/wp-content\/uploads\/2026\/06\/1781374397_675_poliisi_jt-672x504.jpg\"\/><\/p>\n<p>                        <img loading=\"lazy\" decoding=\"async\" alt=\"Como.fi\" width=\"16\" height=\"16\" class=\"perfmatters-lazy\" src=\"https:\/\/www.europesays.com\/fi\/wp-content\/uploads\/2026\/06\/1781374396_233_favicon-16x16.png\"\/><\/p>\n<p>    <\/a><\/p>\n<p>    <a class=\"block\" href=\"https:\/\/www.inferno.fi\/uutiset\/uusi-ylen-dokkarisarja-pureutuu-suomalaisen-metallimusiikin-eri-aikakausiin-vaihtuvina-kertojina-nimekkaita-tekijoita\/\" rel=\"nofollow noopener\" target=\"_blank\"><br \/>\n        <img loading=\"lazy\" height=\"448\" width=\"672\" class=\"attachment-large_post_image size-large_post_image sp-no-webp perfmatters-lazy\" alt=\"Uusi Ylen dokkarisarja pureutuu suomalaisen metallimusiikin eri aikakausiin \u2013 vaihtuvina kertojina nimekk\u00e4it\u00e4 tekij\u00f6it\u00e4\" decoding=\"async\" src=\"https:\/\/www.europesays.com\/fi\/wp-content\/uploads\/2026\/06\/amorphis-10-2-672x448.jpg\"  data-\/><br \/>\n    <\/a><\/p>\n<p>    <a class=\"block\" href=\"https:\/\/www.inferno.fi\/uutiset\/turmion-katilot-saa-jaahallispektaakkeliinsa-lisavoimia-australiasta-ja-lahdesta\/\" rel=\"nofollow noopener\" target=\"_blank\"><br \/>\n        <img loading=\"lazy\" height=\"378\" width=\"672\" class=\"attachment-large_post_image size-large_post_image sp-no-webp perfmatters-lazy\" alt=\"Turmion K\u00e4til\u00f6t saa j\u00e4\u00e4hallispektaakkeliinsa lis\u00e4voimia Australiasta ja Lahdesta\" decoding=\"async\" src=\"https:\/\/www.europesays.com\/fi\/wp-content\/uploads\/2026\/06\/turmion-katilot-2024-8-21-672x378.jpg\"  data-\/><br \/>\n    <\/a><\/p>\n<p>    <a class=\"block\" href=\"https:\/\/www.inferno.fi\/uutiset\/death-angel-kitaristi-nimeaa-asian-joka-monissa-nykypaivan-bandeissa-ja-soittajissa-narastaa-tarkoitukseni-ei-ole-haukkua-mutta\/\" rel=\"nofollow noopener\" target=\"_blank\"><br \/>\n        <img loading=\"lazy\" height=\"489\" width=\"672\" class=\"attachment-large_post_image size-large_post_image sp-no-webp perfmatters-lazy\" alt=\"Death Angel -kitaristi nime\u00e4\u00e4 asian, joka monissa nykyp\u00e4iv\u00e4n b\u00e4ndeiss\u00e4 ja soittajissa n\u00e4r\u00e4st\u00e4\u00e4 \u2013 \u201dTarkoitukseni ei ole haukkua, mutta\u2026\u201d\" decoding=\"async\" src=\"https:\/\/www.europesays.com\/fi\/wp-content\/uploads\/2026\/06\/161857921773-672x489.jpg\"  data-\/><br \/>\n    <\/a><\/p>\n<p>    <a class=\"block\" href=\"https:\/\/www.inferno.fi\/uutiset\/archspire-vastaa-suureen-kysyntaan-lisakeikka-suomeen\/\" rel=\"nofollow noopener\" target=\"_blank\"><br \/>\n        <img loading=\"lazy\" height=\"504\" width=\"672\" class=\"attachment-large_post_image size-large_post_image sp-no-webp perfmatters-lazy\" alt=\"Archspire vastaa suureen kysynt\u00e4\u00e4n: lis\u00e4keikka Suomeen\" decoding=\"async\" src=\"https:\/\/www.europesays.com\/fi\/wp-content\/uploads\/2026\/06\/archspire-tour2026-banner-672x504.jpg\"  data-\/><br \/>\n    <\/a><\/p>\n","protected":false},"excerpt":{"rendered":"Kotimainen melodeath-yhtye I Am Your God on julkaissut oman versionsa Iron Maidenin Seventh Son of a Seventh Son&hellip;\n","protected":false},"author":2,"featured_media":276100,"comment_status":"","ping_status":"","sticky":false,"template":"","format":"standard","meta":{"footnotes":"","_share_on_mastodon":"0"},"categories":[132],"tags":[806,137,3149,33,31,30,195,47,32,109],"class_list":["post-276099","post","type-post","status-publish","format-standard","has-post-thumbnail","category-musiikki","tag-cover","tag-entertainment","tag-ep","tag-fi","tag-finland","tag-finnish","tag-music","tag-musiikki","tag-suomi","tag-viihde"],"share_on_mastodon":{"url":"https:\/\/pubeurope.com\/@fi\/116744879747918888","error":""},"_links":{"self":[{"href":"https:\/\/www.europesays.com\/fi\/wp-json\/wp\/v2\/posts\/276099","targetHints":{"allow":["GET"]}}],"collection":[{"href":"https:\/\/www.europesays.com\/fi\/wp-json\/wp\/v2\/posts"}],"about":[{"href":"https:\/\/www.europesays.com\/fi\/wp-json\/wp\/v2\/types\/post"}],"author":[{"embeddable":true,"href":"https:\/\/www.europesays.com\/fi\/wp-json\/wp\/v2\/users\/2"}],"replies":[{"embeddable":true,"href":"https:\/\/www.europesays.com\/fi\/wp-json\/wp\/v2\/comments?post=276099"}],"version-history":[{"count":0,"href":"https:\/\/www.europesays.com\/fi\/wp-json\/wp\/v2\/posts\/276099\/revisions"}],"wp:featuredmedia":[{"embeddable":true,"href":"https:\/\/www.europesays.com\/fi\/wp-json\/wp\/v2\/media\/276100"}],"wp:attachment":[{"href":"https:\/\/www.europesays.com\/fi\/wp-json\/wp\/v2\/media?parent=276099"}],"wp:term":[{"taxonomy":"category","embeddable":true,"href":"https:\/\/www.europesays.com\/fi\/wp-json\/wp\/v2\/categories?post=276099"},{"taxonomy":"post_tag","embeddable":true,"href":"https:\/\/www.europesays.com\/fi\/wp-json\/wp\/v2\/tags?post=276099"}],"curies":[{"name":"wp","href":"https:\/\/api.w.org\/{rel}","templated":true}]}}