{"id":276185,"date":"2026-06-13T23:48:25","date_gmt":"2026-06-13T23:48:25","guid":{"rendered":"https:\/\/www.europesays.com\/fi\/276185\/"},"modified":"2026-06-13T23:48:25","modified_gmt":"2026-06-13T23:48:25","slug":"emmerdale-tahti-kertoo-sarjan-pahan-pojan-cain-dinglen-kohtalosta","status":"publish","type":"post","link":"https:\/\/www.europesays.com\/fi\/276185\/","title":{"rendered":"Emmerdale-t\u00e4hti kertoo sarjan pahan pojan Cain Dinglen kohtalosta"},"content":{"rendered":"<p>            ITV\/Shutterstock\/All Over Press\n        <\/p>\n<p class=\"subtitle \">Brittisarjan komistuksesta ja pahasta pojasta tulee pian esiin herkempi puoli.<\/p>\n<p class=\"article-content article-content-width !bg-background\">Emmerdalessa Cain Dingle\u00e4 esitt\u00e4v\u00e4 , 56, kertoo ikonisen hahmonsa uusista koitoksista.\u00a0<\/p>\n<p class=\"font-weight-bold m-font-weight-bold article-content article-content-width !bg-background\">Videolla n\u00e4yttelij\u00e4t paljastavat lempiuimapaikkansa.<\/p>\n<p class=\"article-content article-content-width !bg-background\">Vuonna 2000 Emmerdalessa aloittanut Jeff Hordley on esitt\u00e4nyt Caini\u00e4 yhteens\u00e4 23 vuotta. Jeffin ensimm\u00e4inen visiitti sarjassa kesti vuoteen 2006 asti. Paluu kyl\u00e4\u00e4n koitti vuonna 2009, jonka j\u00e4lkeen h\u00e4n on kuulunut rakastettuun vakiokaartiin.<\/p>\n<p>        <a itemprop=\"url\" href=\"https:\/\/www.seiska.fi\/katso\/emmerdale-tahti-avautuu-rajuista-hyvaksikayttokohtauksistaan\/2171948\" rel=\"nofollow noopener\" target=\"_blank\"><\/p>\n<p>\nEmmerdale-t\u00e4hti:\n<\/p>\n<p class=\"section-date\">\n        <strong class=\"article-section\" data-section=\"katso\"><br \/>\n            katso<br \/>\n        <\/strong><br \/>\n        6.6. 09:15\n    <\/p>\n<p>Emmerdale-t\u00e4hti avautuu rajuista hyv\u00e4ksik\u00e4ytt\u00f6kohtauksistaan\n    <\/p>\n<p itemprop=\"description\" class=\"subtitle \">\n    Charityn k\u00e4\u00e4nteet haastoivat Emmerdale-ikonin.\n<\/p>\n<p>        <\/a><\/p>\n<p>Cain saa shokkidiagnoosin<\/p>\n<p class=\"article-content article-content-width !bg-background\">Zak Dinglen () kuoltua Cain on totutellut rooliinsa suvun patriarkkana. Cainin hahmo on monessa liemess\u00e4 keitetty rakastettava lurjus, jonka osalle on luvassa vilunkipeli\u00e4 ja isoja yll\u00e4tyksi\u00e4 jatkossakin.<\/p>\n<p class=\"article-content article-content-width !bg-background\">Isossa-Britanniassa meneill\u00e4\u00e4n olevissa jaksoissa Cain joutuu kovan paikan eteen, kun h\u00e4nell\u00e4 todetaan eturauhassy\u00f6p\u00e4. Aihetta k\u00e4sitell\u00e4\u00e4n my\u00f6s Emmerdalen erikoisjaksossa, joka keskittyy diagnoosin Cainiss\u00e4 her\u00e4tt\u00e4m\u00e4\u00e4n sis\u00e4iseen myllerrykseen. Suomessa Cainin sy\u00f6p\u00e4taistelu n\u00e4hd\u00e4\u00e4n ruudussa runsaan vuoden kuluttua.<\/p>\n<p>                <img decoding=\"async\" src=\"https:\/\/www.europesays.com\/fi\/wp-content\/uploads\/2026\/06\/2177469.webp\" width=\"576\" height=\"274\" title=\"Cain on huolissaan terveydest\u00e4\u00e4n.\" alt=\"Emmerdale Cain\" loading=\"lazy\" \/>            <\/p>\n<p>\n            Cain on huolissaan terveydest\u00e4\u00e4n.<br \/>\n            ITV\n        <\/p>\n<p class=\"article-content article-content-width !bg-background\">\u2013 Jakso on tavallaan kokonaan keskittynyt Cainiin, eik\u00e4 siin\u00e4 ole juuri muita ohjelman n\u00e4yttelij\u00f6it\u00e4 paitsi lopussa, miss\u00e4 n\u00e4kyy toinen n\u00e4yttelij\u00e4 Cainin kanssa, Jeff Hordley kertoo spesiaalijaksostaan\u00a0<a href=\"https:\/\/www.youtube.com\/watch?v=8xYQ3hMG58c\" target=\"_blank\" rel=\"nofollow noopener\">This Morning<\/a> -ohjelman haastattelussa.\u00a0<\/p>\n<p>        <a itemprop=\"url\" href=\"https:\/\/www.seiska.fi\/katso\/tuukka-ja-olga-temosen-lapsilla-erikoinen-asumiskuvio\/2173455\" rel=\"nofollow noopener\" target=\"_blank\"><\/p>\n<p>\nTuukka Temosen\n<\/p>\n<p class=\"section-date\">\n        <strong class=\"article-section\" data-section=\"katso\"><br \/>\n            katso<br \/>\n        <\/strong><br \/>\n        7.6. 09:15\n    <\/p>\n<p>Tuukka ja Olga Temosen lapsilla erikoinen asumiskuvio\n    <\/p>\n<p itemprop=\"description\" class=\"subtitle \">\n    Temosten lapset asuvat poikkeuksellisella tavalla.\n<\/p>\n<p>        <\/a><\/p>\n<p>Herkk\u00e4 puoli paljastuu<\/p>\n<p class=\"article-content article-content-width !bg-background\">N\u00e4yttelij\u00e4 pit\u00e4\u00e4 hahmolleen kirjoitettua merkitt\u00e4v\u00e4\u00e4 juonenk\u00e4\u00e4nnett\u00e4 ja vakavaa sairautta kunnianosoituksena.<\/p>\n<p class=\"article-content article-content-width !bg-background\">\u2013 Olin todella otettu, ett\u00e4 t\u00e4m\u00e4 annettiin minulle. Mielest\u00e4ni Cain on oikea hahmo kertomaan t\u00e4m\u00e4n tarinan ja ehk\u00e4 siksi se annettiin minulle, koska h\u00e4n on v\u00e4h\u00e4sanainen mies. Tarkoituksena on saada miehet puhumaan enemm\u00e4n, Jeff tuumaa\u00a0This Morning -ohjelmassa.<\/p>\n<p class=\"article-content article-content-width !bg-background\">Juonen my\u00f6t\u00e4 katsojat tulevat n\u00e4kem\u00e4\u00e4n Emmerdalen pahasta pojasta toisen puolen.<\/p>\n<p>                <img decoding=\"async\" src=\"https:\/\/www.europesays.com\/fi\/wp-content\/uploads\/2026\/06\/2177656.webp\" width=\"576\" height=\"274\" title=\"Cain l\u00f6yt\u00e4\u00e4 itsest\u00e4\u00e4n tunteita, joita ei tiennyt olevan olemassakaan.\" alt=\"Emmerdale Cain Emmerdale Moira\" loading=\"lazy\" \/>            <\/p>\n<p>\n            Cain l\u00f6yt\u00e4\u00e4 itsest\u00e4\u00e4n tunteita, joita ei tiennyt olevan olemassakaan.<br \/>\n            ITV\n        <\/p>\n<p class=\"article-content article-content-width !bg-background\">\u2013 Saamme n\u00e4hd\u00e4, ett\u00e4 t\u00e4m\u00e4 mies ei ole sit\u00e4, mit\u00e4 ajattelemme h\u00e4nen olevan, milt\u00e4 h\u00e4n ulosp\u00e4in n\u00e4ytt\u00e4\u00e4. T\u00e4llainen alfauros, t\u00e4m\u00e4 kova mies, h\u00e4n onkin todella haavoittuvainen, mit\u00e4 ajattelen, ett\u00e4 me kaikki olemme syv\u00e4ll\u00e4 sisimm\u00e4ss\u00e4mme. Mutta osa meist\u00e4 peitt\u00e4\u00e4 sen tietyin naamioin ja t\u00e4m\u00e4 hahmo todellakin tekee niin, Jeff kuvailee Caini\u00e4.<\/p>\n<p>        <a itemprop=\"url\" href=\"https:\/\/www.seiska.fi\/katso\/emmerdalen-juonipaljastukset-ella-hyokkaa-liamin-kimppuun\/2171494\" rel=\"nofollow noopener\" target=\"_blank\"><\/p>\n<p>\nEmmerdalen juonipaljastukset:\n<\/p>\n<p class=\"section-date\">\n        <strong class=\"article-section\" data-section=\"katso\"><br \/>\n            katso<br \/>\n        <\/strong><br \/>\n        10.6. 07:15\n    <\/p>\n<p>Emmerdalen juonipaljastukset: Ella hy\u00f6kk\u00e4\u00e4 Liamin kimppuun\n    <\/p>\n<p itemprop=\"description\" class=\"subtitle \">\n    Ensi viikon Emmerdalessa Ella uhkailee veitsell\u00e4, vanha suola janottaa Jacobia ja Marlon luulee Aprilin olevan kuollut.\n<\/p>\n<p>        <\/a><\/p>\n<p>Rakkaus punnitaan<\/p>\n<p class=\"article-content article-content-width !bg-background\">Cainin tilanteen tekee viel\u00e4 haastavammaksi se, ett\u00e4 my\u00f6s puoliso Moira () on samaan aikaan pahassa pulassa. Vaikeissa hetkiss\u00e4 punnitaan pariskunnan rakkaus ja sitoutuminen.<\/p>\n<p class=\"article-content article-content-width !bg-background\">\u2013 T\u00e4m\u00e4 tulee olemaan lopulta my\u00f6s rakkaustarina, joka testaa Caini\u00e4 ja Moiraa, Jeff kuvailee.<\/p>\n<p>                <img decoding=\"async\" src=\"https:\/\/www.europesays.com\/fi\/wp-content\/uploads\/2026\/06\/2177460.webp\" width=\"576\" height=\"274\" title=\"Cainin puoliso Moira sairasti Emmerdalessa hetki sitten.\" alt=\"Emmerdale Moira Emmerdale Cain\" loading=\"lazy\" \/>            <\/p>\n<p>\n            Cainin puoliso Moira sairasti Emmerdalessa hetki sitten.<br \/>\n            ITV\n        <\/p>\n<p class=\"article-content article-content-width !bg-background\">Emmerdalessa on aiemminkin k\u00e4sitelty hahmojen tarinoiden kautta vakavia sairauksia. Moiralle tehtiin vaativa leikkaus aivokasvaimen vuoksi. Cainin sisko Chas () selvisi rintasy\u00f6v\u00e4st\u00e4, ja my\u00f6s sisarusten Faith-\u00e4idill\u00e4 () oli sy\u00f6p\u00e4.<\/p>\n<p>        <a itemprop=\"url\" href=\"https:\/\/www.seiska.fi\/katso\/emmerdale-tahti-natalie-50-paljastaa-traagisen-syyn-naimattomuudelleen\/1985843\" rel=\"nofollow noopener\" target=\"_blank\"><\/p>\n<p>\nEmmerdale-t\u00e4hti avoimena\n<\/p>\n<p class=\"section-date\">\n        <strong class=\"article-section\" data-section=\"katso\"><br \/>\n            katso<br \/>\n        <\/strong><br \/>\n        8.11.2025 07:15\n    <\/p>\n<p>Emmerdale-t\u00e4hti Natalie, 50, paljastaa traagisen syyn naimattomuudelleen\n    <\/p>\n<p itemprop=\"description\" class=\"subtitle \">\n    Suosikkisarjan n\u00e4yttelij\u00e4ll\u00e4 Natalie J. Robbilla on ollut ep\u00e4onnea rakkaudessa.\n<\/p>\n<p>        <\/a><\/p>\n<p>Tutkiminen on t\u00e4rke\u00e4\u00e4<\/p>\n<p class=\"article-content article-content-width !bg-background\">\u2013 T\u00e4m\u00e4 on ensimm\u00e4inen iso sairaus, mit\u00e4 hahmolleni Cainille on annettu ja haluan tehd\u00e4 osani, ett\u00e4 katsojat pystyv\u00e4t samaistumaan t\u00e4h\u00e4n matkaan, jonka niin moni perhe joutuu valitettavasti k\u00e4ym\u00e4\u00e4n l\u00e4pi, Jeff kertoo ITV:n tiedotteessa roolihahmonsa sy\u00f6v\u00e4st\u00e4.<\/p>\n<p class=\"article-content article-content-width !bg-background\">Cainin eturauhassy\u00f6v\u00e4n vuoksi Jeff hakeutui itsekin eturauhasen terveytt\u00e4 mittaavaan verikokeeseen eli PSA-testiin. H\u00e4n painottaakin tutkimisen t\u00e4rkeytt\u00e4.<\/p>\n<p>        <a itemprop=\"url\" href=\"https:\/\/www.seiska.fi\/katso\/rakastettu-everwood-sarja-teki-paluun-talta-nayttelijat-nayttavat-nykyaan\/2168894\" rel=\"nofollow noopener\" target=\"_blank\"><\/p>\n<p>\nSuosikkisarja Everwood teki paluun\n<\/p>\n<p class=\"section-date\">\n        <strong class=\"article-section\" data-section=\"katso\"><br \/>\n            katso<br \/>\n        <\/strong><br \/>\n        6.6. 13:15\n    <\/p>\n<p>Rakastettu Everwood-sarja teki paluun \u2013 t\u00e4lt\u00e4 n\u00e4yttelij\u00e4t n\u00e4ytt\u00e4v\u00e4t nyky\u00e4\u00e4n\n    <\/p>\n<p itemprop=\"description\" class=\"subtitle \">\n    L\u00e4mminhenkinen draamasarja Everwood on j\u00e4lleen katsottavissa.\n<\/p>\n<p>        <\/a><\/p>\n<p class=\"article-content article-content-width !bg-background\">\u2013 Se on tavallaan se, mit\u00e4 haluamme. Jos t\u00e4m\u00e4 saa 50 ihmist\u00e4, 10 ihmist\u00e4, viisi ihmist\u00e4 menem\u00e4\u00e4n l\u00e4\u00e4k\u00e4riin ja selvitt\u00e4m\u00e4\u00e4n asian. Koska kyseess\u00e4 on sairaus, josta ei tied\u00e4 ja joskus se on oireeton, Jeff kertoo\u00a0<a href=\"https:\/\/www.express.co.uk\/showbiz\/tv-radio\/2199626\/emmerdale-s-jeff-hordley-gets-psa-test-after-filming-cain-dingle-cancer-plot\" target=\"_blank\" rel=\"nofollow noopener\">Daily Expressin\u00a0<\/a>jutussa.<\/p>\n<p>Pahan pojan charmi puree<\/p>\n<p class=\"article-content article-content-width !bg-background\">Cain kuuluu fanien keskuudessa Emmerdalen kestosuosikkeihin. Rakastettava roisto her\u00e4tt\u00e4\u00e4 tunteita puolesta ja vastaan.<\/p>\n<p class=\"article-content article-content-width !bg-background\">\u2013 Uskon, ett\u00e4 ihmisill\u00e4 on taipumus pit\u00e4\u00e4 konnista ja pahiksista ja he tykk\u00e4\u00e4v\u00e4t niist\u00e4, jotka ovat alakynness\u00e4, niin kuin Dinglejen perhe on, Jeff pohtii\u00a0<a href=\"https:\/\/eastieoaks.com\/2022\/09\/29\/emmerdale-50th-anniversary-interview-with-jeff-hordley\/\" target=\"_blank\" rel=\"nofollow noopener\">Eastieoaksin<\/a>\u00a0haastattelussa Cainin vetovoiman salaisuutta.<\/p>\n<p>                <img decoding=\"async\" src=\"https:\/\/www.europesays.com\/fi\/wp-content\/uploads\/2026\/06\/2177723.webp\" width=\"576\" height=\"274\" title=\"Cainill\u00e4 oli aikoinaan intohimoinen suhde Charityn kanssa.\" alt=\"Emmerdale Charity Emmerdale Cain\" loading=\"lazy\" \/>            <\/p>\n<p>\n            Cainill\u00e4 oli aikoinaan intohimoinen suhde Charityn kanssa.<br \/>\n            ITV\/Shutterstock\/All Over Press\n        <\/p>\n<p class=\"article-content article-content-width !bg-background\">Cain on kasvanut vuosien mittaan monitahoisemmaksi persoonaksi. Kovan kuoren alla piilee my\u00f6s pehmeytt\u00e4.<\/p>\n<p class=\"article-content article-content-width !bg-background\">\u2013 Pid\u00e4n siit\u00e4, ett\u00e4 mit\u00e4 vanhemmaksi h\u00e4n tulee, hahmoon on lis\u00e4tty kerroksia. H\u00e4n ei ole en\u00e4\u00e4 se yksin\u00e4inen operoija, joka oli Dinglen perheen huipulla ja jolla ei ollut yht\u00e4\u00e4n yst\u00e4v\u00e4\u00e4, Jeff kuvailee.<\/p>\n<p>Kokemusta terveyshaasteista<\/p>\n<p class=\"article-content article-content-width !bg-background\">Jeff Hordleylt\u00e4 l\u00f6ytyy omakohtaistakin kokemusta siit\u00e4, millaista on kun oma terveys tuottaa huolta ja vaivaa. H\u00e4n on sairastanut Crohnin tautia jo parikymppisest\u00e4 asti. Tulehduksellinen suolistosairaus on vienyt n\u00e4yttelij\u00e4n my\u00f6s sairaalaan. Nyky\u00e4\u00e4n terveelliset elintavat auttavat Jeffi\u00e4 pit\u00e4m\u00e4\u00e4n sairauden aisoissa.<\/p>\n<p>                <img decoding=\"async\" src=\"https:\/\/www.europesays.com\/fi\/wp-content\/uploads\/2026\/06\/2177715.webp\" width=\"576\" height=\"274\" title=\"Emmerdale-kollegat Zo\u00eb Henry ja Jeff Hordley ovat olleet vuosikymmeni\u00e4 yhdess\u00e4.\" alt=\"Emmerdale Zoe Henry Jeff Hordley\" loading=\"lazy\" \/>            <\/p>\n<p>\n            Emmerdale-kollegat Zo\u00eb Henry ja Jeff Hordley ovat olleet vuosikymmeni\u00e4 yhdess\u00e4.<br \/>\n            ITV\/Shutterstock\/All Over Press\n        <\/p>\n<p class=\"article-content article-content-width !bg-background\">Jeff on yhdess\u00e4 Rhona Goskirki\u00e4\u00a0Emmerdalessa\u00a0esitt\u00e4v\u00e4n kollegansa\u00a0 kanssa, johon h\u00e4n tutustui jo opiskeluaikana. Pariskunta meni naimisiin vuonna 2003 ja heill\u00e4 on kaksi lasta.<\/p>\n<p>        <a itemprop=\"url\" href=\"https:\/\/www.seiska.fi\/katso\/mita-ihmetta-emmerdalesta-tutulta-parilta-tyly-paatos\/2053892\" rel=\"nofollow noopener\" target=\"_blank\"><\/p>\n<p>\nEmmerdale\n<\/p>\n<p class=\"section-date\">\n        <strong class=\"article-section\" data-section=\"katso\"><br \/>\n            katso<br \/>\n        <\/strong><br \/>\n        24.1. 07:15\n    <\/p>\n<p>Mit\u00e4 ihmett\u00e4? Emmerdalesta tutulta parilta tyly p\u00e4\u00e4t\u00f6s\n    <\/p>\n<p itemprop=\"description\" class=\"subtitle \">\n    Tosiel\u00e4m\u00e4n t\u00e4htipari tahtoo pit\u00e4\u00e4 ty\u00f6n ja kotiel\u00e4m\u00e4n erill\u00e4\u00e4n.\n<\/p>\n<p>        <\/a><\/p>\n<p class=\"article-content article-content-width !bg-background\">Emmerdale MTV3:lla maanantaista perjantaihin.<\/p>\n","protected":false},"excerpt":{"rendered":"ITV\/Shutterstock\/All Over Press Brittisarjan komistuksesta ja pahasta pojasta tulee pian esiin herkempi puoli. Emmerdalessa Cain Dingle\u00e4 esitt\u00e4v\u00e4 ,&hellip;\n","protected":false},"author":2,"featured_media":276186,"comment_status":"","ping_status":"","sticky":false,"template":"","format":"standard","meta":{"footnotes":"","_share_on_mastodon":"0"},"categories":[136],"tags":[23578,407,1192,4659,7849,1186,23352,137,9478,33,31,30,101,19770,408,34084,905,32,109,25519],"class_list":["post-276185","post","type-post","status-publish","format-standard","has-post-thumbnail","category-julkkikset","tag-cain-dingle","tag-celebrities","tag-draamasarja","tag-emmerdale","tag-emmerdale-cain","tag-emmerdale-juonipaljastukset","tag-emmerdale-natalie-j-robb","tag-entertainment","tag-eturauhassyopa","tag-fi","tag-finland","tag-finnish","tag-ihmissuhteet","tag-jeff-hordley","tag-julkkikset","tag-moira","tag-mtv3","tag-suomi","tag-viihde","tag-zoe-henry"],"share_on_mastodon":{"url":"https:\/\/pubeurope.com\/@fi\/116745477323203286","error":""},"_links":{"self":[{"href":"https:\/\/www.europesays.com\/fi\/wp-json\/wp\/v2\/posts\/276185","targetHints":{"allow":["GET"]}}],"collection":[{"href":"https:\/\/www.europesays.com\/fi\/wp-json\/wp\/v2\/posts"}],"about":[{"href":"https:\/\/www.europesays.com\/fi\/wp-json\/wp\/v2\/types\/post"}],"author":[{"embeddable":true,"href":"https:\/\/www.europesays.com\/fi\/wp-json\/wp\/v2\/users\/2"}],"replies":[{"embeddable":true,"href":"https:\/\/www.europesays.com\/fi\/wp-json\/wp\/v2\/comments?post=276185"}],"version-history":[{"count":0,"href":"https:\/\/www.europesays.com\/fi\/wp-json\/wp\/v2\/posts\/276185\/revisions"}],"wp:featuredmedia":[{"embeddable":true,"href":"https:\/\/www.europesays.com\/fi\/wp-json\/wp\/v2\/media\/276186"}],"wp:attachment":[{"href":"https:\/\/www.europesays.com\/fi\/wp-json\/wp\/v2\/media?parent=276185"}],"wp:term":[{"taxonomy":"category","embeddable":true,"href":"https:\/\/www.europesays.com\/fi\/wp-json\/wp\/v2\/categories?post=276185"},{"taxonomy":"post_tag","embeddable":true,"href":"https:\/\/www.europesays.com\/fi\/wp-json\/wp\/v2\/tags?post=276185"}],"curies":[{"name":"wp","href":"https:\/\/api.w.org\/{rel}","templated":true}]}}