{"id":276356,"date":"2026-06-14T06:03:11","date_gmt":"2026-06-14T06:03:11","guid":{"rendered":"https:\/\/www.europesays.com\/fi\/276356\/"},"modified":"2026-06-14T06:03:11","modified_gmt":"2026-06-14T06:03:11","slug":"erika-helin-elaa-kodittomana-suomessa-asuu-autossa","status":"publish","type":"post","link":"https:\/\/www.europesays.com\/fi\/276356\/","title":{"rendered":"Erika Helin el\u00e4\u00e4 kodittomana Suomessa &#8211; asuu autossa"},"content":{"rendered":"<p>\n            20230915 Helsinki Kuvassa Erika HelinKuva: Tomi Natri<br \/>\n            Tomi Natri\n        <\/p>\n<p class=\"subtitle \">Viisi vuotta Maltalla asunut Onlyfans-t\u00e4hti on palannut Suomeen. H\u00e4n kertoo Seiskalle erikoisesta ratkaisustaan.<\/p>\n<p class=\"article-content article-content-width !bg-background\">Onlyfans-t\u00e4hti <a href=\"https:\/\/www.seiska.fi\/listaus\/sana\/erika%20helin\" target=\"_blank\" style=\"font-size:1.125rem\" rel=\"nofollow noopener\">Erika Helin<\/a> saapui somevaikuttaja ja podcast-juontaja <a href=\"https:\/\/www.seiska.fi\/listaus\/sana\/nico%20lingman\" target=\"_blank\" style=\"font-size:1.125rem\" rel=\"nofollow noopener\">Nico Lingmanin<\/a>\u00a0Sodassa ja rakkaudessa -kirjan julkaisutilaisuuteen hyv\u00e4ntuulisena.<\/p>\n<p class=\"article-content article-content-width !bg-background\">Tilaisuuden yhteydess\u00e4 Erika kertoi Seiskalle kuulumisiaan. H\u00e4n mainitsi, ettei ole mik\u00e4\u00e4n varsinainen lukutoukka, vaan nauttii tarinansa mieluummin \u00e4\u00e4nikirjoina. <\/p>\n<p class=\"article-content article-content-width !bg-background\">H\u00e4nell\u00e4 on my\u00f6s pudottaa todellinen uutispommi:<\/p>\n<p class=\"article-content article-content-width !bg-background\">\u2013 M\u00e4 olen siis nyky\u00e4\u00e4n\u00a0koditon!<\/p>\n<p class=\"article-content article-content-width !bg-background\">Erika kertoo asuneensa Maltalla viiden vuoden ajan, mutta p\u00e4\u00e4tt\u00e4neens\u00e4 lopulta luopua paratiisiasunnostaan.<\/p>\n<p class=\"article-content article-content-width !bg-background\">\u2013 Viime vuonna m\u00e4 pistin k\u00e4mp\u00e4n pois.\u00a0Asuin Maltalla\u00a0viisi vuotta, mutta\u00a0sitten\u00a0mulla meni siihen maku, Erika tilitt\u00e4\u00e4.<\/p>\n<p>        <a itemprop=\"url\" href=\"https:\/\/www.seiska.fi\/kotimaa\/kristian-heiskari-uhitteli-erika-helinille-nain-han-kommentoi\/2153516\" rel=\"nofollow noopener\" target=\"_blank\"><\/p>\n<p>\nKristian Heiskari uhitteli Erika Helinille\n<\/p>\n<p class=\"section-date\">\n        <strong class=\"article-section\" data-section=\"kotimaa\"><br \/>\n            kotimaa<br \/>\n        <\/strong><br \/>\n        4.6. 19:00\n    <\/p>\n<p>Kristian Heiskari uhitteli Erika Helinille \u2013 n\u00e4in h\u00e4n kommentoi\n    <\/p>\n<p itemprop=\"description\" class=\"subtitle \">\n    Erika ja Kristian ajautuivat kiistaan.\n<\/p>\n<p>        <\/a><\/p>\n<p>                <img decoding=\"async\" src=\"https:\/\/www.europesays.com\/fi\/wp-content\/uploads\/2026\/06\/1811173.webp\" width=\"576\" height=\"274\" alt=\"Erika Helin kertoi Seiskalle luopuneensa Maltan-asunnostaan ja viett\u00e4v\u00e4ns\u00e4 kes\u00e4ns\u00e4 poikkeuksellisissa olosuhteissa. Vaikuttajan mukaan uusi koti voi l\u00f6yty\u00e4 mist\u00e4 p\u00e4in maailmaa tahansa.\" loading=\"lazy\" \/>            <\/p>\n<p>\n            Erika Helin kertoi Seiskalle luopuneensa Maltan-asunnostaan ja viett\u00e4v\u00e4ns\u00e4 kes\u00e4ns\u00e4 poikkeuksellisissa olosuhteissa. Vaikuttajan mukaan uusi koti voi l\u00f6yty\u00e4 mist\u00e4 p\u00e4in maailmaa tahansa.<br \/>\n            Seiska\n        <\/p>\n<p class=\"article-content article-content-width !bg-background\">Suomalaisesta ajatus voi tuntua erikoiselta. Harva luopuisi vapaaehtoisesti kodistaan V\u00e4limeren auringon alla, mutta Erikalle p\u00e4\u00e4t\u00f6s oli lopulta helppo.<\/p>\n<p class=\"article-content article-content-width !bg-background\">H\u00e4nen mukaansa syy oli yksinkertainen:<\/p>\n<p class=\"article-content article-content-width !bg-background\">\u2013 No siis siell\u00e4 oli tyls\u00e4\u00e4, sanotaanko n\u00e4in. Se on aika pieni maa. Siell\u00e4 on noin 500 000 ihmist\u00e4, ja kun on viisi vuotta asunut siell\u00e4, niin sit\u00e4 tavallaan tiet\u00e4\u00e4 ja tuntee kaikki \u2013 ja sitten kaikki on n\u00e4hty.<\/p>\n<p class=\"article-content article-content-width !bg-background\">Maltalta Erika suuntasi Thaimaahan, jossa h\u00e4n kertoo viett\u00e4neens\u00e4 yhteens\u00e4 noin yhdeks\u00e4n kuukautta. Nyt kaunotar on palannut takaisin koto-Suomeen \u2013 tosin ilman kotia!<\/p>\n<p>        <a itemprop=\"url\" href=\"https:\/\/www.seiska.fi\/kotimaa\/erika-helin-avautuu-kohurealitysta\/2144657\" rel=\"nofollow noopener\" target=\"_blank\"><\/p>\n<p>\nTv-sarjasta poistettu Erika Helin\n<\/p>\n<p class=\"section-date\">\n        <strong class=\"article-section\" data-section=\"kotimaa\"><br \/>\n            kotimaa<br \/>\n        <\/strong><br \/>\n        7.5. 08:00\n    <\/p>\n<p>Erika Helin avautuu kohurealityst\u00e4\n    <\/p>\n<p itemprop=\"description\" class=\"subtitle \">\n    Erika Helin sai l\u00e4ht\u00f6passit Pacthouse-realitysarjasta.\n<\/p>\n<p>        <\/a><\/p>\n<p>&#8221;Ostin Opelin ja laitoin sinne s\u00e4ngyn&#8221;<\/p>\n<p class=\"article-content article-content-width !bg-background\">Vaikuttajan ratkaisu asumiseen on kaikkea muuta kuin perinteinen.<\/p>\n<p class=\"article-content article-content-width !bg-background\">\u2013 M\u00e4 ostin Opel Astran \u2013 t\u00e4mm\u00f6sen vanhan, ja pistin sinne s\u00e4ngyn \u2013 ja t\u00e4m\u00e4 on nyt mun kes\u00e4n pl\u00e4\u00e4ni, Erika tirskahtaa.<\/p>\n<blockquote class=\"tiktok-embed\" cite=\"https:\/\/www.tiktok.com\/@pekonidippi\/video\/7548927296892095747\" data-video-id=\"7548927296892095747\" style=\"max-width:605px;min-width:325px\"><p>  <a target=\"_blank\" title=\"@pekonidippi\" href=\"https:\/\/www.tiktok.com\/@pekonidippi?refer=embed\" rel=\"nofollow noopener\">@pekonidippi<\/a> <\/p>\n<p>What if I fell asleep in middle of the lake <\/p>\n<p> <a target=\"_blank\" title=\"\u266c sonido original - MUSIC_TP\" href=\"https:\/\/www.tiktok.com\/music\/sonido-original-7274672415748901638?refer=embed\" rel=\"nofollow noopener\">\u266c sonido original &#8211; MUSIC_TP<\/a>  <\/p><\/blockquote>\n<p class=\"article-content article-content-width !bg-background\">H\u00e4n kertoo viett\u00e4v\u00e4ns\u00e4 kes\u00e4n Suomessa, mutta pidemm\u00e4ksi aikaa Erika ei kuitenkaan aio j\u00e4\u00e4d\u00e4.<\/p>\n<p class=\"article-content article-content-width !bg-background\">\u2013 No ei ainakaan kauhean pitk\u00e4\u00e4n. M\u00e4 toivon, ett\u00e4 kaksi\u2013kolme kuukautta viihtyisi, mutta sitten pit\u00e4\u00e4 taas ostaa lippu jonnekin.<\/p>\n<p>Avoin hakemus<\/p>\n<p class=\"article-content article-content-width !bg-background\">Suomen kes\u00e4 saa kuitenkin hyv\u00e4ksynn\u00e4n.<\/p>\n<p class=\"article-content article-content-width !bg-background\">\u2013 Niin, kes\u00e4aika on Suomessa se paras aika. Ja sitten talveksi vi**uun! kaunotar kirota p\u00e4r\u00e4ytt\u00e4\u00e4.<\/p>\n<p class=\"article-content article-content-width !bg-background\">Vaikka kes\u00e4 kuluukin auton kyydiss\u00e4, Erika ei kokonaan sulje pois mahdollisuutta l\u00f6yt\u00e4\u00e4 uutta kotia.<\/p>\n<p class=\"article-content article-content-width !bg-background\">\u2013 Joo, jos on jotain hyv\u00e4 k\u00e4mpp\u00e4 jossain, ihan miss\u00e4 p\u00e4in vaan, niin voi laittaa viesti\u00e4!<\/p>\n<p>        <a itemprop=\"url\" href=\"https:\/\/www.seiska.fi\/kotimaa\/erika-helinilta-jarkyttava-paljastus\/2152424\" rel=\"nofollow noopener\" target=\"_blank\"><\/p>\n<p>\nKohusarjalla karut seuraukset\n<\/p>\n<p class=\"section-date\">\n        <strong class=\"article-section\" data-section=\"kotimaa\"><br \/>\n            kotimaa<br \/>\n        <\/strong><br \/>\n        14.5. 10:30\n    <\/p>\n<p>Erika Helinilt\u00e4 j\u00e4rkytt\u00e4v\u00e4 paljastus\n    <\/p>\n<p itemprop=\"description\" class=\"subtitle \">\n    Onlyfans-t\u00e4hti joutuu olemaan huolissaan turvallisuudestaan.\n<\/p>\n<p>        <\/a><\/p>\n<p>                <img decoding=\"async\" src=\"https:\/\/www.europesays.com\/fi\/wp-content\/uploads\/2026\/06\/1752715.webp\" width=\"576\" height=\"720\" alt=\"Erika Helin tunnetaan vaikuttajana, mallina ja yritt\u00e4j\u00e4n\u00e4, joka on viime vuosina viett\u00e4nyt suuren osan ajastaan ulkomailla. Nyt h\u00e4nen kes\u00e4ns\u00e4 n\u00e4ytt\u00e4\u00e4 kuluvan tien p\u00e4\u00e4ll\u00e4 \u2013 ainakin toistaiseksi.\" loading=\"lazy\" \/>            <\/p>\n<p>\n            Erika Helin tunnetaan vaikuttajana, mallina ja yritt\u00e4j\u00e4n\u00e4, joka on viime vuosina viett\u00e4nyt suuren osan ajastaan ulkomailla. Nyt h\u00e4nen kes\u00e4ns\u00e4 n\u00e4ytt\u00e4\u00e4 kuluvan tien p\u00e4\u00e4ll\u00e4 \u2013 ainakin toistaiseksi.<br \/>\n            Pasi Murto\n        <\/p>\n<p>        <a itemprop=\"url\" href=\"https:\/\/www.seiska.fi\/kotimaa\/vau-mika-villikissa-tassa-on-jethro-rostedt-ilman-paitaa\/2146720\" rel=\"nofollow noopener\" target=\"_blank\"><\/p>\n<p>\nVau, mik\u00e4 villikissa!\n<\/p>\n<p class=\"section-date\">\n        <strong class=\"article-section\" data-section=\"kotimaa\"><br \/>\n            kotimaa<br \/>\n        <\/strong><br \/>\n        8.5. 19:30\n    <\/p>\n<p>Vau, mik\u00e4 villikissa \u2013 t\u00e4ss\u00e4 on Jethro Rostedt ilman paitaa\n    <\/p>\n<p itemprop=\"description\" class=\"subtitle \">\n    Jethro n\u00e4hd\u00e4\u00e4n mukana kohurealityss\u00e4.\n<\/p>\n<p>        <\/a><\/p>\n<p><script async src=\"\/\/www.tiktok.com\/embed.js\"><\/script><\/p>\n","protected":false},"excerpt":{"rendered":"20230915 Helsinki Kuvassa Erika HelinKuva: Tomi Natri Tomi Natri Viisi vuotta Maltalla asunut Onlyfans-t\u00e4hti on palannut Suomeen. H\u00e4n&hellip;\n","protected":false},"author":2,"featured_media":276357,"comment_status":"","ping_status":"","sticky":false,"template":"","format":"standard","meta":{"footnotes":"","_share_on_mastodon":"0"},"categories":[130],"tags":[4551,137,2913,33,31,30,104,11975,2636,379,6151,15588,29043,19557,6443,3705,20231,2397,32,1824,109],"class_list":["post-276356","post","type-post","status-publish","format-standard","has-post-thumbnail","category-viihde","tag-auto","tag-entertainment","tag-erika-helin","tag-fi","tag-finland","tag-finnish","tag-helsinki","tag-kaunotar","tag-kirja","tag-kirjallisuus","tag-malli","tag-malta","tag-maltalla","tag-matkustelu","tag-nico-lingman","tag-onlyfans","tag-opel-astra","tag-seiska","tag-suomi","tag-valimeri","tag-viihde"],"share_on_mastodon":{"url":"https:\/\/pubeurope.com\/@fi\/116746951495075879","error":""},"_links":{"self":[{"href":"https:\/\/www.europesays.com\/fi\/wp-json\/wp\/v2\/posts\/276356","targetHints":{"allow":["GET"]}}],"collection":[{"href":"https:\/\/www.europesays.com\/fi\/wp-json\/wp\/v2\/posts"}],"about":[{"href":"https:\/\/www.europesays.com\/fi\/wp-json\/wp\/v2\/types\/post"}],"author":[{"embeddable":true,"href":"https:\/\/www.europesays.com\/fi\/wp-json\/wp\/v2\/users\/2"}],"replies":[{"embeddable":true,"href":"https:\/\/www.europesays.com\/fi\/wp-json\/wp\/v2\/comments?post=276356"}],"version-history":[{"count":0,"href":"https:\/\/www.europesays.com\/fi\/wp-json\/wp\/v2\/posts\/276356\/revisions"}],"wp:featuredmedia":[{"embeddable":true,"href":"https:\/\/www.europesays.com\/fi\/wp-json\/wp\/v2\/media\/276357"}],"wp:attachment":[{"href":"https:\/\/www.europesays.com\/fi\/wp-json\/wp\/v2\/media?parent=276356"}],"wp:term":[{"taxonomy":"category","embeddable":true,"href":"https:\/\/www.europesays.com\/fi\/wp-json\/wp\/v2\/categories?post=276356"},{"taxonomy":"post_tag","embeddable":true,"href":"https:\/\/www.europesays.com\/fi\/wp-json\/wp\/v2\/tags?post=276356"}],"curies":[{"name":"wp","href":"https:\/\/api.w.org\/{rel}","templated":true}]}}