{"id":276452,"date":"2026-06-14T08:32:14","date_gmt":"2026-06-14T08:32:14","guid":{"rendered":"https:\/\/www.europesays.com\/fi\/276452\/"},"modified":"2026-06-14T08:32:14","modified_gmt":"2026-06-14T08:32:14","slug":"kauniit-ja-rohkeat-tahtien-villi-juhannus-suomessa-ysarin-hysteria-ja-draamaa","status":"publish","type":"post","link":"https:\/\/www.europesays.com\/fi\/276452\/","title":{"rendered":"Kauniit ja rohkeat -t\u00e4htien villi juhannus Suomessa: Ys\u00e4rin hysteria ja draamaa"},"content":{"rendered":"<p>            Seiskan arkisto ja AOP\n        <\/p>\n<p class=\"subtitle \">Edes Kauniit ja rohkeat -Ericin eli John McCookin sukuelimet eiv\u00e4t saaneet olla rauhassa suomen kes\u00e4ss\u00e4 1996. Sally Spectra eli Darlene Conley oli suomalaisten suursuosikki.<\/p>\n<p class=\"article-content article-content-width !bg-background\">Ys\u00e4rin hassuihin ilmi\u00f6ihin lukeutui Kauniit ja rohkeat -sarjan n\u00e4yttelij\u00f6iden vierailut Suomessa. Aikansa julkkismanageri ja laulaja Waldon is\u00e4,  toi juhannukseksi 1996 Suomea yksityiskoneella kiert\u00e4m\u00e4\u00e4n sarjassa edelleen n\u00e4ht\u00e4v\u00e4n Ericin eli  ja vuonna 2007 edesmenneen ys\u00e4rin supersuosikin Sally Spectran eli n\u00e4yttelij\u00e4 <\/p>\n<p class=\"article-content article-content-width !bg-background\">Seiska oli seuraamassa hiukan erikoista konseptia. Nimmareita jaettiin ja l\u00e4sn\u00e4 oli niin draamaa kuin riemua. Sallyn eli Darlenen alkuraivarit koittivat, kun k\u00e4vi ilmi, ett\u00e4 n\u00e4yttelij\u00e4n matkatavarat j\u00e4iv\u00e4t Los Angelesiin.\u00a0<\/p>\n<p>                <img decoding=\"async\" src=\"https:\/\/www.europesays.com\/fi\/wp-content\/uploads\/2026\/06\/2163290.webp\" width=\"576\" height=\"327\" alt=\"Saippuasarjan t\u00e4hdet olivat kylm\u00e4n juhannuksen kunniavieraita.\" loading=\"lazy\" \/>            <\/p>\n<p>\n            Saippuasarjan t\u00e4hdet olivat kylm\u00e4n juhannuksen kunniavieraita.<br \/>\n            Seiskan arkisto\n        <\/p>\n<p class=\"article-content article-content-width !bg-background\">Seuraava mysrsky koitti, kun n\u00e4yttelij\u00f6iden &#8221;show&#8221; kesti j\u00e4rjest\u00e4j\u00e4n mukaan liian pitk\u00e4\u00e4n raviradalla, kun taukoja pidettiin aina ravil\u00e4ht\u00f6jen aikaan.<\/p>\n<p class=\"article-content article-content-width !bg-background\">\u2013 T\u00e4m\u00e4 on uskomatonta! Ei minua ole koskaan syytetty liiasta esiintymisest\u00e4, koko Suomen Sally raivosi ja artikkeli ei tarkemmin kuvannut mit\u00e4 kaatosateessa pidetty esitys sis\u00e4lsi.<\/p>\n<p>Ylily\u00f6ntej\u00e4 ja alkoholia<\/p>\n<p class=\"font-weight-normal m-font-weight-normal article-content article-content-width !bg-background\">Juhannuksena ymp\u00e4ri Suomea 3000 kilometri\u00e4 yksityiskoneella matkanneet n\u00e4yttelij\u00e4t kohtasivat suuria ja humalaisia ihmisjoukkoja. N\u00e4yttelij\u00e4t viihtyiv\u00e4t my\u00f6s itse alkoholitarjoilujen \u00e4\u00e4rell\u00e4. Tikkakisa ei sujunut kovin hyvin Ericilt\u00e4 eli Johnilta ja kaikille naisille pelk\u00e4t nimmarit eiv\u00e4t riitt\u00e4neet.<\/p>\n<p class=\"font-weight-normal m-font-weight-normal article-content article-content-width !bg-background\">Sukukalleuksien kouriminen sai Johnin jo suuttumaan, mutta Darlene puolestaan leppyi kun sai omat matkatavaransa j\u00e4lkijunassa luokseen. Johnin 53-vuotisp\u00e4iv\u00e4 vietettiin Imatralla, jossa n\u00e4yttelij\u00e4 innostui my\u00f6s soittamaan pianoa.<\/p>\n<p>                <img decoding=\"async\" src=\"https:\/\/www.europesays.com\/fi\/wp-content\/uploads\/2026\/06\/2163300.webp\" width=\"576\" height=\"663\" alt=\"Darlene oli saippuasarjan kautta aikain pidetyimpi\u00e4 n\u00e4yttelij\u00f6it\u00e4 suomalaisten keskuudessa.\" loading=\"lazy\" \/>            <\/p>\n<p>\n            Darlene oli saippuasarjan kautta aikain pidetyimpi\u00e4 n\u00e4yttelij\u00f6it\u00e4 suomalaisten keskuudessa.<\/p>\n<p>                <img decoding=\"async\" src=\"https:\/\/www.europesays.com\/fi\/wp-content\/uploads\/2026\/06\/2163310.webp\" width=\"576\" height=\"720\" alt=\"John on nykyisin jo yli kahdeksankymppinen.\" loading=\"lazy\" \/>            <\/p>\n<p>\n            John on nykyisin jo yli kahdeksankymppinen.<br \/>\n            AOP\n        <\/p>\n<p class=\"font-weight-normal m-font-weight-normal article-content article-content-width !bg-background\">\u2013 Okei, show\u00b4mme viihdytt\u00e4\u00e4 hiukan vanhempaa yleis\u00f6\u00e4, mutta n\u00e4m\u00e4 nuoret ovat todella kannustavia, Erkiksi ristitty John kuvaili festarikansaa.<\/p>\n<p>Poikkeukselliset tarvikkeet<\/p>\n<p class=\"font-weight-normal m-font-weight-normal article-content article-content-width !bg-background\">Seiska raportoi Sally Spectran hahmon valmistamisesta, josta vastasi Suomessa julkkiskampaaja  ja tytt\u00e4rens\u00e4 . Darlenen muuttuminen Sallyksi vaati Seiskan raportin mukaan litrakaupalla kahvia, tupakkaa, rauhallista pitk\u00e4j\u00e4nteisyytt\u00e4 sek\u00e4 pari kassillista meikkej\u00e4 ja hiusaineita.<\/p>\n<p>        <a itemprop=\"url\" href=\"https:\/\/www.seiska.fi\/ulkomaat\/kaunareiden-brooke-ravaytti-tyylillaan-uskomattomat-kuvat\/2115545\" rel=\"nofollow noopener\" target=\"_blank\"><\/p>\n<p>\nUskomattomat kuvat!\n<\/p>\n<p class=\"section-date\">\n        <strong class=\"article-section\" data-section=\"ulkomaat\"><br \/>\n            ulkomaat<br \/>\n        <\/strong><br \/>\n        29.3. 17:30\n    <\/p>\n<p>Kaunareiden Brooke r\u00e4v\u00e4ytti tyylill\u00e4\u00e4n \u2013 uskomattomat kuvat!\n    <\/p>\n<p itemprop=\"description\" class=\"subtitle \">\n    Brookena tunnettu Katherine Kelly Lang, 64, edusti tyrm\u00e4\u00e4v\u00e4n\u00e4 kameroiden edess\u00e4.\n<\/p>\n<p>        <\/a><\/p>\n<p class=\"font-weight-normal m-font-weight-normal article-content article-content-width !bg-background\">\u2013 Loppua kohden tunnelma parani. Viimeiset keikat olivat fiilikselt\u00e4\u00e4n todella hyvi\u00e4, Darlene kehui, vaikka totesikin Suomen primitiiviseksi, kun h\u00e4nen kultakengist\u00e4 pilkist\u00e4v\u00e4t varpaansa kastuivat kes\u00e4sateessa.<\/p>\n<p>        <a itemprop=\"url\" href=\"https:\/\/www.seiska.fi\/ulkomaat\/tunnistaisitko-ronn-mossin-nuoruuskuva-ihastuttaa\/2086170\" rel=\"nofollow noopener\" target=\"_blank\"><\/p>\n<p>\nNuoruuskuva ihastuttaa\n<\/p>\n<p class=\"section-date\">\n        <strong class=\"article-section\" data-section=\"ulkomaat\"><br \/>\n            ulkomaat<br \/>\n        <\/strong><br \/>\n        1.3. 17:00\n    <\/p>\n<p>Tunnistaisitko? Ronn Mossin nuoruuskuva ihastuttaa\n    <\/p>\n<p itemprop=\"description\" class=\"subtitle \">\n    Ronn Mossin fanit anelevat t\u00e4t\u00e4 takaisin Ridgen rooliin.\n<\/p>\n<p>        <\/a><\/p>\n<p>Kuoli Ridgen k\u00e4sivarsille<\/p>\n<p class=\"font-weight-normal m-font-weight-normal article-content article-content-width !bg-background\">Sally Spectra n\u00e4htiin Darlenen esitt\u00e4m\u00e4n\u00e4 kaikkiaan 18 vuoden aikana 1558 Kauniit ja rohkeat -jaksossa. H\u00e4n kuoli vatsasy\u00f6p\u00e4\u00e4n vain vuosi diagnoosin j\u00e4lkeen ja tarkemmin saman sarjan alkuper\u00e4isen Ridgen eri  syliin. N\u00e4yttelij\u00e4t olivat syd\u00e4nyst\u00e4vi\u00e4 ja Darlene kuollessaan 72-vuotias.<\/p>\n<p>                <img loading=\"lazy\" decoding=\"async\" src=\"https:\/\/www.europesays.com\/fi\/wp-content\/uploads\/2026\/06\/2163318.webp\" width=\"576\" height=\"716\" alt=\"Darlene noin vuosi ennen kuolemaansa 2006.\" \/>            <\/p>\n<p>\n            Darlene noin vuosi ennen kuolemaansa 2006.<br \/>\n            AOP\n        <\/p>\n<p>        <a itemprop=\"url\" href=\"https:\/\/www.seiska.fi\/ulkomaat\/harvinaiset-kuvat-tallaisessa-kodissa-kauniit-ja-rohkeat-eric-asuu\/2055062\" rel=\"nofollow noopener\" target=\"_blank\"><\/p>\n<p>\nHarvinaiset kuvat!\n<\/p>\n<p class=\"section-date\">\n        <strong class=\"article-section\" data-section=\"ulkomaat\"><br \/>\n            ulkomaat<br \/>\n        <\/strong><br \/>\n        24.1. 20:00\n    <\/p>\n<p>Harvinaiset kuvat! T\u00e4llaisessa kodissa Kauniit ja rohkeat -Eric asuu\n    <\/p>\n<p itemprop=\"description\" class=\"subtitle \">\n    N\u00e4yttelij\u00e4 asuu roolihahmonsa tapaan Los Angelesissa.\n<\/p>\n<p>        <\/a><\/p>\n","protected":false},"excerpt":{"rendered":"Seiskan arkisto ja AOP Edes Kauniit ja rohkeat -Ericin eli John McCookin sukuelimet eiv\u00e4t saaneet olla rauhassa suomen&hellip;\n","protected":false},"author":2,"featured_media":276453,"comment_status":"","ping_status":"","sticky":false,"template":"","format":"standard","meta":{"footnotes":"","_share_on_mastodon":"0"},"categories":[136],"tags":[407,37421,137,33,31,30,4871,7872,408,375,8703,32,156,109],"class_list":["post-276452","post","type-post","status-publish","format-standard","has-post-thumbnail","category-julkkikset","tag-celebrities","tag-darlene-conley","tag-entertainment","tag-fi","tag-finland","tag-finnish","tag-john-mccook","tag-juhannus","tag-julkkikset","tag-kauniit-ja-rohkeat","tag-seiska-30-vuotta-sitten","tag-suomi","tag-tv","tag-viihde"],"share_on_mastodon":{"url":"https:\/\/pubeurope.com\/@fi\/116747537819595606","error":""},"_links":{"self":[{"href":"https:\/\/www.europesays.com\/fi\/wp-json\/wp\/v2\/posts\/276452","targetHints":{"allow":["GET"]}}],"collection":[{"href":"https:\/\/www.europesays.com\/fi\/wp-json\/wp\/v2\/posts"}],"about":[{"href":"https:\/\/www.europesays.com\/fi\/wp-json\/wp\/v2\/types\/post"}],"author":[{"embeddable":true,"href":"https:\/\/www.europesays.com\/fi\/wp-json\/wp\/v2\/users\/2"}],"replies":[{"embeddable":true,"href":"https:\/\/www.europesays.com\/fi\/wp-json\/wp\/v2\/comments?post=276452"}],"version-history":[{"count":0,"href":"https:\/\/www.europesays.com\/fi\/wp-json\/wp\/v2\/posts\/276452\/revisions"}],"wp:featuredmedia":[{"embeddable":true,"href":"https:\/\/www.europesays.com\/fi\/wp-json\/wp\/v2\/media\/276453"}],"wp:attachment":[{"href":"https:\/\/www.europesays.com\/fi\/wp-json\/wp\/v2\/media?parent=276452"}],"wp:term":[{"taxonomy":"category","embeddable":true,"href":"https:\/\/www.europesays.com\/fi\/wp-json\/wp\/v2\/categories?post=276452"},{"taxonomy":"post_tag","embeddable":true,"href":"https:\/\/www.europesays.com\/fi\/wp-json\/wp\/v2\/tags?post=276452"}],"curies":[{"name":"wp","href":"https:\/\/api.w.org\/{rel}","templated":true}]}}