{"id":276506,"date":"2026-06-14T09:39:10","date_gmt":"2026-06-14T09:39:10","guid":{"rendered":"https:\/\/www.europesays.com\/fi\/276506\/"},"modified":"2026-06-14T09:39:10","modified_gmt":"2026-06-14T09:39:10","slug":"tunnetko-suomen-luonnonkukkien-salat-testaa-tietosi-yle-luonto","status":"publish","type":"post","link":"https:\/\/www.europesays.com\/fi\/276506\/","title":{"rendered":"Tunnetko Suomen luonnonkukkien salat? Testaa tietosi | Yle Luonto"},"content":{"rendered":"<p class=\"aw__sc-1qwuw0s-0 aw__sc-1vg2sqm-0 epAWpq ecELkD yle__article__paragraph\">Erotatko kasvit toisistaan ja tied\u00e4tk\u00f6 kukkien salat? Testaa, miten hyvin tunnet suomalaiset luonnonkukat seitsem\u00e4n kysymyksen visassa.<\/p>\n<p>Mets\u00e4t\u00e4hden kukinta alkaa jo toukokuussa. Video: Katri Tihil\u00e4 \/ Yle<\/p>\n<p class=\"aw__sc-1qwuw0s-0 aw__sc-ngllmo-0 epAWpq fzYpjk yle__article__paragraph\">Nyt kukkivat kasvit! T\u00e4n\u00e4\u00e4n sunnuntaina vietet\u00e4\u00e4n luonnonkukkien p\u00e4iv\u00e4\u00e4.<\/p>\n<p class=\"aw__sc-1qwuw0s-0 aw__sc-ngllmo-0 epAWpq fzYpjk yle__article__paragraph\">Minna Pyyk\u00f6n maailmassa syvennyt\u00e4\u00e4n luonnonkukkien v\u00e4rikirjoon ja ominaisuuksiin. Haastattelussa Helsingin yliopiston kasvitieteen professori Jouko Rikkinen.<\/p>\n<p><img decoding=\"async\" alt=\"\" src=\"https:\/\/www.europesays.com\/fi\/wp-content\/uploads\/2026\/06\/13-1-2143340-1605530953488.jpeg\" class=\"aw__sc-dklauk-0 LPzKX\"\/>Testaa millainen kukkatiet\u00e4j\u00e4 olet!<\/p>\n<p class=\"aw__sc-1qwuw0s-0 aw__sc-ngllmo-0 epAWpq fzYpjk yle__article__paragraph\">Testi\u00e4 varten on haastateltu Luonnontieteellisen keskusmuseon yli-intendentti <strong class=\"aw__sc-ngllmo-2 gdRrun yle__article__strong\">Henry V\u00e4rett\u00e4<\/strong>.<\/p>\n","protected":false},"excerpt":{"rendered":"Erotatko kasvit toisistaan ja tied\u00e4tk\u00f6 kukkien salat? Testaa, miten hyvin tunnet suomalaiset luonnonkukat seitsem\u00e4n kysymyksen visassa. Mets\u00e4t\u00e4hden kukinta&hellip;\n","protected":false},"author":2,"featured_media":276507,"comment_status":"","ping_status":"","sticky":false,"template":"","format":"standard","meta":{"footnotes":"","_share_on_mastodon":"0"},"categories":[117],"tags":[33,31,30,828,13350,37425,37424,37426,72,476,118,32,1985,119,477],"class_list":["post-276506","post","type-post","status-publish","format-standard","has-post-thumbnail","category-luonto","tag-fi","tag-finland","tag-finnish","tag-kasvit","tag-kukat","tag-luonnonkasvit","tag-luonnonkukat","tag-luonnonkukkien-paiva","tag-luonto","tag-nature","tag-science","tag-suomi","tag-testit","tag-tiede","tag-wildlife"],"share_on_mastodon":{"url":"https:\/\/pubeurope.com\/@fi\/116747800638057443","error":""},"_links":{"self":[{"href":"https:\/\/www.europesays.com\/fi\/wp-json\/wp\/v2\/posts\/276506","targetHints":{"allow":["GET"]}}],"collection":[{"href":"https:\/\/www.europesays.com\/fi\/wp-json\/wp\/v2\/posts"}],"about":[{"href":"https:\/\/www.europesays.com\/fi\/wp-json\/wp\/v2\/types\/post"}],"author":[{"embeddable":true,"href":"https:\/\/www.europesays.com\/fi\/wp-json\/wp\/v2\/users\/2"}],"replies":[{"embeddable":true,"href":"https:\/\/www.europesays.com\/fi\/wp-json\/wp\/v2\/comments?post=276506"}],"version-history":[{"count":0,"href":"https:\/\/www.europesays.com\/fi\/wp-json\/wp\/v2\/posts\/276506\/revisions"}],"wp:featuredmedia":[{"embeddable":true,"href":"https:\/\/www.europesays.com\/fi\/wp-json\/wp\/v2\/media\/276507"}],"wp:attachment":[{"href":"https:\/\/www.europesays.com\/fi\/wp-json\/wp\/v2\/media?parent=276506"}],"wp:term":[{"taxonomy":"category","embeddable":true,"href":"https:\/\/www.europesays.com\/fi\/wp-json\/wp\/v2\/categories?post=276506"},{"taxonomy":"post_tag","embeddable":true,"href":"https:\/\/www.europesays.com\/fi\/wp-json\/wp\/v2\/tags?post=276506"}],"curies":[{"name":"wp","href":"https:\/\/api.w.org\/{rel}","templated":true}]}}