{"id":276551,"date":"2026-06-14T10:47:23","date_gmt":"2026-06-14T10:47:23","guid":{"rendered":"https:\/\/www.europesays.com\/fi\/276551\/"},"modified":"2026-06-14T10:47:23","modified_gmt":"2026-06-14T10:47:23","slug":"suomeen-saapuva-progemetallijyra-julkaisi-uutta-musiikkia","status":"publish","type":"post","link":"https:\/\/www.europesays.com\/fi\/276551\/","title":{"rendered":"Suomeen saapuva progemetallijyr\u00e4 julkaisi uutta musiikkia"},"content":{"rendered":"<p>Alkuvuodesta kokoonpanomuutoksia kokenut progemetalliyhtye Haken on julkaissut uuden singlen. Bleeding Sky on nykykokoonpanon toinen singlejulkaisu ja <a href=\"https:\/\/www.inferno.fi\/uutiset\/kokoonpanomuutoksia-kokenut-haken-julkaisi-uuden-singlen\/\" target=\"_blank\" rel=\"noreferrer noopener nofollow\">kuten edelt\u00e4j\u00e4ns\u00e4<\/a> In a Fever Dream, my\u00f6s se on tehty yhteisty\u00f6ss\u00e4 ulkopuolisen tuottajan <strong>George Leverin<\/strong> (<strong>Loathe<\/strong>, <strong>Sleep Token<\/strong>) kanssa. Katso biisille tehty visualizer-video alta.<\/p>\n<p>Haken julkisti viikko sitten tulevalle syksylle Euroopan-kiertueen, johon kuuluu my\u00f6s kolme keikkaa Suomessa. Katso tarkemmat tiedot <a href=\"https:\/\/www.inferno.fi\/uutiset\/brittilainen-progemetallijyra-kiertaa-suomea-syksylla-kolmen-keikan-verran\/\" target=\"_blank\" rel=\"noreferrer noopener nofollow\">t\u00e4\u00e4lt\u00e4<\/a>.<\/p>\n<p><img loading=\"lazy\" decoding=\"async\" alt=\"Youtube video\" width=\"480\" height=\"360\" data-pin-nopin=\"true\" nopin=\"nopin\" class=\"perfmatters-lazy\" src=\"https:\/\/www.europesays.com\/fi\/wp-content\/uploads\/2026\/06\/1781434035_719_hqdefault.jpg\"\/><\/p>\n<p>Lue my\u00f6s: <a href=\"https:\/\/www.inferno.fi\/uutiset\/brittilainen-progemetallijyra-kiertaa-suomea-syksylla-kolmen-keikan-verran\/\" title=\"Brittil\u00e4inen progemetallijyr\u00e4 kiert\u00e4\u00e4 Suomea syksyll\u00e4 kolmen keikan verran\" class=\"underline-custom !font-montserrat !font-bold !underline-offset-4 !decoration-4 !decoration-red-600 !text-md\" rel=\"nofollow noopener\" target=\"_blank\">Brittil\u00e4inen progemetallijyr\u00e4 kiert\u00e4\u00e4 Suomea syksyll\u00e4 kolmen keikan verran<\/a><\/p>\n<p>Lue my\u00f6s: <a href=\"https:\/\/www.inferno.fi\/uutiskirje\/\" title=\"Tilaa Infernon uutiskirje\" class=\"underline-custom !font-montserrat !font-bold !underline-offset-4 !decoration-4 !decoration-red-600 !text-md\" rel=\"nofollow noopener\" target=\"_blank\">Tilaa Infernon uutiskirje ja tied\u00e4t mist\u00e4 kahvitauolla puhutaan! Nappaa raskaan musiikin uutiset ja puheenaiheet suoraan s\u00e4hk\u00f6postiin t\u00e4st\u00e4.<\/a><\/p>\n<p>    <a class=\"block\" href=\"https:\/\/www.como.fi\/uutiset\/loton-potti-paukkui-13-miljoonaan-tanne-meni-isot-rahat-lauantaina\/\" target=\"_blank\" rel=\"noopener nofollow\"><br \/>\n                    <img loading=\"lazy\" decoding=\"async\" width=\"672\" height=\"448\" alt=\"Loton potti paukkui 13 miljoonaan \u2013 t\u00e4nne meni isot rahat lauantaina\" class=\"perfmatters-lazy\" src=\"https:\/\/www.europesays.com\/fi\/wp-content\/uploads\/2026\/04\/Veikkaus_Lotto_studio_06-672x448.jpg\"\/><\/p>\n<p>                        <img loading=\"lazy\" decoding=\"async\" alt=\"Como.fi\" width=\"16\" height=\"16\" class=\"perfmatters-lazy\" src=\"https:\/\/www.europesays.com\/fi\/wp-content\/uploads\/2026\/06\/1781374396_233_favicon-16x16.png\"\/><\/p>\n<p>    <\/a><\/p>\n<p>    <a class=\"block\" href=\"https:\/\/www.como.fi\/uutiset\/ilman-oleskelulupaa-ollut-voitti-puoli-miljoonaa-euroa-rahoista-alkanut-vaanto-on-nyt-ratkennut\/\" target=\"_blank\" rel=\"noopener nofollow\"><br \/>\n                    <img loading=\"lazy\" decoding=\"async\" width=\"672\" height=\"504\" alt=\"Ilman oleskelulupaa ollut voitti puoli miljoonaa euroa \u2013 rahoista alkanut v\u00e4\u00e4nt\u00f6 on nyt ratkennut\" class=\"perfmatters-lazy\" src=\"https:\/\/www.europesays.com\/fi\/wp-content\/uploads\/2026\/06\/arpa_arvat_IANIS_KANSAINVALINEN_ARPA-1-672x504.jpg\"\/><\/p>\n<p>                        <img loading=\"lazy\" decoding=\"async\" alt=\"Como.fi\" width=\"16\" height=\"16\" class=\"perfmatters-lazy\" src=\"https:\/\/www.europesays.com\/fi\/wp-content\/uploads\/2026\/06\/1781374396_233_favicon-16x16.png\"\/><\/p>\n<p>    <\/a><\/p>\n<p>    <a class=\"block\" href=\"https:\/\/www.como.fi\/uutiset\/tassa-on-tuija-pehkosen-aiti-voi-ihana-aiti-pehkonen\/\" target=\"_blank\" rel=\"noopener nofollow\"><br \/>\n                    <img loading=\"lazy\" decoding=\"async\" width=\"672\" height=\"437\" alt=\"T\u00e4ss\u00e4 on Tuija Pehkosen \u00e4iti \u2013 \u201dVoi ihana \u00e4iti Pehkonen\u201d\" class=\"perfmatters-lazy\" src=\"https:\/\/www.europesays.com\/fi\/wp-content\/uploads\/2026\/06\/1.03924284-scaled-e1781369166961-672x437.jpg\"\/><\/p>\n<p>                        <img loading=\"lazy\" decoding=\"async\" alt=\"Como.fi\" width=\"16\" height=\"16\" class=\"perfmatters-lazy\" src=\"https:\/\/www.europesays.com\/fi\/wp-content\/uploads\/2026\/06\/1781374396_233_favicon-16x16.png\"\/><\/p>\n<p>    <\/a><\/p>\n<p>    <a class=\"block\" href=\"https:\/\/www.inferno.fi\/uutiset\/ajatus-siita-etta-terapia-ratkaisee-miesten-ongelmat-on-naurettava-terapia-on-naisille-all-that-remains-keulahahmo-sanoo-feminismin-johtaneen-miesten-syrjaytymiseen\/\" rel=\"nofollow noopener\" target=\"_blank\"><br \/>\n        <img loading=\"lazy\" height=\"448\" width=\"672\" class=\"attachment-large_post_image size-large_post_image sp-no-webp perfmatters-lazy\" alt=\"\u201dAjatus siit\u00e4, ett\u00e4 terapia ratkaisee miesten ongelmat on naurettava. Terapia on naisille\u201d \u2013 All That Remains -keulahahmo sanoo feminismin johtaneen miesten syrj\u00e4ytymiseen\" decoding=\"async\" src=\"https:\/\/www.europesays.com\/fi\/wp-content\/uploads\/2026\/06\/1014652937t-672x448.jpg\"  data-\/><br \/>\n    <\/a><\/p>\n<p>    <a class=\"block\" href=\"https:\/\/www.inferno.fi\/uutiset\/uusi-ylen-dokkarisarja-pureutuu-suomalaisen-metallimusiikin-eri-aikakausiin-vaihtuvina-kertojina-nimekkaita-tekijoita\/\" rel=\"nofollow noopener\" target=\"_blank\"><br \/>\n        <img loading=\"lazy\" height=\"448\" width=\"672\" class=\"attachment-large_post_image size-large_post_image sp-no-webp perfmatters-lazy\" alt=\"Uusi Ylen dokkarisarja pureutuu suomalaisen metallimusiikin eri aikakausiin \u2013 vaihtuvina kertojina nimekk\u00e4it\u00e4 tekij\u00f6it\u00e4\" decoding=\"async\" src=\"https:\/\/www.europesays.com\/fi\/wp-content\/uploads\/2026\/06\/amorphis-10-2-672x448.jpg\"  data-\/><br \/>\n    <\/a><\/p>\n<p>    <a class=\"block\" href=\"https:\/\/www.inferno.fi\/uutiset\/kotimainen-melodeath-ryhma-tarttui-iron-maidenin-kasariklassikkoon-energinen-ja-hauska-soittaa\/\" rel=\"nofollow noopener\" target=\"_blank\"><br \/>\n        <img loading=\"lazy\" height=\"504\" width=\"672\" class=\"attachment-large_post_image size-large_post_image sp-no-webp perfmatters-lazy\" alt=\"Kotimainen melodeath-ryhm\u00e4 tarttui Iron Maidenin kasariklassikkoon \u2013 \u201dEnerginen ja hauska soittaa\u201d\" decoding=\"async\" src=\"https:\/\/www.europesays.com\/fi\/wp-content\/uploads\/2026\/06\/i-am-your-god-2026-4-8-672x504.jpg\"  data-\/><br \/>\n    <\/a><\/p>\n<p>    <a class=\"block\" href=\"https:\/\/www.inferno.fi\/uutiset\/turmion-katilot-saa-jaahallispektaakkeliinsa-lisavoimia-australiasta-ja-lahdesta\/\" rel=\"nofollow noopener\" target=\"_blank\"><br \/>\n        <img loading=\"lazy\" height=\"378\" width=\"672\" class=\"attachment-large_post_image size-large_post_image sp-no-webp perfmatters-lazy\" alt=\"Turmion K\u00e4til\u00f6t saa j\u00e4\u00e4hallispektaakkeliinsa lis\u00e4voimia Australiasta ja Lahdesta\" decoding=\"async\" src=\"https:\/\/www.europesays.com\/fi\/wp-content\/uploads\/2026\/06\/turmion-katilot-2024-8-21-672x378.jpg\"  data-\/><br \/>\n    <\/a><\/p>\n","protected":false},"excerpt":{"rendered":"Alkuvuodesta kokoonpanomuutoksia kokenut progemetalliyhtye Haken on julkaissut uuden singlen. Bleeding Sky on nykykokoonpanon toinen singlejulkaisu ja kuten edelt\u00e4j\u00e4ns\u00e4&hellip;\n","protected":false},"author":2,"featured_media":267065,"comment_status":"","ping_status":"","sticky":false,"template":"","format":"standard","meta":{"footnotes":"","_share_on_mastodon":"0"},"categories":[132],"tags":[137,33,31,30,195,47,1244,32,109,20195],"class_list":["post-276551","post","type-post","status-publish","format-standard","has-post-thumbnail","category-musiikki","tag-entertainment","tag-fi","tag-finland","tag-finnish","tag-music","tag-musiikki","tag-single","tag-suomi","tag-viihde","tag-visualizer"],"share_on_mastodon":{"url":"https:\/\/pubeurope.com\/@fi\/116748068907475489","error":""},"_links":{"self":[{"href":"https:\/\/www.europesays.com\/fi\/wp-json\/wp\/v2\/posts\/276551","targetHints":{"allow":["GET"]}}],"collection":[{"href":"https:\/\/www.europesays.com\/fi\/wp-json\/wp\/v2\/posts"}],"about":[{"href":"https:\/\/www.europesays.com\/fi\/wp-json\/wp\/v2\/types\/post"}],"author":[{"embeddable":true,"href":"https:\/\/www.europesays.com\/fi\/wp-json\/wp\/v2\/users\/2"}],"replies":[{"embeddable":true,"href":"https:\/\/www.europesays.com\/fi\/wp-json\/wp\/v2\/comments?post=276551"}],"version-history":[{"count":0,"href":"https:\/\/www.europesays.com\/fi\/wp-json\/wp\/v2\/posts\/276551\/revisions"}],"wp:featuredmedia":[{"embeddable":true,"href":"https:\/\/www.europesays.com\/fi\/wp-json\/wp\/v2\/media\/267065"}],"wp:attachment":[{"href":"https:\/\/www.europesays.com\/fi\/wp-json\/wp\/v2\/media?parent=276551"}],"wp:term":[{"taxonomy":"category","embeddable":true,"href":"https:\/\/www.europesays.com\/fi\/wp-json\/wp\/v2\/categories?post=276551"},{"taxonomy":"post_tag","embeddable":true,"href":"https:\/\/www.europesays.com\/fi\/wp-json\/wp\/v2\/tags?post=276551"}],"curies":[{"name":"wp","href":"https:\/\/api.w.org\/{rel}","templated":true}]}}