{"id":27662,"date":"2025-09-06T22:10:07","date_gmt":"2025-09-06T22:10:07","guid":{"rendered":"https:\/\/www.europesays.com\/fi\/27662\/"},"modified":"2025-09-06T22:10:07","modified_gmt":"2025-09-06T22:10:07","slug":"lauri-markkasen-seuralta-hervoton-reaktio-susijengin-sensaatioon","status":"publish","type":"post","link":"https:\/\/www.europesays.com\/fi\/27662\/","title":{"rendered":"Lauri Markkasen seuralta hervoton reaktio Susijengin sensaatioon"},"content":{"rendered":"<p>Utah Jazz juhli Suomen voittoa sosiaalisessa mediassa.<\/p>\n<p><img decoding=\"async\" class=\"image image-show image-preview\" src=\"https:\/\/www.europesays.com\/fi\/wp-content\/uploads\/2025\/09\/c4a737859c204db2e87176e16299a3aeef624bdd5982a0b07a62d1ad1fd8bef4.jpg\" alt=\"\"\/><img decoding=\"async\" class=\"image image-show\" src=\"https:\/\/www.europesays.com\/fi\/wp-content\/uploads\/2025\/09\/1757196607_47_c4a737859c204db2e87176e16299a3aeef624bdd5982a0b07a62d1ad1fd8bef4.jpg\" alt=\"\"\/><\/p>\n<p>Lauri Markkasen ja Susijengin menestys ilahdutti my\u00f6s Pohjois-Amerikassa. Jussi Saarinen<\/p>\n<p class=\"paragraph\">Suomi kukisti lauantaina koripallon EM-kisojen nelj\u00e4nnesv\u00e4lier\u00e4trilleriss\u00e4 Serbian 92\u201386. Sensaatio ei j\u00e4\u00e4nyt huomaamatta my\u00f6sk\u00e4\u00e4n Pohjois-Amerikassa.<\/p>\n<p class=\"paragraph\"><strong>Lauri Markkasen<\/strong> edustama NBA-seura Utah Jazz jakoi sosiaalisen median palvelu X:ss\u00e4 Kansainv\u00e4lisen koripalloliiton p\u00e4ivityksen, jossa hehkutettiin Susijengin suoritusta.<\/p>\n<p class=\"paragraph\">\u2013 Suomi pystyi yhteen koripallohistorian suurimmista yll\u00e4tyksist\u00e4, liitto hekumoi.<\/p>\n<p class=\"paragraph\">Jazz reagoi ottelun lopputulokseen jakamalla perisuomalaisen meemin. Seura julkaisi tilill\u00e4\u00e4n niin sanotun Torilla tavataan -meemikuvan, jossa paidaton mies huutaa ja heiluttaa Suomen lippua.<\/p>\n<p class=\"paragraph\">Meemi\u00e4 viljell\u00e4\u00e4n aina Suomen menestyksen tullen, mutta etenkin j\u00e4\u00e4kiekon arvokisojen aikana. Jazzissa ollaan siis selv\u00e4sti perill\u00e4 suomalaisesta popul\u00e4\u00e4rikulttuurista.<\/p>\n<p class=\"paragraph\">\u2013 Todella, todella, todella hauskaa ja sopivaa! yksi kehuu kommenteissa.<\/p>\n<p class=\"paragraph\">\u2013 Torille! toinen juhlistaa.<\/p>\n<p class=\"paragraph\">\u2013 Antakaa sosiaalisen median vastaavalle palkankorotus, kolmas vaatii.<\/p>\n<p class=\"paragraph\">Jos p\u00e4ivitys ei n\u00e4y, voit katsoa <a href=\"https:\/\/x.com\/utahjazz\/status\/1964431712819302800\" target=\"_blank\" rel=\"noopener nofollow\">sen t\u00e4st\u00e4.<\/a><\/p>\n<p class=\"paragraph\">Markkanen heitti lauantain sensaatio-ottelussa 29 pistett\u00e4 ja kahdeksan levypalloa. Pelitilanneheitoista sis\u00e4\u00e4n meni 8\/24 ja vapaaheitoista 12\/13. Markkanen oli Susijengin paras pistemies.<\/p>\n<p class=\"paragraph\">Susijengin EM-turnaus jatkuu puoliv\u00e4lier\u00e4ss\u00e4 Riiassa.<\/p>\n","protected":false},"excerpt":{"rendered":"Utah Jazz juhli Suomen voittoa sosiaalisessa mediassa. Lauri Markkasen ja Susijengin menestys ilahdutti my\u00f6s Pohjois-Amerikassa. Jussi Saarinen Suomi&hellip;\n","protected":false},"author":2,"featured_media":27663,"comment_status":"","ping_status":"","sticky":false,"template":"","format":"standard","meta":{"footnotes":""},"categories":[158],"tags":[35,1274,33,31,30,147,41,5037,159,32,160,161],"class_list":{"0":"post-27662","1":"post","2":"type-post","3":"status-publish","4":"format-standard","5":"has-post-thumbnail","7":"category-urheilu","8":"tag-24h","9":"tag-ammattiurheilu","10":"tag-fi","11":"tag-finland","12":"tag-finnish","13":"tag-internet-palvelut","14":"tag-liikunta-ja-urheilu","15":"tag-national-basketball-association-nba","16":"tag-sports","17":"tag-suomi","18":"tag-urheilu","19":"tag-urheilutapahtumat"},"share_on_mastodon":{"url":"","error":""},"_links":{"self":[{"href":"https:\/\/www.europesays.com\/fi\/wp-json\/wp\/v2\/posts\/27662","targetHints":{"allow":["GET"]}}],"collection":[{"href":"https:\/\/www.europesays.com\/fi\/wp-json\/wp\/v2\/posts"}],"about":[{"href":"https:\/\/www.europesays.com\/fi\/wp-json\/wp\/v2\/types\/post"}],"author":[{"embeddable":true,"href":"https:\/\/www.europesays.com\/fi\/wp-json\/wp\/v2\/users\/2"}],"replies":[{"embeddable":true,"href":"https:\/\/www.europesays.com\/fi\/wp-json\/wp\/v2\/comments?post=27662"}],"version-history":[{"count":0,"href":"https:\/\/www.europesays.com\/fi\/wp-json\/wp\/v2\/posts\/27662\/revisions"}],"wp:featuredmedia":[{"embeddable":true,"href":"https:\/\/www.europesays.com\/fi\/wp-json\/wp\/v2\/media\/27663"}],"wp:attachment":[{"href":"https:\/\/www.europesays.com\/fi\/wp-json\/wp\/v2\/media?parent=27662"}],"wp:term":[{"taxonomy":"category","embeddable":true,"href":"https:\/\/www.europesays.com\/fi\/wp-json\/wp\/v2\/categories?post=27662"},{"taxonomy":"post_tag","embeddable":true,"href":"https:\/\/www.europesays.com\/fi\/wp-json\/wp\/v2\/tags?post=27662"}],"curies":[{"name":"wp","href":"https:\/\/api.w.org\/{rel}","templated":true}]}}