{"id":276791,"date":"2026-06-14T17:16:11","date_gmt":"2026-06-14T17:16:11","guid":{"rendered":"https:\/\/www.europesays.com\/fi\/276791\/"},"modified":"2026-06-14T17:16:11","modified_gmt":"2026-06-14T17:16:11","slug":"ex-missi-vivian-virkki-surun-murtamana-armin-kissan-yllattava-menetys","status":"publish","type":"post","link":"https:\/\/www.europesays.com\/fi\/276791\/","title":{"rendered":"Ex-missi Vivian Virkki surun murtamana: Armin-kissan yll\u00e4tt\u00e4v\u00e4 menetys"},"content":{"rendered":"<p>            Pasi Murto\n        <\/p>\n<p class=\"subtitle \">Vivian Virkki sanoo syd\u00e4mens\u00e4 olevan tuhannen palasina.<\/p>\n<p class=\"article-content article-content-width !bg-background\">Ex-missi  julkaisema suruviesti Instagramissa kertoo h\u00e4nen olevan yll\u00e4tyksen\u00e4 tulleesta menetyksest\u00e4\u00e4n pirstaleina.<\/p>\n<p class=\"font-weight-bold m-font-weight-bold article-content article-content-width !bg-background\">Arkistovideolla Viviania haastatellaan vuonna 2020<\/p>\n<p class=\"article-content article-content-width !bg-background\">Vivianin kollikissa Armin on kuollut. Vivian on kuitenkin valmis kertomaan asiasta vasta torstaina (11.6.), vaikka rakas kisu on kuollut jo lauantaina.<\/p>\n<p class=\"article-content article-content-width !bg-background\">\u2013 Meid\u00e4n maailman reippain, iloisin ja rakkain poika, el\u00e4m\u00e4n valo Armin, menehtyi t\u00e4ysin yll\u00e4tt\u00e4en sairauskohtaukseen lauantai-iltana.\u00a0<\/p>\n<p class=\"article-content article-content-width !bg-background\">\u2013 Elvytyksest\u00e4 huolimatta kissa l\u00e4hti sateenkaarisillalle aivan liian varhain, kuitenkin Arminille maailman turvallisimmassa paikassa, parhaan kaverinsa ja sielun ihmisens\u00e4, mun miehen syliss\u00e4, Vivian kirjoittaa.<\/p>\n<p>        <a itemprop=\"url\" href=\"https:\/\/www.seiska.fi\/kotimaa\/ex-missin-kesayllatys-kihlat\/1847016\" rel=\"nofollow noopener\" target=\"_blank\"><\/p>\n<p>\nMissikaunotar\n<\/p>\n<p class=\"section-date\">\n        <strong class=\"article-section\" data-section=\"kotimaa\"><br \/>\n            kotimaa<br \/>\n        <\/strong><br \/>\n        24.6.2025 13:25\n    <\/p>\n<p>Ex-missin kes\u00e4yll\u00e4tys: Kihlat!\n    <\/p>\n<p itemprop=\"description\" class=\"subtitle \">\n    Kaunotarta kosittiin ylti\u00f6romanttisessa milj\u00f6\u00f6ss\u00e4.\n<\/p>\n<p>        <\/a><\/p>\n<p class=\"article-content article-content-width !bg-background\">Lemmikin omistajia tuskin mik\u00e4\u00e4n muu helpottaa, kuin vahva tunne, ett\u00e4 menetetyn el\u00e4inkumppanin viimeiset hetket ovat olleet lauman turvallisissa k\u00e4siss\u00e4.<\/p>\n<p>&#8221;Toivomme rauhaa ja ymm\u00e4rryst\u00e4&#8221;<\/p>\n<p class=\"article-content article-content-width !bg-background\">Instagramissa Vivian ilmaisee suruaan sivullisenkin syd\u00e4nt\u00e4 rutistavalla tavalla.<\/p>\n<p class=\"italic m-italic article-content article-content-width !bg-background\">\u2013 Kun menin nukkumaan, usein mietin ett\u00e4 vaikka kaikki muu maailma tuntuukin raskaalta, oon kiitollinen mun miehest\u00e4 ja meid\u00e4n Arminista siin\u00e4 yhdess\u00e4 loikoillessa. Mun rutiinit suurimmaksi osaksi koostu Arminin kanssa touhuamisesta. Me tehtiin kaikki yhdess\u00e4.<\/p>\n<p>        <a itemprop=\"url\" href=\"https:\/\/www.seiska.fi\/kotimaa\/oho-kohutun-missikilpailun-kulisseisssa-kuohuu\/1357604\" rel=\"nofollow noopener\" target=\"_blank\"><\/p>\n<p class=\"section-date\">\n        <strong class=\"article-section\" data-section=\"kotimaa\"><br \/>\n            kotimaa<br \/>\n        <\/strong><br \/>\n        22.5.2024 11:39\n    <\/p>\n<p>Oho! Kohutun missikilpailun kulisseisssa kuohuu\n    <\/p>\n<p itemprop=\"description\" class=\"subtitle \">\n    Miss Nordic Beauty -kauneuskilpailussa on tapahtunut merkitt\u00e4vi\u00e4 muutoksia juuri ennen finaalia.\n<\/p>\n<p>        <\/a><\/p>\n<p class=\"article-content article-content-width !bg-background\">Armin oli kaunis ja vitivalkoinen kissa. Tassuttelijasta on Vivianin kuvakarusellissa per\u00e4ti 19 kuvaa ja videota. Kaikissa kissa on mukana arjen puuhissa tai kurkkimassa kuvaajaansa nurkan takaa uteliaana.<\/p>\n<p class=\"article-content article-content-width !bg-background\">Syd\u00e4men s\u00e4rkev\u00e4ll\u00e4 tavalla kuvakarusellin 19. kuvassa ei kissaa n\u00e4y. Tyhj\u00e4ll\u00e4 p\u00f6yd\u00e4ll\u00e4 on toistakymment\u00e4 valkoista ruusua.<\/p>\n<p class=\"article-content article-content-width !bg-background\">\u2013 Toivomme rauhaa ja ymm\u00e4rryst\u00e4 surun k\u00e4sittelyyn, ja palaan viesteihin ja kutsuihin, kun suru alkaa hellitt\u00e4\u00e4, Vivian kirjoittaa.<\/p>\n","protected":false},"excerpt":{"rendered":"Pasi Murto Vivian Virkki sanoo syd\u00e4mens\u00e4 olevan tuhannen palasina. Ex-missi julkaisema suruviesti Instagramissa kertoo h\u00e4nen olevan yll\u00e4tyksen\u00e4 tulleesta&hellip;\n","protected":false},"author":2,"featured_media":276792,"comment_status":"","ping_status":"","sticky":false,"template":"","format":"standard","meta":{"footnotes":"","_share_on_mastodon":"0"},"categories":[136],"tags":[37440,407,137,5279,33,31,30,408,8969,37439,4632,3427,37441,9182,14826,32,37438,1464,109,37437],"class_list":["post-276791","post","type-post","status-publish","format-standard","has-post-thumbnail","category-julkkikset","tag-armin","tag-celebrities","tag-entertainment","tag-ex-missi","tag-fi","tag-finland","tag-finnish","tag-julkkikset","tag-kissa","tag-lemmikin-menetys","tag-lemmikit","tag-lemmikki","tag-menehtyi","tag-menetys","tag-missi","tag-suomi","tag-suruviesti","tag-suuri-suru","tag-viihde","tag-vivian-virkki"],"share_on_mastodon":{"url":"https:\/\/pubeurope.com\/@fi\/116749597863203505","error":""},"_links":{"self":[{"href":"https:\/\/www.europesays.com\/fi\/wp-json\/wp\/v2\/posts\/276791","targetHints":{"allow":["GET"]}}],"collection":[{"href":"https:\/\/www.europesays.com\/fi\/wp-json\/wp\/v2\/posts"}],"about":[{"href":"https:\/\/www.europesays.com\/fi\/wp-json\/wp\/v2\/types\/post"}],"author":[{"embeddable":true,"href":"https:\/\/www.europesays.com\/fi\/wp-json\/wp\/v2\/users\/2"}],"replies":[{"embeddable":true,"href":"https:\/\/www.europesays.com\/fi\/wp-json\/wp\/v2\/comments?post=276791"}],"version-history":[{"count":0,"href":"https:\/\/www.europesays.com\/fi\/wp-json\/wp\/v2\/posts\/276791\/revisions"}],"wp:featuredmedia":[{"embeddable":true,"href":"https:\/\/www.europesays.com\/fi\/wp-json\/wp\/v2\/media\/276792"}],"wp:attachment":[{"href":"https:\/\/www.europesays.com\/fi\/wp-json\/wp\/v2\/media?parent=276791"}],"wp:term":[{"taxonomy":"category","embeddable":true,"href":"https:\/\/www.europesays.com\/fi\/wp-json\/wp\/v2\/categories?post=276791"},{"taxonomy":"post_tag","embeddable":true,"href":"https:\/\/www.europesays.com\/fi\/wp-json\/wp\/v2\/tags?post=276791"}],"curies":[{"name":"wp","href":"https:\/\/api.w.org\/{rel}","templated":true}]}}