{"id":277108,"date":"2026-06-15T02:10:16","date_gmt":"2026-06-15T02:10:16","guid":{"rendered":"https:\/\/www.europesays.com\/fi\/277108\/"},"modified":"2026-06-15T02:10:16","modified_gmt":"2026-06-15T02:10:16","slug":"trumpin-80-vuotisjuhlinta-alkoi-ufc-ottelun-merkeissa-valkoisen-talon-edessa-ulkomaat","status":"publish","type":"post","link":"https:\/\/www.europesays.com\/fi\/277108\/","title":{"rendered":"Trumpin 80-vuotisjuhlinta alkoi UFC-ottelun merkeiss\u00e4 Valkoisen talon edess\u00e4 | Ulkomaat"},"content":{"rendered":"<p class=\"aw__sc-1qwuw0s-0 aw__sc-1vg2sqm-0 epAWpq ecELkD yle__article__paragraph\">Valkoisen talon edustalle on rakennettu vapaaotteluareena, jonne odotetttiin 4\u00a0000:ta kutsuvierasta.<\/p>\n<p><img decoding=\"async\" alt=\"Yhdysvaltain sotilaskoneet tekiv\u00e4t ylilennon Valkoisen talon yll\u00e4.\" src=\"https:\/\/www.europesays.com\/fi\/wp-content\/uploads\/2026\/06\/1781486415.jpeg\" class=\"aw__sc-dklauk-0 LPzKX\"\/><\/p>\n<p>Avaa kuvien katselu<\/p>\n<p>Yhdysvaltain sotilaskoneet tekiv\u00e4t ylilennon Valkoisen talon yll\u00e4. Kuva: EPA<\/p>\n<p>14.6. 18:10\u2022P\u00e4ivitetty 4:55<\/p>\n<p class=\"aw__sc-1qwuw0s-0 aw__sc-ngllmo-0 epAWpq fzYpjk yle__article__paragraph\">Yhdysvaltain presidentti <strong class=\"aw__sc-ngllmo-2 gdRrun yle__article__strong\">Donald Trump<\/strong> juhlii t\u00e4n\u00e4\u00e4n sunnuntaina 80-vuotissyntym\u00e4p\u00e4iv\u00e4\u00e4ns\u00e4 menoin, jotka ovat jakaneet mielipiteit\u00e4 Yhdysvalloissa.<\/p>\n<p class=\"aw__sc-1qwuw0s-0 aw__sc-ngllmo-0 epAWpq fzYpjk yle__article__paragraph\">Valkoisen talon edustalle on pystytetty kahdeksansivuinen vapaaotteluh\u00e4kki, jossa k\u00e4yd\u00e4\u00e4n Trumpin juhlap\u00e4iv\u00e4n kunniaksi seitsem\u00e4n Ultimate Fighting Championship (UFC) -liigan vapaaottelua.<\/p>\n<p><img decoding=\"async\" alt=\"Yhdysvaltain presidentti Donald Trump ja UFC:n toimitusjohtaja Dana White k\u00e4velev\u00e4t ulos Valkoisestq talosta seuraamaan UFC-vapaaottelua.\" src=\"https:\/\/www.europesays.com\/fi\/wp-content\/uploads\/2026\/06\/1781486668.jpeg\" loading=\"lazy\" class=\"aw__sc-dklauk-0 LPzKX\"\/><\/p>\n<p>Avaa kuvien katselu<\/p>\n<p>Yhdysvaltain presidentti Donald Trump ja UFC:n toimitusjohtaja Dana White k\u00e4velev\u00e4t ulos Valkoisesta talosta seuraamaan UFC-vapaaottelua. Kuva: EPA<\/p>\n<p class=\"aw__sc-1qwuw0s-0 aw__sc-ngllmo-0 epAWpq fzYpjk yle__article__paragraph\">Ensimm\u00e4isen ottelun oli m\u00e4\u00e4r\u00e4 alkaa maanantain vastaisena y\u00f6n\u00e4 Suomen aikaa.<\/p>\n<p class=\"aw__sc-1qwuw0s-0 aw__sc-ngllmo-0 epAWpq fzYpjk yle__article__paragraph\">P\u00e4ivit\u00e4mme t\u00e4h\u00e4n juttuun syntym\u00e4p\u00e4iv\u00e4n antia kuvin ja videoin.<\/p>\n<p>60 miljoonan dollarin tapahtuma<img decoding=\"async\" alt=\"Valkoisen talon pihalle rakennetulle areenalle mahtuu noin 4 000 ihmist\u00e4.\" src=\"https:\/\/www.europesays.com\/fi\/wp-content\/uploads\/2026\/06\/1781488529.jpeg\" loading=\"lazy\" class=\"aw__sc-dklauk-0 LPzKX\"\/><\/p>\n<p>Avaa kuvien katselu<\/p>\n<p>Kuva: EPA<\/p>\n<p class=\"aw__sc-1qwuw0s-0 aw__sc-ngllmo-0 epAWpq fzYpjk yle__article__paragraph\">Illan vapaaottelutapahtuman j\u00e4rjest\u00e4jien joukossa on Trumpin t\u00e4rkeimpiin tukijoihin kuuluva UFC:n toimitusjohtaja <strong class=\"aw__sc-ngllmo-2 gdRrun yle__article__strong\">Dana White<\/strong>.<\/p>\n<p class=\"aw__sc-1qwuw0s-0 aw__sc-ngllmo-0 epAWpq fzYpjk yle__article__paragraph\">UFC on kertonut k\u00e4ytt\u00e4neens\u00e4 tapahtuman j\u00e4rjest\u00e4miseen yli 60 miljoonaa dollaria. UFC sanoo, ettei se tee voittoa tapahtumalla.<\/p>\n<p class=\"aw__sc-1qwuw0s-0 aw__sc-ngllmo-0 epAWpq fzYpjk yle__article__paragraph\">Nelj\u00e4n tuhannen kutsuvieraan areenalla n\u00e4hd\u00e4\u00e4n illalla 14 vapaaottelijaa viidest\u00e4 eri maasta. P\u00e4\u00e4ottelussa <strong class=\"aw__sc-ngllmo-2 gdRrun yle__article__strong\">Ilia Topuria<\/strong> ja <strong class=\"aw__sc-ngllmo-2 gdRrun yle__article__strong\">Justin Gaethje<\/strong> ottelevat kevytsarjan mestaruudesta.<\/p>\n<p class=\"aw__sc-1qwuw0s-0 aw__sc-ngllmo-0 epAWpq fzYpjk yle__article__paragraph\"><strong class=\"aw__sc-ngllmo-2 gdRrun yle__article__strong\">Videolta n\u00e4et osan illan taistelijoista:<\/strong><\/p>\n<p>UFC Freedom 250 -tapahtuman ottelijat osallistuivat punnitusseremoniaan lauantaina 13. kes\u00e4kuuta.<img decoding=\"async\" alt=\"Kaksi vapaaottelijaa seisoo vastakkain.\" src=\"https:\/\/www.europesays.com\/fi\/wp-content\/uploads\/2026\/06\/1781447928.jpeg\" loading=\"lazy\" class=\"aw__sc-dklauk-0 LPzKX\"\/><\/p>\n<p>Avaa kuvien katselu<\/p>\n<p>Ilia Topuria (vas.) ja Justin Gaethje mittailivat toisiaan punnitusseremoniassa lauantaina. Kuvassa keskell\u00e4 on UFC:n toimitusjohtaja Dana White. Kuva: Nathan Posner \/ AOP<\/p>\n<p class=\"aw__sc-1qwuw0s-0 aw__sc-ngllmo-0 epAWpq fzYpjk yle__article__paragraph\">Tapahtumaan ei ollut julkista lipunmyynti\u00e4.<\/p>\n<p class=\"aw__sc-1qwuw0s-0 aw__sc-ngllmo-0 epAWpq fzYpjk yle__article__paragraph\">Uutistoimisto Reutersin tietojen mukaan UFC on tarjonnut osan paikoista vieraille, jotka ovat maksaneet miljoona dollaria. Noin nelj\u00e4sosa yleis\u00f6st\u00e4 on Trumpin hallinnon mukaan armeijan sotilaita.<\/p>\n<p><img decoding=\"async\" alt=\"Joe Rogan pit\u00e4\u00e4 k\u00e4si\u00e4\u00e4n ilmassa esiintymislavalla.\" src=\"https:\/\/www.europesays.com\/fi\/wp-content\/uploads\/2026\/06\/1781446927.jpeg\" loading=\"lazy\" class=\"aw__sc-dklauk-0 LPzKX\"\/><\/p>\n<p>Avaa kuvien katselu<\/p>\n<p>Podcastaaja Joe Rogan juonsi UFC Freedom 250 -tapahtuman punnituksia lauantaina 13. kes\u00e4kuuta. Kuva: Jim Lo Scalzo \/ EPA<img decoding=\"async\" alt=\"Suuri joukko ihmisi\u00e4 seisoo tapahtumayleis\u00f6ss\u00e4 ja kuvaa k\u00e4nnyk\u00f6ill\u00e4.\" src=\"https:\/\/www.europesays.com\/fi\/wp-content\/uploads\/2026\/06\/1781446935.jpeg\" loading=\"lazy\" class=\"aw__sc-dklauk-0 LPzKX\"\/><\/p>\n<p>Avaa kuvien katselu<\/p>\n<p>UFC-fanit seurasivat ottelijoiden punnituksia The Ellipse -puistossa Valkoisen talon edustalla. Kuva: Jim Lo Scalzo \/ EPATapahtumaa paheksuttu Washingtonissa<\/p>\n<p class=\"aw__sc-1qwuw0s-0 aw__sc-ngllmo-0 epAWpq fzYpjk yle__article__paragraph\">Vapaaottelutapahtuma kulkee nimell\u00e4 UFC Freedom 250, mik\u00e4 viittaa Yhdysvaltojen 250-vuotisjuhlavuoteen.<\/p>\n<p class=\"aw__sc-1qwuw0s-0 aw__sc-ngllmo-0 epAWpq fzYpjk yle__article__paragraph\">Washington D.C.:ss\u00e4 jo tapahtuman nimi on her\u00e4tt\u00e4nyt kulmien kurtistumista.<\/p>\n<p class=\"aw__sc-1qwuw0s-0 aw__sc-ngllmo-0 epAWpq fzYpjk yle__article__paragraph\">Juhlavuoden tapahtumia j\u00e4rjest\u00e4\u00e4 kaksi hallinnon tukemaa j\u00e4rjest\u00f6\u00e4: America 250 ja Freedom 250. America 250:n perustivat kongressin molemmat puolueet yhdess\u00e4 vuonna 2016. Freedom 250:n taustalla on puolestaan Valkoisen talon ty\u00f6ryhm\u00e4, jonka puheenjohtaja Trump itse on.<\/p>\n<p class=\"aw__sc-1qwuw0s-0 aw__sc-ngllmo-0 epAWpq fzYpjk yle__article__paragraph\">Freedom 250 -nimell\u00e4 kulkevat tapahtumat siis henkil\u00f6ityv\u00e4t Trumpiin, ja ne n\u00e4hd\u00e4\u00e4n siis enemm\u00e4n kansaa jakavina kuin yhdist\u00e4vin\u00e4 tapahtumina.<\/p>\n<p class=\"aw__sc-1qwuw0s-0 aw__sc-ngllmo-0 epAWpq fzYpjk yle__article__paragraph\">\u2013 [Ottelu] tuntuu jo olemukseltaan v\u00e4\u00e4r\u00e4lt\u00e4 tapahtumalta. Jos j\u00e4rjest\u00e4j\u00e4n\u00e4 olisi America 250, olisin pit\u00e4nyt siit\u00e4 enemm\u00e4n, sill\u00e4 se olisi tehty hyv\u00e4ss\u00e4 hengess\u00e4, washingtonilainen <strong class=\"aw__sc-ngllmo-2 gdRrun yle__article__strong\">Ethan Hogan<\/strong> kommentoi uutiskanava CBS:lle lauantaina.<\/p>\n<p class=\"aw__sc-1qwuw0s-0 aw__sc-ngllmo-0 epAWpq fzYpjk yle__article__paragraph\">Trumpin syntym\u00e4p\u00e4iv\u00e4lle osuu my\u00f6s kansallinen Lippup\u00e4iv\u00e4.<\/p>\n<p class=\"aw__sc-1qwuw0s-0 aw__sc-ngllmo-0 epAWpq fzYpjk yle__article__paragraph\">L\u00e4hde: Reuters<\/p>\n<p class=\"aw__sc-1qwuw0s-0 aw__sc-ngllmo-0 epAWpq fzYpjk yle__article__paragraph\">Uutinen p\u00e4ivittyy.<\/p>\n","protected":false},"excerpt":{"rendered":"Valkoisen talon edustalle on rakennettu vapaaotteluareena, jonne odotetttiin 4\u00a0000:ta kutsuvierasta. Avaa kuvien katselu Yhdysvaltain sotilaskoneet tekiv\u00e4t ylilennon Valkoisen&hellip;\n","protected":false},"author":2,"featured_media":277109,"comment_status":"","ping_status":"","sticky":false,"template":"","format":"standard","meta":{"footnotes":"","_share_on_mastodon":"0"},"categories":[14],"tags":[22,23,585,26,27,33,31,30,17,24,25,28,29,15,18,21,32,8140,19,20,56,8503,16,6407,4455,59,60,61,619],"class_list":["post-277108","post","type-post","status-publish","format-standard","has-post-thumbnail","category-ulkomaat","tag-breaking-news","tag-breakingnews","tag-donald-trump","tag-featured-news","tag-featurednews","tag-fi","tag-finland","tag-finnish","tag-headlines","tag-latest-news","tag-latestnews","tag-main-news","tag-mainnews","tag-news","tag-otsikot","tag-paauutiset","tag-suomi","tag-syntymapaivat","tag-top-stories","tag-topstories","tag-ulkomaat","tag-ultimate-fighting-championship","tag-uutiset","tag-valkoinen-talo","tag-vapaaottelu","tag-world","tag-world-news","tag-worldnews","tag-yhdysvallat"],"share_on_mastodon":{"url":"https:\/\/pubeurope.com\/@fi\/116751697494922012","error":""},"_links":{"self":[{"href":"https:\/\/www.europesays.com\/fi\/wp-json\/wp\/v2\/posts\/277108","targetHints":{"allow":["GET"]}}],"collection":[{"href":"https:\/\/www.europesays.com\/fi\/wp-json\/wp\/v2\/posts"}],"about":[{"href":"https:\/\/www.europesays.com\/fi\/wp-json\/wp\/v2\/types\/post"}],"author":[{"embeddable":true,"href":"https:\/\/www.europesays.com\/fi\/wp-json\/wp\/v2\/users\/2"}],"replies":[{"embeddable":true,"href":"https:\/\/www.europesays.com\/fi\/wp-json\/wp\/v2\/comments?post=277108"}],"version-history":[{"count":0,"href":"https:\/\/www.europesays.com\/fi\/wp-json\/wp\/v2\/posts\/277108\/revisions"}],"wp:featuredmedia":[{"embeddable":true,"href":"https:\/\/www.europesays.com\/fi\/wp-json\/wp\/v2\/media\/277109"}],"wp:attachment":[{"href":"https:\/\/www.europesays.com\/fi\/wp-json\/wp\/v2\/media?parent=277108"}],"wp:term":[{"taxonomy":"category","embeddable":true,"href":"https:\/\/www.europesays.com\/fi\/wp-json\/wp\/v2\/categories?post=277108"},{"taxonomy":"post_tag","embeddable":true,"href":"https:\/\/www.europesays.com\/fi\/wp-json\/wp\/v2\/tags?post=277108"}],"curies":[{"name":"wp","href":"https:\/\/api.w.org\/{rel}","templated":true}]}}