{"id":277880,"date":"2026-06-15T23:31:12","date_gmt":"2026-06-15T23:31:12","guid":{"rendered":"https:\/\/www.europesays.com\/fi\/277880\/"},"modified":"2026-06-15T23:31:12","modified_gmt":"2026-06-15T23:31:12","slug":"orimattilan-paattajat-ovat-epatietoisia-mahdollisesta-ylimaaraisesta-kokouksesta-kaikille-oikein-mukavaa-kesaa-vaikka-tapaisimmekin-viela-paijat-hame","status":"publish","type":"post","link":"https:\/\/www.europesays.com\/fi\/277880\/","title":{"rendered":"Orimattilan p\u00e4\u00e4tt\u00e4j\u00e4t ovat ep\u00e4tietoisia mahdollisesta ylim\u00e4\u00e4r\u00e4isest\u00e4 kokouksesta \u2013\u2009&#8221;Kaikille oikein mukavaa kes\u00e4\u00e4, vaikka tapaisimmekin viel\u00e4&#8221; | P\u00e4ij\u00e4t-H\u00e4me"},"content":{"rendered":"<p>Tarkastuslautakunta huomauttaa, ett\u00e4 viime syksyn\u00e4 alkaneet tapahtumat voivat n\u00e4ky\u00e4 mainehaittana.<\/p>\n<p>Orimattilan kaupunginvaltuuston maanantaisessa kokouksessa toivoteltiin hyv\u00e4\u00e4 kes\u00e4\u00e4, vaikka valtuusto saattaakin kokoontua ylim\u00e4\u00e4r\u00e4iseen kokoukseen 29. kes\u00e4kuuta. Tuolloin valtuuston on m\u00e4\u00e4r\u00e4 k\u00e4sitell\u00e4 kaupunginjohtaja <strong>Kalle Larssonin<\/strong> erottamista, elleiv\u00e4t kaupunki ja Larsson <a href=\"https:\/\/www.ess.fi\/paikalliset\/9526750\" rel=\"nofollow noopener\" target=\"_blank\">l\u00f6yd\u00e4 sit\u00e4 ennen<\/a> sovintoratkaisua.<\/p>\n","protected":false},"excerpt":{"rendered":"Tarkastuslautakunta huomauttaa, ett\u00e4 viime syksyn\u00e4 alkaneet tapahtumat voivat n\u00e4ky\u00e4 mainehaittana. Orimattilan kaupunginvaltuuston maanantaisessa kokouksessa toivoteltiin hyv\u00e4\u00e4 kes\u00e4\u00e4, vaikka&hellip;\n","protected":false},"author":2,"featured_media":277881,"comment_status":"","ping_status":"","sticky":false,"template":"","format":"standard","meta":{"footnotes":"","_share_on_mastodon":"0"},"categories":[12],"tags":[681,22,23,26,27,33,31,30,17,21406,37533,1833,24,25,28,29,15,7277,21581,18,21,637,32,19,20,16],"class_list":["post-277880","post","type-post","status-publish","format-standard","has-post-thumbnail","category-suomi","tag-alue-ja-paikallishallinto","tag-breaking-news","tag-breakingnews","tag-featured-news","tag-featurednews","tag-fi","tag-finland","tag-finnish","tag-headlines","tag-kalle-larsson","tag-kunnallispolitiikka","tag-kunnat","tag-latest-news","tag-latestnews","tag-main-news","tag-mainnews","tag-news","tag-orimattila","tag-orimattilan-kaupunki","tag-otsikot","tag-paauutiset","tag-politiikka","tag-suomi","tag-top-stories","tag-topstories","tag-uutiset"],"share_on_mastodon":{"url":"https:\/\/pubeurope.com\/@fi\/116756734797838405","error":""},"_links":{"self":[{"href":"https:\/\/www.europesays.com\/fi\/wp-json\/wp\/v2\/posts\/277880","targetHints":{"allow":["GET"]}}],"collection":[{"href":"https:\/\/www.europesays.com\/fi\/wp-json\/wp\/v2\/posts"}],"about":[{"href":"https:\/\/www.europesays.com\/fi\/wp-json\/wp\/v2\/types\/post"}],"author":[{"embeddable":true,"href":"https:\/\/www.europesays.com\/fi\/wp-json\/wp\/v2\/users\/2"}],"replies":[{"embeddable":true,"href":"https:\/\/www.europesays.com\/fi\/wp-json\/wp\/v2\/comments?post=277880"}],"version-history":[{"count":0,"href":"https:\/\/www.europesays.com\/fi\/wp-json\/wp\/v2\/posts\/277880\/revisions"}],"wp:featuredmedia":[{"embeddable":true,"href":"https:\/\/www.europesays.com\/fi\/wp-json\/wp\/v2\/media\/277881"}],"wp:attachment":[{"href":"https:\/\/www.europesays.com\/fi\/wp-json\/wp\/v2\/media?parent=277880"}],"wp:term":[{"taxonomy":"category","embeddable":true,"href":"https:\/\/www.europesays.com\/fi\/wp-json\/wp\/v2\/categories?post=277880"},{"taxonomy":"post_tag","embeddable":true,"href":"https:\/\/www.europesays.com\/fi\/wp-json\/wp\/v2\/tags?post=277880"}],"curies":[{"name":"wp","href":"https:\/\/api.w.org\/{rel}","templated":true}]}}