{"id":277915,"date":"2026-06-16T00:38:15","date_gmt":"2026-06-16T00:38:15","guid":{"rendered":"https:\/\/www.europesays.com\/fi\/277915\/"},"modified":"2026-06-16T00:38:15","modified_gmt":"2026-06-16T00:38:15","slug":"isac-elliot-miten-teini-idolista-tuli-pohjoismainen-supertahti","status":"publish","type":"post","link":"https:\/\/www.europesays.com\/fi\/277915\/","title":{"rendered":"Isac Elliot: Miten teini-idolista tuli pohjoismainen supert\u00e4hti"},"content":{"rendered":"<p>\n            20231212 HelsinkiEmma Gaala ehdokaspressi. Kuvassa Isac Elliot  Kuva: Tomi Natri<br \/>\n            Tomi Natri\n        <\/p>\n<p class=\"subtitle \">Yksityiskonekohut ja tuhansien eurojen rahasateet ovat pit\u00e4neet artistin otsikoissa \u2013 eik\u00e4 vauhti n\u00e4yt\u00e4 hidastuvan.<\/p>\n<p class=\"article-content article-content-width !bg-background\">Artisti <a href=\"https:\/\/www.seiska.fi\/haku?q=isac%20elliot\" target=\"_blank\" rel=\"nofollow noopener\">Isac Elliotin<\/a> ura on ollut alusta asti poikkeuksellinen. Harva muistaa, ett\u00e4 artisti aloitti laulamisen jo kuusivuotiaana tunnetussa Cantores Minores -poikakuorossa.<\/p>\n<p class=\"font-weight-bold m-font-weight-bold article-content article-content-width !bg-background\">Video: Muistatko viel\u00e4, mist\u00e4 Isac Elliotin ura alkoi?<\/p>\n<p class=\"article-content article-content-width !bg-background\">L\u00e4pimurto tapahtui vuonna 2013, kun Isacista tuli teini-idoli. Sooloura l\u00e4hti vauhdikkaaseen nousuun, ja artisti ker\u00e4si nopeasti suosiota my\u00f6s Suomen rajojen ulkopuolella \u2013 erityisesti Pohjoismaissa.<\/p>\n<p class=\"article-content article-content-width !bg-background\">Vuosien varrella Isac on noussut otsikoihin my\u00f6s muista syist\u00e4 kuin musiikista. Artistin yksityiskoneella lent\u00e4minen her\u00e4tti aikanaan vilkasta keskustelua sosiaalisessa mediassa, ja keikoillaan Isac on kohauttanut my\u00f6s anteliaisuudellaan. H\u00e4n on jakanut yleis\u00f6\u00f6n rahaa ja yhdess\u00e4 illassa seteleit\u00e4 on palanut helposti jopa tuhansien eurojen edest\u00e4.<\/p>\n<p>                <img loading=\"lazy\" decoding=\"async\" src=\"https:\/\/www.europesays.com\/fi\/wp-content\/uploads\/2026\/06\/1750682.webp\" width=\"576\" height=\"720\" alt=\"Isac Elliot saapui tyylikk\u00e4\u00e4n\u00e4 El\u00e4m\u00e4 lapselle -hyv\u00e4ntekev\u00e4isyyskonserttiin.\" \/>            <\/p>\n<p>\n            Isac Elliot saapui tyylikk\u00e4\u00e4n\u00e4 El\u00e4m\u00e4 lapselle -hyv\u00e4ntekev\u00e4isyyskonserttiin.<br \/>\n            ATTE KAJOVA\n        <\/p>\n<p>        <a itemprop=\"url\" href=\"https:\/\/www.seiska.fi\/kotimaa\/someraivo-repesi-kaija-koon-paatoksesta\/2100872\" rel=\"nofollow noopener\" target=\"_blank\"><\/p>\n<p>\nKaija Koon valinta puhuttaa\n<\/p>\n<p class=\"section-date\">\n        <strong class=\"article-section\" data-section=\"kotimaa\"><br \/>\n            kotimaa<br \/>\n        <\/strong><br \/>\n        12.3. 18:30\n    <\/p>\n<p>Someraivo repesi Kaija Koon p\u00e4\u00e4t\u00f6ksest\u00e4\n    <\/p>\n<p itemprop=\"description\" class=\"subtitle \">\n    Kaija Koon asuvalinta ker\u00e4\u00e4 rajua kritiikki\u00e4.\n<\/p>\n<p>        <\/a><\/p>\n<p class=\"article-content article-content-width !bg-background\">Isacin yksityisel\u00e4m\u00e4 kiinnostaa faneja, ja artisti on ollut pitk\u00e4\u00e4n parisuhteessa kumppaninsa kanssa. My\u00f6s h\u00e4nen siskonsa <a href=\"https:\/\/www.seiska.fi\/haku?q=Ava%20Lund%C3%A9n\" target=\"_blank\" rel=\"nofollow noopener\">Ava Lund\u00e9n<\/a> on tullut monille tutuksi sosiaalisesta mediasta.\u00a0<\/p>\n<p class=\"article-content article-content-width !bg-background\">Avalla on yli 50 000 seuraajaa Instagramissa. H\u00e4n ty\u00f6skentelee stailistina ja seurustelee artisti <a href=\"https:\/\/www.seiska.fi\/haku?q=Averagekidluke\" target=\"_blank\" rel=\"nofollow noopener\">Averagekidluken<\/a> kanssa.<\/p>\n<p class=\"article-content article-content-width !bg-background\">Isacin STADIN Y\u00d6 -konsertti teki historiaa Helsingin j\u00e4\u00e4hallissa, mutta nyt h\u00e4n aikoo tehd\u00e4 kaiken viel\u00e4kin isommin. Artistin seuraava j\u00e4ttikeikka Nokia Areenalla myytiin loppuun alle kahdessa minuutissa.<\/p>\n<p class=\"article-content article-content-width !bg-background\">Nyky\u00e4\u00e4n Isac puhuu avoimesti aikuistumisesta, urapaineista ja p\u00e4\u00e4t\u00f6ksest\u00e4\u00e4n el\u00e4\u00e4 t\u00e4ysin raitista el\u00e4m\u00e4\u00e4.<\/p>\n<p>        <a itemprop=\"url\" href=\"https:\/\/www.seiska.fi\/kotimaa\/sanni-ja-isac-elliot-yllattava-peliliike\/2151414\" rel=\"nofollow noopener\" target=\"_blank\"><\/p>\n<p>\nSanni ja Isac Elliot:\n<\/p>\n<p class=\"section-date\">\n        <strong class=\"article-section\" data-section=\"kotimaa\"><br \/>\n            kotimaa<br \/>\n        <\/strong><br \/>\n        13.5. 21:00\n    <\/p>\n<p>Sanni ja Isac Elliot: Yll\u00e4tt\u00e4v\u00e4 peliliike\n    <\/p>\n<p itemprop=\"description\" class=\"subtitle \">\n    Sanni ja Isac Elliot kertoivat yll\u00e4tysuutisia.\n<\/p>\n<p>        <\/a><\/p>\n","protected":false},"excerpt":{"rendered":"20231212 HelsinkiEmma Gaala ehdokaspressi. Kuvassa Isac Elliot Kuva: Tomi Natri Tomi Natri Yksityiskonekohut ja tuhansien eurojen rahasateet ovat&hellip;\n","protected":false},"author":2,"featured_media":277916,"comment_status":"","ping_status":"","sticky":false,"template":"","format":"standard","meta":{"footnotes":"","_share_on_mastodon":"0"},"categories":[136],"tags":[3627,37535,37534,407,137,33,31,30,11574,13164,408,4810,1750,5159,212,47,17094,17093,1496,1240,2397,1417,32,109,24376],"class_list":["post-277915","post","type-post","status-publish","format-standard","has-post-thumbnail","category-julkkikset","tag-artisti","tag-ava-lunden","tag-cantores-minores","tag-celebrities","tag-entertainment","tag-fi","tag-finland","tag-finnish","tag-helsingin-jaahalli","tag-isac-elliot","tag-julkkikset","tag-keikka","tag-kohu","tag-laulaja","tag-lifestyle","tag-musiikki","tag-nokia-arena","tag-nokia-areena","tag-parisuhde","tag-raha","tag-seiska","tag-suhde","tag-suomi","tag-viihde","tag-yksityiskone"],"share_on_mastodon":{"url":"https:\/\/pubeurope.com\/@fi\/116756998478056825","error":""},"_links":{"self":[{"href":"https:\/\/www.europesays.com\/fi\/wp-json\/wp\/v2\/posts\/277915","targetHints":{"allow":["GET"]}}],"collection":[{"href":"https:\/\/www.europesays.com\/fi\/wp-json\/wp\/v2\/posts"}],"about":[{"href":"https:\/\/www.europesays.com\/fi\/wp-json\/wp\/v2\/types\/post"}],"author":[{"embeddable":true,"href":"https:\/\/www.europesays.com\/fi\/wp-json\/wp\/v2\/users\/2"}],"replies":[{"embeddable":true,"href":"https:\/\/www.europesays.com\/fi\/wp-json\/wp\/v2\/comments?post=277915"}],"version-history":[{"count":0,"href":"https:\/\/www.europesays.com\/fi\/wp-json\/wp\/v2\/posts\/277915\/revisions"}],"wp:featuredmedia":[{"embeddable":true,"href":"https:\/\/www.europesays.com\/fi\/wp-json\/wp\/v2\/media\/277916"}],"wp:attachment":[{"href":"https:\/\/www.europesays.com\/fi\/wp-json\/wp\/v2\/media?parent=277915"}],"wp:term":[{"taxonomy":"category","embeddable":true,"href":"https:\/\/www.europesays.com\/fi\/wp-json\/wp\/v2\/categories?post=277915"},{"taxonomy":"post_tag","embeddable":true,"href":"https:\/\/www.europesays.com\/fi\/wp-json\/wp\/v2\/tags?post=277915"}],"curies":[{"name":"wp","href":"https:\/\/api.w.org\/{rel}","templated":true}]}}