{"id":277985,"date":"2026-06-16T02:35:16","date_gmt":"2026-06-16T02:35:16","guid":{"rendered":"https:\/\/www.europesays.com\/fi\/277985\/"},"modified":"2026-06-16T02:35:16","modified_gmt":"2026-06-16T02:35:16","slug":"poliisilta-uutta-tietoa-kehitysvammaisten-kaltoinkohtelusta-kajaanissa-epailtyja-uhreja-kolme-kotimaa","status":"publish","type":"post","link":"https:\/\/www.europesays.com\/fi\/277985\/","title":{"rendered":"Poliisilta uutta tietoa kehitys\u00advammaisten kaltoin\u00adkohtelusta Kajaanissa: ep\u00e4iltyj\u00e4 uhreja kolme | Kotimaa"},"content":{"rendered":"<p class=\"aw__sc-1qwuw0s-0 aw__sc-1vg2sqm-0 epAWpq ecELkD yle__article__paragraph\">Nelj\u00e4\u00e4 vammaisten asumisyksik\u00f6n ty\u00f6ntekij\u00e4\u00e4 ep\u00e4ill\u00e4\u00e4n rikoksista. Uhriksi ep\u00e4ill\u00e4\u00e4n joutuneen kolme yksik\u00f6ss\u00e4 asuvaa henkil\u00f6\u00e4.<\/p>\n<p><img decoding=\"async\" alt=\"Kainuun hyvinvointialueen Rajamiehentien asumisyksikk\u00f6.\" src=\"https:\/\/www.europesays.com\/fi\/wp-content\/uploads\/2026\/06\/1778073629.jpeg\" class=\"aw__sc-dklauk-0 LPzKX\"\/><\/p>\n<p>Avaa kuvien katselu<\/p>\n<p>Ep\u00e4illyt rikokset ovat tapahtuneet Kajaanissa Rajamiehentien asumisyksik\u00f6ss\u00e4. Kuva: Timo Valtteri Sihvonen \/ Yle<\/p>\n<p class=\"aw__sc-1qwuw0s-0 aw__sc-ngllmo-0 epAWpq fzYpjk yle__article__paragraph\">Kolmen kehitysvammaisten asumisyksik\u00f6n asiakkaan ep\u00e4ill\u00e4\u00e4n joutuneen rikosten uhriksi Kajaanissa.<\/p>\n<p class=\"aw__sc-1qwuw0s-0 aw__sc-ngllmo-0 epAWpq fzYpjk yle__article__paragraph\">Ep\u00e4iltyn\u00e4 on nelj\u00e4 asumisyksik\u00f6n ty\u00f6ntekij\u00e4\u00e4.<\/p>\n<p class=\"aw__sc-1qwuw0s-0 aw__sc-ngllmo-0 epAWpq fzYpjk yle__article__paragraph\">Ep\u00e4iltyin\u00e4 rikosnimikkein\u00e4 on t\u00e4ll\u00e4 hetkell\u00e4 pakottaminen, pahoinpitely, virkavelvollisuuden rikkominen ja kunnianloukkaus.<\/p>\n<p class=\"aw__sc-1qwuw0s-0 aw__sc-ngllmo-0 epAWpq fzYpjk yle__article__paragraph\">Tapauksen esitutkinta alkaa olla loppusuoralla, kertoo tutkinnanjohtaja <strong class=\"aw__sc-ngllmo-2 gdRrun yle__article__strong\">Kimmo Tuulenkari<\/strong>.<\/p>\n<p class=\"aw__sc-1qwuw0s-0 aw__sc-ngllmo-0 epAWpq fzYpjk yle__article__paragraph\">\u2013 Olemme saaneet suoritettua asiaan liittyv\u00e4t kuulustelut ja esitutkintatoimet. Aletaan olla p\u00f6yt\u00e4kirjan kasaamisvaiheessa, Tuulenkari kertoo.<\/p>\n<p class=\"aw__sc-1qwuw0s-0 aw__sc-ngllmo-0 epAWpq fzYpjk yle__article__paragraph\">Uhrien m\u00e4\u00e4r\u00e4 on tarkentunut tutkinnan aikana. Tuulenkari kertoi Ylelle aiemmin, ett\u00e4 yksi selvitett\u00e4v\u00e4 asia tutkinnassa on ollut, kuinka moni asiaan liittyvist\u00e4 henkil\u00f6it\u00e4 on asianomistajia eli uhreja, ja kuinka moni heist\u00e4 on todistajan asemassa.<\/p>\n<p class=\"aw__sc-1qwuw0s-0 aw__sc-ngllmo-0 epAWpq fzYpjk yle__article__paragraph\">Tapaus tuli ilmi toukokuun alussa, kun Kainuun hyvinvointialue otti yhteytt\u00e4 poliisiin. Hyvinvointialue kertoi tuolloin tiedotteessaan, ett\u00e4 kehitysvammaisten ymp\u00e4rivuorokautisessa yksik\u00f6ss\u00e4 on ilmennyt ep\u00e4ilyj\u00e4 henkil\u00f6kunnan ep\u00e4asiallisesta k\u00e4yt\u00f6ksest\u00e4, joka olisi kohdistunut asukkaisiin.<\/p>\n<p class=\"aw__sc-1qwuw0s-0 aw__sc-ngllmo-0 epAWpq fzYpjk yle__article__paragraph\">Poliisi ja hyvinvointialue eiv\u00e4t ole toistaiseksi avanneet tapahtumia tarkemmin.<\/p>\n","protected":false},"excerpt":{"rendered":"Nelj\u00e4\u00e4 vammaisten asumisyksik\u00f6n ty\u00f6ntekij\u00e4\u00e4 ep\u00e4ill\u00e4\u00e4n rikoksista. Uhriksi ep\u00e4ill\u00e4\u00e4n joutuneen kolme yksik\u00f6ss\u00e4 asuvaa henkil\u00f6\u00e4. Avaa kuvien katselu Ep\u00e4illyt rikokset&hellip;\n","protected":false},"author":2,"featured_media":277986,"comment_status":"","ping_status":"","sticky":false,"template":"","format":"standard","meta":{"footnotes":"","_share_on_mastodon":"0"},"categories":[14],"tags":[22,23,26,27,33,31,30,17,2218,723,17023,71,24,25,28,29,15,18,21,1263,32,19,20,56,16,3578,59,60,61],"class_list":["post-277985","post","type-post","status-publish","format-standard","has-post-thumbnail","category-ulkomaat","tag-breaking-news","tag-breakingnews","tag-featured-news","tag-featurednews","tag-fi","tag-finland","tag-finnish","tag-headlines","tag-hyvinvointialueet","tag-kainuu","tag-kainuun-hyvinvointialue","tag-kotimaa","tag-latest-news","tag-latestnews","tag-main-news","tag-mainnews","tag-news","tag-otsikot","tag-paauutiset","tag-rikosepailyt","tag-suomi","tag-top-stories","tag-topstories","tag-ulkomaat","tag-uutiset","tag-vammaiset","tag-world","tag-world-news","tag-worldnews"],"share_on_mastodon":{"url":"https:\/\/pubeurope.com\/@fi\/116757458376112441","error":""},"_links":{"self":[{"href":"https:\/\/www.europesays.com\/fi\/wp-json\/wp\/v2\/posts\/277985","targetHints":{"allow":["GET"]}}],"collection":[{"href":"https:\/\/www.europesays.com\/fi\/wp-json\/wp\/v2\/posts"}],"about":[{"href":"https:\/\/www.europesays.com\/fi\/wp-json\/wp\/v2\/types\/post"}],"author":[{"embeddable":true,"href":"https:\/\/www.europesays.com\/fi\/wp-json\/wp\/v2\/users\/2"}],"replies":[{"embeddable":true,"href":"https:\/\/www.europesays.com\/fi\/wp-json\/wp\/v2\/comments?post=277985"}],"version-history":[{"count":0,"href":"https:\/\/www.europesays.com\/fi\/wp-json\/wp\/v2\/posts\/277985\/revisions"}],"wp:featuredmedia":[{"embeddable":true,"href":"https:\/\/www.europesays.com\/fi\/wp-json\/wp\/v2\/media\/277986"}],"wp:attachment":[{"href":"https:\/\/www.europesays.com\/fi\/wp-json\/wp\/v2\/media?parent=277985"}],"wp:term":[{"taxonomy":"category","embeddable":true,"href":"https:\/\/www.europesays.com\/fi\/wp-json\/wp\/v2\/categories?post=277985"},{"taxonomy":"post_tag","embeddable":true,"href":"https:\/\/www.europesays.com\/fi\/wp-json\/wp\/v2\/tags?post=277985"}],"curies":[{"name":"wp","href":"https:\/\/api.w.org\/{rel}","templated":true}]}}