{"id":278208,"date":"2026-06-16T08:30:11","date_gmt":"2026-06-16T08:30:11","guid":{"rendered":"https:\/\/www.europesays.com\/fi\/278208\/"},"modified":"2026-06-16T08:30:11","modified_gmt":"2026-06-16T08:30:11","slug":"noora-fagerstromin-petteri-puoliso-tuohtui-kesken-golf-kierroksen","status":"publish","type":"post","link":"https:\/\/www.europesays.com\/fi\/278208\/","title":{"rendered":"Noora Fagerstr\u00f6min Petteri-puoliso tuohtui kesken golf-kierroksen"},"content":{"rendered":"<p>            TIMO KORHONEN\n        <\/p>\n<p class=\"subtitle \">Pariskunnan vapaa-ajan vietto ei mennyt t\u00e4ll\u00e4 kertaa kuin Str\u00f6ms\u00f6ss\u00e4.<\/p>\n<p class=\"article-content article-content-width !bg-background\">Yritt\u00e4j\u00e4 ja poliitikko\u00a0 vietti kes\u00e4ist\u00e4 aktiviteetti-iltaa, kun k\u00e4py paloi.<\/p>\n<p class=\"font-weight-bold m-font-weight-bold article-content article-content-width !bg-background\">Tsekkaa my\u00f6s: Noora Fagerstr\u00f6m paljastaa turhimman ostoksensa<\/p>\n<p class=\"article-content article-content-width !bg-background\">Nooran ja h\u00e4nen miehens\u00e4  perheeseen kuuluu kolme lasta, mutta kaksikko on ehtinyt viett\u00e4\u00e4\u00a0laatuaikaa oletettavasti my\u00f6s kaksin.<\/p>\n<p class=\"article-content article-content-width !bg-background\">T\u00e4st\u00e4 todisteeksi Nooran Instagram-tilille ilmestyi huvittava video parivaljakon golf-retkelt\u00e4.<\/p>\n<p class=\"article-content article-content-width !bg-background\"> \u2013 Petskul meni hermo, se heitti sen mailan tonne mets\u00e4\u00e4n, Noora aloittaa videon kuvaten itse\u00e4\u00e4n k\u00e4velem\u00e4ss\u00e4 hiekkatiell\u00e4.<\/p>\n<p class=\"article-content article-content-width !bg-background\">Aviomiehest\u00e4\u00e4n puhuva Noora p\u00e4ivittelee, ett\u00e4 seuraava pelaaja oli jo odottanut vuoroaan Nooran noutaessa mets\u00e4\u00e4n lent\u00e4nytt\u00e4 peliv\u00e4linett\u00e4.<\/p>\n<p class=\"article-content article-content-width !bg-background\">\u2013\u00a0M\u00e4 k\u00e4vin hakemassa sen, Noora naureskelee tilanteelle.<\/p>\n<p class=\"article-content article-content-width !bg-background\">Petteri oli Nooran sanojen mukaan tuominnut k\u00e4ytt\u00e4m\u00e4ns\u00e4 mailamallin ja julistanut sen aina pett\u00e4neen h\u00e4net.<\/p>\n<p>        <a itemprop=\"url\" href=\"https:\/\/www.seiska.fi\/kotimaa\/nyt-se-tapahtui-noora-fagerstrom-osallistui-taysistuntoon-legginsseissa-ja-lenkkareissa\/1138920\" rel=\"nofollow noopener\" target=\"_blank\"><\/p>\n<p class=\"section-date\">\n        <strong class=\"article-section\" data-section=\"kotimaa\"><br \/>\n            kotimaa<br \/>\n        <\/strong><br \/>\n        15.9.2023 14:07\n    <\/p>\n<p>Nyt se tapahtui! Noora Fagerstr\u00f6m osallistui t\u00e4ysistuntoon legginsseiss\u00e4 ja lenkkareissa\n    <\/p>\n<p itemprop=\"description\" class=\"subtitle \">\n    Kansanedustaja Noora Fagerstr\u00f6m edusti rennossa asukokonaisuudessa.\n<\/p>\n<p>        <\/a><\/p>\n<p>Bunkkeri rankaisi<\/p>\n<p class=\"article-content article-content-width !bg-background\">Seuraavaksi videolla Petteri kuvaa vaimoaan, joka yritt\u00e4\u00e4 l\u00e4mi\u00e4 itsens\u00e4 pois pinteest\u00e4.\u00a0T\u00e4m\u00e4 on p\u00e4\u00e4tynyt pallonsa kanssa v\u00e4yl\u00e4ll\u00e4 sijainneeseen hiekkamonttuun, eik\u00e4 meinaa saada sit\u00e4 mill\u00e4\u00e4n pois sielt\u00e4.<\/p>\n<p>                <img decoding=\"async\" src=\"https:\/\/www.europesays.com\/fi\/wp-content\/uploads\/2026\/06\/2181979.webp\" width=\"576\" height=\"720\" alt=\"Noora suuntasi kes\u00e4illan ratoksi puolisoineen golfaamaan Kirkkonummelle.\" loading=\"lazy\" \/>            <\/p>\n<p>\n            Noora suuntasi kes\u00e4illan ratoksi puolisoineen golfaamaan Kirkkonummelle.<br \/>\n            TIMO KORHONEN\n        <\/p>\n<p class=\"article-content article-content-width !bg-background\">\u2013 T\u00e4\u00e4 on ping pong show! Oho kato, jatkuu, Petteri selostaa Nooran suoritusta hyv\u00e4ntuulisena.<\/p>\n<p class=\"article-content article-content-width !bg-background\">Videolta n\u00e4kee, ett\u00e4 yrityksi\u00e4 saada pallo seuraavaan ly\u00f6ntipaikkaan kertyy ainakin kahdeksan.<\/p>\n<p class=\"article-content article-content-width !bg-background\">Noora kuitenkin suhtautuu tilanteeseen kevein mielin ja jatkaa yritt\u00e4mist\u00e4 naurun s\u00e4est\u00e4m\u00e4n\u00e4.<\/p>\n<p class=\"article-content article-content-width !bg-background\">\u2013 Oii! Tota s\u00e4 hait, Petteri iloitsee vaimonsa onnistuessa ja video alkaa alusta.<\/p>\n<p>        <a itemprop=\"url\" href=\"https:\/\/www.seiska.fi\/kotimaa\/kohun-keskelle-joutunut-noora-fagerstrom-rikkoi-hiljaisuuden-sen-verran-sanon-etta\/1127695\" rel=\"nofollow noopener\" target=\"_blank\"><\/p>\n<p class=\"section-date\">\n        <strong class=\"article-section\" data-section=\"kotimaa\"><br \/>\n            kotimaa<br \/>\n        <\/strong><br \/>\n        3.9.2023 09:36\n    <\/p>\n<p>Kohun keskelle joutunut Noora Fagerstr\u00f6m rikkoi hiljaisuuden: &#8221;Sen verran sanon, ett\u00e4&#8230;&#8221;\n    <\/p>\n<p itemprop=\"description\" class=\"subtitle \">\n    Noora ollut otsikoissa sek\u00e4 omien lausuntojensa ett\u00e4 miehens\u00e4 somekommenttien takia.\n<\/p>\n<p>        <\/a><\/p>\n","protected":false},"excerpt":{"rendered":"TIMO KORHONEN Pariskunnan vapaa-ajan vietto ei mennyt t\u00e4ll\u00e4 kertaa kuin Str\u00f6ms\u00f6ss\u00e4. Yritt\u00e4j\u00e4 ja poliitikko\u00a0 vietti kes\u00e4ist\u00e4 aktiviteetti-iltaa, kun&hellip;\n","protected":false},"author":2,"featured_media":278209,"comment_status":"","ping_status":"","sticky":false,"template":"","format":"standard","meta":{"footnotes":"","_share_on_mastodon":"0"},"categories":[136],"tags":[407,137,33,31,30,3978,408,7697,212,23906,23904,32,109],"class_list":["post-278208","post","type-post","status-publish","format-standard","has-post-thumbnail","category-julkkikset","tag-celebrities","tag-entertainment","tag-fi","tag-finland","tag-finnish","tag-golf","tag-julkkikset","tag-jungle-juice-bar","tag-lifestyle","tag-noora-fagerstrom","tag-petteri-fagerstrom","tag-suomi","tag-viihde"],"share_on_mastodon":{"url":"https:\/\/pubeurope.com\/@fi\/116758854473387585","error":""},"_links":{"self":[{"href":"https:\/\/www.europesays.com\/fi\/wp-json\/wp\/v2\/posts\/278208","targetHints":{"allow":["GET"]}}],"collection":[{"href":"https:\/\/www.europesays.com\/fi\/wp-json\/wp\/v2\/posts"}],"about":[{"href":"https:\/\/www.europesays.com\/fi\/wp-json\/wp\/v2\/types\/post"}],"author":[{"embeddable":true,"href":"https:\/\/www.europesays.com\/fi\/wp-json\/wp\/v2\/users\/2"}],"replies":[{"embeddable":true,"href":"https:\/\/www.europesays.com\/fi\/wp-json\/wp\/v2\/comments?post=278208"}],"version-history":[{"count":0,"href":"https:\/\/www.europesays.com\/fi\/wp-json\/wp\/v2\/posts\/278208\/revisions"}],"wp:featuredmedia":[{"embeddable":true,"href":"https:\/\/www.europesays.com\/fi\/wp-json\/wp\/v2\/media\/278209"}],"wp:attachment":[{"href":"https:\/\/www.europesays.com\/fi\/wp-json\/wp\/v2\/media?parent=278208"}],"wp:term":[{"taxonomy":"category","embeddable":true,"href":"https:\/\/www.europesays.com\/fi\/wp-json\/wp\/v2\/categories?post=278208"},{"taxonomy":"post_tag","embeddable":true,"href":"https:\/\/www.europesays.com\/fi\/wp-json\/wp\/v2\/tags?post=278208"}],"curies":[{"name":"wp","href":"https:\/\/api.w.org\/{rel}","templated":true}]}}