{"id":27822,"date":"2025-09-07T02:57:20","date_gmt":"2025-09-07T02:57:20","guid":{"rendered":"https:\/\/www.europesays.com\/fi\/27822\/"},"modified":"2025-09-07T02:57:20","modified_gmt":"2025-09-07T02:57:20","slug":"abreun-areenakeikka-myi-loppuun-minuuteissa","status":"publish","type":"post","link":"https:\/\/www.europesays.com\/fi\/27822\/","title":{"rendered":"Abreun areenakeikka myi loppuun minuuteissa"},"content":{"rendered":"<p>Abreu keikkaileekin Veikkaus-areenalla ainakin kahtena iltana. <\/p>\n<p><img decoding=\"async\" class=\"image image-show image-preview\" src=\"https:\/\/www.europesays.com\/fi\/wp-content\/uploads\/2025\/09\/f9764c34b7c17b2a889f8e21e317781d633e8828dfd3457a89c15ecca24ded17.jpg\" alt=\"\"\/><img decoding=\"async\" class=\"image image-show\" src=\"https:\/\/www.europesays.com\/fi\/wp-content\/uploads\/2025\/09\/1757213840_432_f9764c34b7c17b2a889f8e21e317781d633e8828dfd3457a89c15ecca24ded17.jpg\" alt=\"\"\/><\/p>\n<p>Abreu j\u00e4tt\u00e4\u00e4 artistiuransa tauolle areenakonserttien my\u00f6t\u00e4.  Antti Nikkanen<\/p>\n<p class=\"paragraph\">Abreun Veikkaus-areenan konsertti myi loppuun yhdeks\u00e4ss\u00e4 minuutissa, kerrotaan Warner Musicin tiedottessa.<\/p>\n<p class=\"paragraph\"><a href=\"https:\/\/www.iltalehti.fi\/henkilot\/Abreu\" class=\"article-link-person-page\" rel=\"nofollow noopener\" target=\"_blank\">Anna Abreu<\/a> (nyk. Heiskari) ilmoitti <a href=\"https:\/\/www.iltalehti.fi\/musiikki\/5c0ca692-8338-46cd-b58f-d16bc29f302c\" rel=\"nofollow noopener\" target=\"_blank\">viime viikolla<\/a> juhlistavansa 20 vuotta kest\u00e4nytt\u00e4 uraansa areenakonsertin merkeiss\u00e4 ensi maaliskuussa.<\/p>\n<p class=\"paragraph\">Carnaval de Abreu -juhlakonsertin lipunmyynti lauantaina 21. maaliskuuta j\u00e4rjestett\u00e4v\u00e4lle keikalle alkoi t\u00e4n\u00e4\u00e4n perjantaina kello 9 ja monet fanit j\u00e4iv\u00e4t harmikseen ilman lippua.<\/p>\n<p class=\"paragraph\">Sitten lipunmyyntipalveluun ilmestyi lis\u00e4keikka ja lipunmyynti avautui saman tien my\u00f6s perjantaina 20. maaliskuuta Veikkaus-areenalla j\u00e4rjestett\u00e4v\u00e4lle lis\u00e4keikalle.<\/p>\n<p class=\"paragraph\">Konserteissa kuullaan kattava l\u00e4pileikkaus Abreun uralta ensimm\u00e4isest\u00e4 englanninkielisest\u00e4 levyst\u00e4 tuoreimpiin hitteihin.<\/p>\n<p class=\"paragraph\">\u2013 Vaikka kyse on karnevaaleista, mukana on my\u00f6s pieni haikeus, sill\u00e4 n\u00e4m\u00e4 ovat viimeiset keikkani vuosiin, Abreu kommentoi aiemmin tiedotteessa.<\/p>\n<p class=\"paragraph\">Abreu aikoo j\u00e4\u00e4d\u00e4 ensi vuoden areenakeikkojen j\u00e4lkeen tauolle. H\u00e4n <a href=\"https:\/\/www.iltalehti.fi\/musiikki\/19bc2882-da81-4ff3-a5c5-a375a4897c23\" rel=\"nofollow noopener\" target=\"_blank\">on ilmoittanut aiemmin<\/a>, ett\u00e4 aikoo laittaa artistiuransa tauolle vuosiksi ja keskitty\u00e4 musiikin sijaan johonkin muuhun.<\/p>\n","protected":false},"excerpt":{"rendered":"Abreu keikkaileekin Veikkaus-areenalla ainakin kahtena iltana. Abreu j\u00e4tt\u00e4\u00e4 artistiuransa tauolle areenakonserttien my\u00f6t\u00e4. Antti Nikkanen Abreun Veikkaus-areenan konsertti myi&hellip;\n","protected":false},"author":2,"featured_media":27823,"comment_status":"","ping_status":"","sticky":false,"template":"","format":"standard","meta":{"footnotes":""},"categories":[130],"tags":[35,138,137,33,31,30,525,47,141,32,484,109],"class_list":{"0":"post-27822","1":"post","2":"type-post","3":"status-publish","4":"format-standard","5":"has-post-thumbnail","7":"category-viihde","8":"tag-24h","9":"tag-audio","10":"tag-entertainment","11":"tag-fi","12":"tag-finland","13":"tag-finnish","14":"tag-laulaminen-ja-laulajat","15":"tag-musiikki","16":"tag-muusikot-bandit","17":"tag-suomi","18":"tag-taiteellinen-ilmaisu-ja-mediat","19":"tag-viihde"},"share_on_mastodon":{"url":"","error":""},"_links":{"self":[{"href":"https:\/\/www.europesays.com\/fi\/wp-json\/wp\/v2\/posts\/27822","targetHints":{"allow":["GET"]}}],"collection":[{"href":"https:\/\/www.europesays.com\/fi\/wp-json\/wp\/v2\/posts"}],"about":[{"href":"https:\/\/www.europesays.com\/fi\/wp-json\/wp\/v2\/types\/post"}],"author":[{"embeddable":true,"href":"https:\/\/www.europesays.com\/fi\/wp-json\/wp\/v2\/users\/2"}],"replies":[{"embeddable":true,"href":"https:\/\/www.europesays.com\/fi\/wp-json\/wp\/v2\/comments?post=27822"}],"version-history":[{"count":0,"href":"https:\/\/www.europesays.com\/fi\/wp-json\/wp\/v2\/posts\/27822\/revisions"}],"wp:featuredmedia":[{"embeddable":true,"href":"https:\/\/www.europesays.com\/fi\/wp-json\/wp\/v2\/media\/27823"}],"wp:attachment":[{"href":"https:\/\/www.europesays.com\/fi\/wp-json\/wp\/v2\/media?parent=27822"}],"wp:term":[{"taxonomy":"category","embeddable":true,"href":"https:\/\/www.europesays.com\/fi\/wp-json\/wp\/v2\/categories?post=27822"},{"taxonomy":"post_tag","embeddable":true,"href":"https:\/\/www.europesays.com\/fi\/wp-json\/wp\/v2\/tags?post=27822"}],"curies":[{"name":"wp","href":"https:\/\/api.w.org\/{rel}","templated":true}]}}