{"id":27828,"date":"2025-09-07T03:02:10","date_gmt":"2025-09-07T03:02:10","guid":{"rendered":"https:\/\/www.europesays.com\/fi\/27828\/"},"modified":"2025-09-07T03:02:10","modified_gmt":"2025-09-07T03:02:10","slug":"saitko-tallaisen-laskun-nyt-on-syyta-olla-tarkkana","status":"publish","type":"post","link":"https:\/\/www.europesays.com\/fi\/27828\/","title":{"rendered":"Saitko t\u00e4llaisen laskun? \u2013 Nyt on syyt\u00e4 olla tarkkana"},"content":{"rendered":"<p class=\"article-ingress--medium\">Porin talouspomo my\u00f6nt\u00e4\u00e4 ongelman ja kertoo, mist\u00e4 se johtuu, mutta korostaa ik\u00e4vien laskujen olevan my\u00f6s perusteltuja.<\/p>\n<p><img decoding=\"async\" src=\"https:\/\/www.europesays.com\/fi\/wp-content\/uploads\/2025\/09\/1757214130_14_468.jpg\" alt=\"Ongelmalaskuissa on voinut olla kyse jopa tuhansien eurojen suuruisista summista.\" class=\"_Img_tdqg8_1\" style=\"aspect-ratio:1.3793103448275863\" loading=\"eager\"\/><\/p>\n<p class=\"article-picture-caption\">Ongelmalaskuissa on voinut olla kyse jopa tuhansien eurojen suuruisista summista. Kuva:\u00a0Kari Mankonen<\/p>\n<p><a href=\"https:\/\/www.satakunnankansa.fi\/haku\/?query=Eetu+Set%C3%A4nen\" rel=\"nofollow noopener\" target=\"_blank\"><\/p>\n<p>Eetu Set\u00e4nen<\/p>\n<p><\/a><\/p>\n<p>6.9. 6:00<\/p>\n<p class=\"article-body margin-bottom-24 padding-x-16\">Pori<\/p>\n<p class=\"article-body margin-bottom-24 padding-x-16\">Porin kaupunki on l\u00e4hett\u00e4nyt viime kuukausien aikana laskuja, joissa perit\u00e4\u00e4n jopa kolmen vuoden takaisia saatavia. Kaupungin talous- ja hallintojohtaja <a class=\"article-personlink\" href=\"https:\/\/www.satakunnankansa.fi\/haku\/?query=Tuomas%20Hatanp%C3%A4%C3%A4\" rel=\"nofollow noopener\" target=\"_blank\">Tuomas Hatanp\u00e4\u00e4<\/a> vahvistaa, ett\u00e4 tietyt laskut ovat j\u00e4rjestelm\u00e4virheen vuoksi l\u00e4hteneet reippaasti my\u00f6h\u00e4ss\u00e4.<\/p>\n<p>KommentoiIlmoita asiavirheest\u00e4KommentoiIlmoita asiavirheest\u00e4<\/p>\n","protected":false},"excerpt":{"rendered":"Porin talouspomo my\u00f6nt\u00e4\u00e4 ongelman ja kertoo, mist\u00e4 se johtuu, mutta korostaa ik\u00e4vien laskujen olevan my\u00f6s perusteltuja. Ongelmalaskuissa on&hellip;\n","protected":false},"author":2,"featured_media":27829,"comment_status":"","ping_status":"","sticky":false,"template":"","format":"standard","meta":{"footnotes":""},"categories":[12],"tags":[22,23,26,27,33,31,30,17,24,25,28,29,15,18,21,80,32,19,20,16],"class_list":{"0":"post-27828","1":"post","2":"type-post","3":"status-publish","4":"format-standard","5":"has-post-thumbnail","7":"category-suomi","8":"tag-breaking-news","9":"tag-breakingnews","10":"tag-featured-news","11":"tag-featurednews","12":"tag-fi","13":"tag-finland","14":"tag-finnish","15":"tag-headlines","16":"tag-latest-news","17":"tag-latestnews","18":"tag-main-news","19":"tag-mainnews","20":"tag-news","21":"tag-otsikot","22":"tag-paauutiset","23":"tag-satakunnan-kansa","24":"tag-suomi","25":"tag-top-stories","26":"tag-topstories","27":"tag-uutiset"},"share_on_mastodon":{"url":"","error":""},"_links":{"self":[{"href":"https:\/\/www.europesays.com\/fi\/wp-json\/wp\/v2\/posts\/27828","targetHints":{"allow":["GET"]}}],"collection":[{"href":"https:\/\/www.europesays.com\/fi\/wp-json\/wp\/v2\/posts"}],"about":[{"href":"https:\/\/www.europesays.com\/fi\/wp-json\/wp\/v2\/types\/post"}],"author":[{"embeddable":true,"href":"https:\/\/www.europesays.com\/fi\/wp-json\/wp\/v2\/users\/2"}],"replies":[{"embeddable":true,"href":"https:\/\/www.europesays.com\/fi\/wp-json\/wp\/v2\/comments?post=27828"}],"version-history":[{"count":0,"href":"https:\/\/www.europesays.com\/fi\/wp-json\/wp\/v2\/posts\/27828\/revisions"}],"wp:featuredmedia":[{"embeddable":true,"href":"https:\/\/www.europesays.com\/fi\/wp-json\/wp\/v2\/media\/27829"}],"wp:attachment":[{"href":"https:\/\/www.europesays.com\/fi\/wp-json\/wp\/v2\/media?parent=27828"}],"wp:term":[{"taxonomy":"category","embeddable":true,"href":"https:\/\/www.europesays.com\/fi\/wp-json\/wp\/v2\/categories?post=27828"},{"taxonomy":"post_tag","embeddable":true,"href":"https:\/\/www.europesays.com\/fi\/wp-json\/wp\/v2\/tags?post=27828"}],"curies":[{"name":"wp","href":"https:\/\/api.w.org\/{rel}","templated":true}]}}