{"id":27851,"date":"2025-09-07T03:43:09","date_gmt":"2025-09-07T03:43:09","guid":{"rendered":"https:\/\/www.europesays.com\/fi\/27851\/"},"modified":"2025-09-07T03:43:09","modified_gmt":"2025-09-07T03:43:09","slug":"turun-kirjamessut-aloittavat-uuden-tarinan","status":"publish","type":"post","link":"https:\/\/www.europesays.com\/fi\/27851\/","title":{"rendered":"Turun Kirjamessut aloittavat uuden tarinan"},"content":{"rendered":"<p>            <a href=\"https:\/\/turunseutusanomat.fi\/wp-content\/uploads\/2023\/10\/Turun-Kirjamessut-Pikkulin-Laululeikkishow-web.jpg\" data-caption=\"Turun Kirjamessujen nuorimpia k\u00e4vij\u00f6it\u00e4 ilahduttaa Pikkulin laululeikkishow. Kuva: Turun Seutusanomien arkisto \/ Katariina M\u00e4kinen-\u00d6nsoy.\" rel=\"nofollow noopener\" target=\"_blank\"><img loading=\"lazy\" decoding=\"async\" width=\"696\" height=\"464\" class=\"entry-thumb td-modal-image lazyload\" src=\"https:\/\/www.europesays.com\/fi\/wp-content\/uploads\/2025\/09\/Turun-Kirjamessut-Pikkulin-Laululeikkishow-web-696x464.jpg\"  data- alt=\"Turun Kirjamessujen nuorimpia k\u00e4vij\u00f6it\u00e4 ilahduttaa Pikkulin laululeikkishow. Kuva: Katariina M\u00e4kinen-\u00d6nsoy.\" title=\"Turun Kirjamessut Pikkulin Laululeikkishow web\" style=\"--smush-placeholder-width: 696px; --smush-placeholder-aspect-ratio: 696\/464;\"\/><\/a>Turun Kirjamessujen nuorimpia k\u00e4vij\u00f6it\u00e4 ilahduttaa Pikkulin laululeikkishow. Kuva: Turun Seutusanomien arkisto \/ Katariina M\u00e4kinen-\u00d6nsoy.            <\/p>\n<p>T\u00e4n\u00e4 vuonna 35-vuotista taivaltaan juhliva Turun Kirjamessut j\u00e4rjestet\u00e4\u00e4n ensimm\u00e4ist\u00e4 kertaa Logomossa, jonka upeissa puitteissa ajankohtaiset kirjailijat ja yhteiskunnalliset vaikuttajat tapaavat 3.\u20135. lokakuuta.<\/p>\n<p>Ohjelmaa j\u00e4rjestet\u00e4\u00e4n yhdeks\u00e4ll\u00e4 eri lavalla. Viikonlopun aikana n\u00e4hd\u00e4\u00e4n kaikkiaan yli 340 ohjelmanumeroa ja noin 600 esiintyj\u00e4\u00e4. Kirjailijoiden lis\u00e4ksi keskusteluihin osallistuu poliitikkoja, tutkijoita, vaikuttajia ja kulttuurialan toimijoita.<\/p>\n<p data-olk-copy-source=\"MessageBody\">Turun\u00a0Kirjamessujen t\u00e4m\u00e4n vuoden teema\u00a0Aloita uusi tarina\u00a0k\u00e4\u00e4nt\u00e4\u00e4 uuden sivun my\u00f6s messujen historiassa, kun Suomen vanhimmat\u00a0kirjamessut aloittaa uuden oman tarinansa Logomossa. Ainutlaatuisessa milj\u00f6\u00f6ss\u00e4 on ollut 1800-luvun lopusta l\u00e4htien verstas- ja konepajatoimintaa, mik\u00e4 on toiminut my\u00f6s inspiraationa messulavojen uusissa nimiss\u00e4:\u00a0Veturi, Asema, Risteys, Rata, Verstas, Ikkunapaikka, Pajala, Pys\u00e4kki\u00a0ja\u00a0El\u00e4mysvaunu.<\/p>\n<p>Keskeinen sijainti aivan Turun rautatieaseman l\u00e4heisyydess\u00e4 kuljettaa kirjallisuuden yst\u00e4v\u00e4t perille saakka. Turun\u00a0Kirjamessujen ohjelmajohtaja, kirjailija\u00a0<strong>Vilja-Tuulia Huotarinen<\/strong>\u00a0uskoo Logomon taikaan:<\/p>\n<p>\u2013 Tunnelma Logomon viihtyisiss\u00e4 tiloissa tulee olemaan hehkuvan innostunut ja keskittynyt, v\u00e4lill\u00e4 my\u00f6s vakava ja harras.<\/p>\n<p><strong>Monipuolinen kattaus <\/strong>ajankohtaisia kirjailijoita.<\/p>\n<p>Turun\u00a0Kirjamessuilla esiintyy t\u00e4n\u00e4 vuonna suuri joukko tunnettuja kotimaisia kirjailijanimi\u00e4. Uusista teoksistaan kertovat muun muassa\u00a0Emmi It\u00e4ranta,\u00a0Iida Turpeinen,\u00a0Juha Itkonen,\u00a0Satu R\u00e4m\u00f6,\u00a0Max Seeck,\u00a0Tuomas Kyr\u00f6,\u00a0Heli Laaksonen,\u00a0Matti R\u00f6nk\u00e4\u00a0ja\u00a0Katja Tukiainen.<\/p>\n<p>Ruotsinkielinen kirjallisuus on n\u00e4kyv\u00e4sti mukana messuilla. Lavalle nousevat muun muassa kirjailijat\u00a0Merete Mazzarella,\u00a0Malin Kivel\u00e4,\u00a0Peter Sandstr\u00f6m,\u00a0Janne Ramstedt,\u00a0Johnny\u00a0Ramstedt\u00a0ja\u00a0Ann-Luise Bertell.\u00a0Kirjamessuilla n\u00e4hd\u00e4\u00e4n my\u00f6s kansainv\u00e4lisi\u00e4 kirjailijavieraita, esimerkiksi irlantilainen palkittu runoilija\u00a0Michael O\u2019Loughlin\u00a0sek\u00e4 virolaiset nykykirjallisuuden huippunimet\u00a0Urmas Vadi,\u00a0K\u00e4tlin Kaldmaa\u00a0ja\u00a0Tiit Aleksejev.<\/p>\n<p>El\u00e4m\u00e4kerrat ja muistelmat tuovat messulavalle muun muassa\u00a0Topi Borgin, muusikko\u00a0Samuli\u00a0Putron, n\u00e4yttelij\u00e4, kirjailija\u00a0Anna-Leena H\u00e4rk\u00f6sen, ohjaaja-tietokirjailija\u00a0Tuomas Milonoffin, laulaja\u00a0Laura Voutilaisen\u00a0sek\u00e4 n\u00e4yttelij\u00e4\u00a0Jarmo Kosken.<\/p>\n<p><strong>Keskusteluja uusista <\/strong>aluista kulttuurin ja yhteiskunnan nykytilanteessa.<\/p>\n<p>Turun\u00a0Kirjamessujen t\u00e4m\u00e4nvuotista teemaa\u00a0Aloita uusi tarina\u00a0l\u00e4hestyt\u00e4\u00e4n ohjelmassa monipuolisesti ja yhteiskunnallisesti. Paneelikeskusteluissa pureudutaan esimerkiksi kirja-alan rakenteisiin ja kulttuuripolitiikkaan.<\/p>\n<p>\u2013 T\u00e4ss\u00e4 maailmantilanteessa tarvitsemme uusia alkuja. Lavoilla pohditaan my\u00f6s tulevaisuudesta kirjoittamista ja kuvitellaan yhteis\u00f6ille ja yhteiskunnalle mahdollisuuksia l\u00f6yt\u00e4\u00e4 elintilaa jatkossakin koneiden kanssa rinnakkain el\u00e4en. Kuka sen uuden maailman kuvittelee, jos ei kirjailija? Ja mieluiten monella \u00e4\u00e4nell\u00e4, toteaa Vilja-Tuulia Huotarinen.<\/p>\n<p>Messuilla k\u00e4yd\u00e4\u00e4n my\u00f6s keskusteluja sivistyksen ja empatian merkityksest\u00e4: perjantaina 3.10. presidentti\u00a0Tarja Halonen\u00a0ja painonnostaja, voimanostaja\u00a0Anni Vuohijoki\u00a0pohtivat sivistyksen olemusta, nykytilaa ja tulevaisuutta haastattelija\u00a0Helmi Jyrkk\u00e4sen\u00a0kanssa. Sunnuntaina 5.10. n\u00e4hd\u00e4\u00e4n Empatia ja yhteiskunta -niminen keskustelu, jossa kouluttajapsykoterapeutti\u00a0Maaret Kallio, kirjailija\u00a0Nina Honkanen\u00a0sek\u00e4 arvofilosofi ja eetikko\u00a0Antti Kylli\u00e4inen\u00a0puhuvat empatiasta menestymisen ehtona. Samana p\u00e4iv\u00e4n\u00e4 uusien ja vanhojen tarinoiden \u00e4\u00e4rell\u00e4 kohtaavat my\u00f6s kaksi vetovoimaista esiintyj\u00e4\u00e4, n\u00e4yttelij\u00e4\u00a0Seela Sella\u00a0ja arkkipiispa\u00a0Tapio Luoma.<\/p>\n<p>\u2013 T\u00e4n\u00e4 vuonna kuullaan kaikenlaisten kirjojen lis\u00e4ksi my\u00f6s lukijoita. Lukeminen on rakas harrastus ja el\u00e4m\u00e4ntapa, usein jopa el\u00e4m\u00e4nsuunnan muuttaja, ihan kaikissa ik\u00e4luokissa, kertoo ohjelmajohtaja Huotarinen.<\/p>\n<p><strong>Paikallisuus n\u00e4kyy<\/strong> messuohjelmassa monin tavoin.<\/p>\n<p>Perjantaina 3.10. muistellaan Turun\u00a0Kirjamessujen ensimm\u00e4ist\u00e4 35 vuotta ja kurkistellaan kohti tulevaa. Paneelikeskusteluissa k\u00e4yd\u00e4\u00e4n l\u00e4pi Turun ja turkulaisten kustantamojen kirjallista historiaa sek\u00e4 pohditaan, mit\u00e4 on turkulaisuus. Keskusteluihin osallistuvat muun muassa tietokirjailija\u00a0Juri Nummelin\u00a0ja yritt\u00e4j\u00e4 ja somevaikuttaja\u00a0Juhani Koskinen\u00a0ja Visit Turku Archipelagon viestint\u00e4- ja pr-p\u00e4\u00e4llikk\u00f6\u00a0Heli Nieminen.<\/p>\n<p>Turku ja Turun seudun kulttuuritoimijoista ohjelmaa j\u00e4rjest\u00e4v\u00e4t muun muassa Turun filharmoninen orkesteri, Turun Nuori Teatteri, Lounais-Suomen kirjailijat ry., Turun Journalistiyhdistys, Turun yliopisto, Turun Kaupunginteatteri, Turkuseura, Sammakko ja Turun kaupunginkirjasto. Turun seudulla asuvista kirjailijoista messuilla on mukana esimerkiksi\u00a0Patricia G. Bert\u00e9nyi,\u00a0Roope Lipasti,\u00a0Magdalena Hai,\u00a0Jenna Kostet\u00a0ja\u00a0Jussi Sudenlehti.<\/p>\n<p>Turun\u00a0Kirjamessuilla omasta lukemisestaan kertovat muun muassa n\u00e4yttelij\u00e4\u00a0Krista Kosonen\u00a0ja suosittu tubettaja\u00a0Satuset\u00e4.<\/p>\n<p>Messuilla on runsaasti ohjelmaa my\u00f6s lapsille ja nuorille. Perjantaina 3.10. on luvassa nuorten kirjasarjojen tekij\u00f6iden keskustelussa uusia alkuja ja haikeita j\u00e4\u00e4hyv\u00e4isi\u00e4 ja lauantaina 4.10. perheen pienimmille supersuositun\u00a0Pikkulin\u00a0iloinen laululeikkishow. My\u00f6s lapsille suunnattuja ty\u00f6pajoja on t\u00e4n\u00e4 vuonna mukana enn\u00e4tysm\u00e4\u00e4r\u00e4.<\/p>\n<p>Messujen koko ohjelma ja lipunmyynti l\u00f6ytyy osoitteesta <a title=\"http:\/\/xtgk1.mjt.lu\/lnk\/EAAAB34YtZEAAc4aF8oAAGsYnQUAAAABFBYAAAAAABLIdABot9mU9_sOjJSDR_aIJrvLZTxMmwASwH0\/2\/DMAJ7-iOBh64SVFdW1b0BA\/aHR0cDovL2tpcmphbWVzc3V0LmZp\" href=\"http:\/\/xtgk1.mjt.lu\/lnk\/EAAAB34YtZEAAc4aF8oAAGsYnQUAAAABFBYAAAAAABLIdABot9mU9_sOjJSDR_aIJrvLZTxMmwASwH0\/2\/DMAJ7-iOBh64SVFdW1b0BA\/aHR0cDovL2tpcmphbWVzc3V0LmZp\" data-auth=\"NotApplicable\" data-linkindex=\"1\" rel=\"nofollow noopener\" target=\"_blank\">kirjamessut.fi<\/a>.<\/p>\n<blockquote class=\"td_quote_box td_box_left\">\n<p>Turun Seutusanomat<\/p>\n<\/blockquote>\n<p>\u00a0<\/p>\n<p>\u00a0<\/p>\n<p><strong>Tiesitk\u00f6?<\/strong><\/p>\n<p>\u2022 Vuodesta 1994 j\u00e4rjestettyyn Runo-Kaarina -kilpailuun tuli kaikkiaan 175 k\u00e4sikirjoitusta, joista raati valitsi voittajaksi porilaisen Annimaria Laukola-Lehtosen k\u00e4sikirjoituksen. Kaarinan kaupunki kustantaa Laukola-Lehtosen kokoelman, joka julkaistaan Turun Kirjamessuilla.<\/p>\n","protected":false},"excerpt":{"rendered":"Turun Kirjamessujen nuorimpia k\u00e4vij\u00f6it\u00e4 ilahduttaa Pikkulin laululeikkishow. Kuva: Turun Seutusanomien arkisto \/ Katariina M\u00e4kinen-\u00d6nsoy. T\u00e4n\u00e4 vuonna 35-vuotista taivaltaan&hellip;\n","protected":false},"author":2,"featured_media":27852,"comment_status":"","ping_status":"","sticky":false,"template":"","format":"standard","meta":{"footnotes":""},"categories":[134],"tags":[377,137,33,31,30,378,32,109],"class_list":{"0":"post-27851","1":"post","2":"type-post","3":"status-publish","4":"format-standard","5":"has-post-thumbnail","7":"category-kirjat","8":"tag-books","9":"tag-entertainment","10":"tag-fi","11":"tag-finland","12":"tag-finnish","13":"tag-kirjat","14":"tag-suomi","15":"tag-viihde"},"share_on_mastodon":{"url":"","error":""},"_links":{"self":[{"href":"https:\/\/www.europesays.com\/fi\/wp-json\/wp\/v2\/posts\/27851","targetHints":{"allow":["GET"]}}],"collection":[{"href":"https:\/\/www.europesays.com\/fi\/wp-json\/wp\/v2\/posts"}],"about":[{"href":"https:\/\/www.europesays.com\/fi\/wp-json\/wp\/v2\/types\/post"}],"author":[{"embeddable":true,"href":"https:\/\/www.europesays.com\/fi\/wp-json\/wp\/v2\/users\/2"}],"replies":[{"embeddable":true,"href":"https:\/\/www.europesays.com\/fi\/wp-json\/wp\/v2\/comments?post=27851"}],"version-history":[{"count":0,"href":"https:\/\/www.europesays.com\/fi\/wp-json\/wp\/v2\/posts\/27851\/revisions"}],"wp:featuredmedia":[{"embeddable":true,"href":"https:\/\/www.europesays.com\/fi\/wp-json\/wp\/v2\/media\/27852"}],"wp:attachment":[{"href":"https:\/\/www.europesays.com\/fi\/wp-json\/wp\/v2\/media?parent=27851"}],"wp:term":[{"taxonomy":"category","embeddable":true,"href":"https:\/\/www.europesays.com\/fi\/wp-json\/wp\/v2\/categories?post=27851"},{"taxonomy":"post_tag","embeddable":true,"href":"https:\/\/www.europesays.com\/fi\/wp-json\/wp\/v2\/tags?post=27851"}],"curies":[{"name":"wp","href":"https:\/\/api.w.org\/{rel}","templated":true}]}}