{"id":27916,"date":"2025-09-07T05:28:08","date_gmt":"2025-09-07T05:28:08","guid":{"rendered":"https:\/\/www.europesays.com\/fi\/27916\/"},"modified":"2025-09-07T05:28:08","modified_gmt":"2025-09-07T05:28:08","slug":"alone-suomi-arvio-valtavan-rankaksi-kuvailtu-tosi-tv-ohjelma-on-hammentavaa-katsottavaa","status":"publish","type":"post","link":"https:\/\/www.europesays.com\/fi\/27916\/","title":{"rendered":"Alone Suomi arvio: Valtavan rankaksi kuvailtu tosi-tv-ohjelma on h\u00e4mment\u00e4v\u00e4\u00e4 katsottavaa"},"content":{"rendered":"<p>Maailman rankimmaksi tosi-tv-kisaksi kutsuttu Alone rantautui Suomeen. Lopputulos on oudon lupsakkaa er\u00e4jormailua.<\/p>\n<p class=\"article-body margin-bottom-24 padding-x-16\">Tv-lehti arvioi: Tuuli ujeltaa Inarin er\u00e4maassa, kun mets\u00e4st\u00e4 kuuluu \u00e4hk\u00e4isy.<\/p>\n<p class=\"article-body margin-bottom-24 padding-x-16\">\u2013 Kaikki on mennyt ihan p\u00e4in helvetti\u00e4!<\/p>\n<p class=\"article-body margin-bottom-24 padding-x-16\">Majapaikkansa kanssa tappeleva <a class=\"article-personlink\" href=\"https:\/\/www.is.fi\/haku\/?query=Liisa\" rel=\"nofollow noopener\" target=\"_blank\">Liisa<\/a>, 60, on yksi niist\u00e4 kahdeksasta suomalaisesta, jotka k\u00e4rvistelev\u00e4t luonnon armoilla uudessa Alone Suomi -tosi-tv-kilpailussa.<\/p>\n<p class=\"article-body margin-bottom-24 padding-x-16\">Yhdysvalloista Suomeen rantautunutta formaattia on kutsuttu tosiel\u00e4m\u00e4n n\u00e4lk\u00e4peliksi. Amerikan versiossa er\u00e4ilij\u00e4t ovat h\u00e4tyytelleet karhuja, imeskelleet kaarnaa henkens\u00e4 pitimiksi ja riutuneet langanlaihoiksi.<\/p>\n<p class=\"article-body margin-bottom-24 padding-x-16\">Suomalaisversion avausjakso muistuttaa t\u00e4risevine kameroineen Blair Witch Projectin ja Er\u00e4nk\u00e4vij\u00f6iden sekoitusta. Vain tuuhea <a class=\"article-personlink\" href=\"https:\/\/www.is.fi\/haku\/?query=%C3%84ij%C3%A4\" rel=\"nofollow noopener\" target=\"_blank\">\u00c4ij\u00e4<\/a>-koira puuttuu.<\/p>\n<p class=\"article-body margin-bottom-24 padding-x-16\">Meno on lupsakan suomalaista. V\u00e4lill\u00e4 jutellaan mukavia kameralle, ihastellaan luontoa ja pystytet\u00e4\u00e4n majapaikkaa. Ihan kuin oltaisi tuiki tavallisella luontoretkell\u00e4, vaikka tarkoituksena on kai k\u00e4rsi\u00e4.<\/p>\n<p><img decoding=\"async\" src=\"https:\/\/www.europesays.com\/fi\/wp-content\/uploads\/2025\/09\/1757222888_495_468.jpg\" alt=\"\u2013 Kyll\u00e4 kaks kuukautta saan aikani kulumaan, kun oon saanut 60 vuottakin, Liisa toteaa.\" class=\"_Img_tdqg8_1\" style=\"aspect-ratio:1.7777777777777777\" loading=\"eager\"\/><\/p>\n<p class=\"article-picture-caption\">\u2013 Kyll\u00e4 kaks kuukautta saan aikani kulumaan, kun oon saanut 60 vuottakin, Liisa toteaa. Kuva:\u00a0MTV3<\/p>\n<p class=\"article-body margin-bottom-24 padding-x-16\">Sitten kamera sammuu \u00e4kisti ja katsojan aistit ter\u00e4v\u00f6ityv\u00e4t. No nyt alkaa tapahtua! V\u00e4\u00e4r\u00e4 h\u00e4lytys, kisan konkari <a class=\"article-personlink\" href=\"https:\/\/www.is.fi\/haku\/?query=Esa\" rel=\"nofollow noopener\" target=\"_blank\">Esa<\/a>, 68, se vain on nirhaissut puukolla k\u00e4teens\u00e4 ja paikkaa haaverin tuossa tuokiossa.<\/p>\n<p class=\"article-body margin-bottom-24 padding-x-16\">Alone Suomessa kilpailijat pyrkiv\u00e4t selviytym\u00e4\u00e4n yksin Inarin er\u00e4maassa etsien itse ruokansa ja suojansa. He my\u00f6s kuvaavat matkansa itse, mink\u00e4 takia kamera t\u00e4risee v\u00e4lill\u00e4 vimmatusti.<\/p>\n<p class=\"article-body margin-bottom-24 padding-x-16\">Kilpailun voittaja saa 20\u202f000 euron palkinnon, mutta sit\u00e4 ennen pit\u00e4isi elell\u00e4 mets\u00e4ss\u00e4 noin kahden kuukauden ajan. Se ei vaikuta tuottavan kovinkaan monelle kilpailijalle mit\u00e4\u00e4n haasteita.<\/p>\n<p class=\"article-body margin-bottom-24 padding-x-16\">Heti ohjelman ensimetreilt\u00e4 on selv\u00e4\u00e4, ett\u00e4 suomalaiskilpailijat ovat p\u00f6pelik\u00f6ss\u00e4 kuin kotonaan.<\/p>\n<p class=\"article-body margin-bottom-24 padding-x-16\">\u2013 Kyll\u00e4 kaksi kuukautta saan aikani kulumaan, kun oon saanut 60 vuottakin, Liisa toteaa.<\/p>\n<p class=\"article-body margin-bottom-24 padding-x-16\">Tulevat kuukaudet menev\u00e4t siis suit sukkelaan, vai menev\u00e4tk\u00f6 sittenk\u00e4\u00e4n? 28-vuotias <a class=\"article-personlink\" href=\"https:\/\/www.is.fi\/haku\/?query=Petteri\" rel=\"nofollow noopener\" target=\"_blank\">Petteri<\/a> huomaa illan h\u00e4m\u00e4rtyess\u00e4 ajatustensa harhailevan. H\u00e4n pyyhkii kyyneli\u00e4\u00e4n ajatellessaan koiriaan ja tytt\u00f6yst\u00e4v\u00e4\u00e4ns\u00e4.<\/p>\n<p class=\"article-body margin-bottom-24 padding-x-16\">\u2013 Oon j\u00e4rkyttynyt siit\u00e4, miten ik\u00e4v\u00e4 mulla on. Ei ois voinut ikin\u00e4 kuvitella, ett\u00e4 se iskee n\u00e4in kovaa, Petteri niiskaisee.<\/p>\n<p><img decoding=\"async\" src=\"https:\/\/www.europesays.com\/fi\/wp-content\/uploads\/2025\/09\/1757222888_464_468.jpg\" alt=\"Petteri itkeskelee ensimm\u00e4isess\u00e4 jaksossa koirien ja tytt\u00f6yst\u00e4v\u00e4n per\u00e4\u00e4n.\" class=\"_Img_tdqg8_1\" style=\"aspect-ratio:1.7777777777777777\" loading=\"eager\"\/><\/p>\n<p class=\"article-picture-caption\">Petteri itkeskelee ensimm\u00e4isess\u00e4 jaksossa koirien ja tytt\u00f6yst\u00e4v\u00e4n per\u00e4\u00e4n. Kuva:\u00a0MTV3<\/p>\n<p class=\"article-body margin-bottom-24 padding-x-16\">Yksin\u00e4isyys onkin se, joka py\u00f6rii kilpailijoiden puheissa. Sit\u00e4 pel\u00e4t\u00e4\u00e4n enemm\u00e4n kuin n\u00e4lk\u00e4\u00e4, vaikka kalaakin olisi kiva saada.<\/p>\n<p class=\"article-body margin-bottom-24 padding-x-16\">Mukana on ilahduttava eri ik\u00e4ist\u00e4 porukkaa erilaisilla taustoilla. Harmi vaan, ett\u00e4 kaikki ovat niin kokeneita er\u00e4ilij\u00f6it\u00e4. Kyll\u00e4h\u00e4n tosi-tv-ohjelma yhden tumpelon tarvitsisi, jonka edesottamuksia katsojat saisivat h\u00e4mm\u00e4stell\u00e4.<\/p>\n<p class=\"article-body margin-bottom-24 padding-x-16\">Ohjelman s\u00e4\u00e4nn\u00f6t esitell\u00e4\u00e4n katsojille pikavauhtia. Kaikki ovat saaneet mukaansa perusvarusteet, ensiapulaukun, sos-viestimen ja paikannuslaitteen.<\/p>\n<p class=\"article-body margin-bottom-24 padding-x-16\">\u00c4\u00e4rimm\u00e4isess\u00e4 h\u00e4d\u00e4ss\u00e4 kilpailijat voivat siis painaa nappia ja lopettaa leikin kesken.<\/p>\n<p class=\"article-body margin-bottom-24 padding-x-16\">Lis\u00e4ksi he ovat saaneet valita vapaavalintaisia selviytymistarvikkeista suosikkinsa, esimerkiksi katiskan.<\/p>\n<p class=\"article-body margin-bottom-24 padding-x-16\">Se j\u00e4\u00e4 ep\u00e4selv\u00e4ksi, ett\u00e4 kuinka eristyksiss\u00e4 t\u00e4ss\u00e4 oikeasti ollaan. Ent\u00e4 jos paikalle p\u00f6l\u00e4ht\u00e4\u00e4 Inarin ihmeisiin tutustuva turistiryhm\u00e4? Kuinka kaukana kilpailijat ovat toisistaan?<\/p>\n<p class=\"article-body margin-bottom-24 padding-x-16\">Onko ylip\u00e4\u00e4t\u00e4ns\u00e4 v\u00e4\u00e4rin toivoa katsojana, ett\u00e4 edes jokin menisi ohjelmassa pieleen? Unettavan avausjakson j\u00e4lkeen suunnan on pakko olla yl\u00f6sp\u00e4in. Ei kai ohjelman kymmenen jaksoa voi olla pelkk\u00e4\u00e4 mets\u00e4-str\u00f6ms\u00f6ily\u00e4, eih\u00e4n?<\/p>\n<p class=\"article-body nof-ui-body-medium margin-bottom-24 padding-x-16\">Alone Suomi MTV3:lla klo 21.00 tiistaisin 9.9. alkaen.<\/p>\n","protected":false},"excerpt":{"rendered":"Maailman rankimmaksi tosi-tv-kisaksi kutsuttu Alone rantautui Suomeen. Lopputulos on oudon lupsakkaa er\u00e4jormailua. Tv-lehti arvioi: Tuuli ujeltaa Inarin er\u00e4maassa,&hellip;\n","protected":false},"author":2,"featured_media":27917,"comment_status":"","ping_status":"","sticky":false,"template":"","format":"standard","meta":{"footnotes":""},"categories":[133],"tags":[137,33,31,30,34,32,206,156,109],"class_list":{"0":"post-27916","1":"post","2":"type-post","3":"status-publish","4":"format-standard","5":"has-post-thumbnail","7":"category-televisiot","8":"tag-entertainment","9":"tag-fi","10":"tag-finland","11":"tag-finnish","12":"tag-ilta-sanomat","13":"tag-suomi","14":"tag-televisiot","15":"tag-tv","16":"tag-viihde"},"share_on_mastodon":{"url":"","error":""},"_links":{"self":[{"href":"https:\/\/www.europesays.com\/fi\/wp-json\/wp\/v2\/posts\/27916","targetHints":{"allow":["GET"]}}],"collection":[{"href":"https:\/\/www.europesays.com\/fi\/wp-json\/wp\/v2\/posts"}],"about":[{"href":"https:\/\/www.europesays.com\/fi\/wp-json\/wp\/v2\/types\/post"}],"author":[{"embeddable":true,"href":"https:\/\/www.europesays.com\/fi\/wp-json\/wp\/v2\/users\/2"}],"replies":[{"embeddable":true,"href":"https:\/\/www.europesays.com\/fi\/wp-json\/wp\/v2\/comments?post=27916"}],"version-history":[{"count":0,"href":"https:\/\/www.europesays.com\/fi\/wp-json\/wp\/v2\/posts\/27916\/revisions"}],"wp:featuredmedia":[{"embeddable":true,"href":"https:\/\/www.europesays.com\/fi\/wp-json\/wp\/v2\/media\/27917"}],"wp:attachment":[{"href":"https:\/\/www.europesays.com\/fi\/wp-json\/wp\/v2\/media?parent=27916"}],"wp:term":[{"taxonomy":"category","embeddable":true,"href":"https:\/\/www.europesays.com\/fi\/wp-json\/wp\/v2\/categories?post=27916"},{"taxonomy":"post_tag","embeddable":true,"href":"https:\/\/www.europesays.com\/fi\/wp-json\/wp\/v2\/tags?post=27916"}],"curies":[{"name":"wp","href":"https:\/\/api.w.org\/{rel}","templated":true}]}}