{"id":279218,"date":"2026-06-17T10:50:13","date_gmt":"2026-06-17T10:50:13","guid":{"rendered":"https:\/\/www.europesays.com\/fi\/279218\/"},"modified":"2026-06-17T10:50:13","modified_gmt":"2026-06-17T10:50:13","slug":"posti-perui-jattimaisen-hankkeensa-logistiikkakeskusta-ei-tule-hameenlinnaan-kotimaa","status":"publish","type":"post","link":"https:\/\/www.europesays.com\/fi\/279218\/","title":{"rendered":"Posti perui j\u00e4ttim\u00e4isen hankkeensa \u2013 logistiikka\u00adkeskusta ei tule H\u00e4meenlinnaan | Kotimaa"},"content":{"rendered":"<p class=\"aw__sc-1qwuw0s-0 aw__sc-1vg2sqm-0 epAWpq ecELkD yle__article__paragraph\">Postin varaaman ja nyt peruman tontin l\u00e4heisyyteen rakennetaan parhaillaan uutta eritaso\u00adliittym\u00e4\u00e4 Kolmostielle.<\/p>\n<p><img decoding=\"async\" alt=\"Ilmakuva miss\u00e4 etualalla havupuumets\u00e4\u00e4 ja taustalla n\u00e4kyy j\u00e4tteiden kierr\u00e4tysalueen halleja ja kentti\u00e4.\" src=\"https:\/\/www.europesays.com\/fi\/wp-content\/uploads\/2026\/06\/1717049003.jpeg\" class=\"aw__sc-dklauk-0 LPzKX\"\/><\/p>\n<p>Avaa kuvien katselu<\/p>\n<p>Postille varattu tontti kuvattuna H\u00e4meenlinnassa. Arkistokuva. Kuva: Ville V\u00e4lim\u00e4ki \/ Yle<\/p>\n<p>12:35\u2022P\u00e4ivitetty 13:38<\/p>\n<p class=\"aw__sc-1qwuw0s-0 aw__sc-ngllmo-0 epAWpq fzYpjk yle__article__paragraph\">H\u00e4meenlinnan kaupunki kertoo, ett\u00e4 Posti Groupin tonttivaraus More-yritysalueella p\u00e4\u00e4ttyy. Se tarkoittaa, ett\u00e4 Posti ei jatka logistiikkakeskuksen suunnittelua H\u00e4meenlinnaan.<\/p>\n<p class=\"aw__sc-1qwuw0s-0 aw__sc-ngllmo-0 epAWpq fzYpjk yle__article__paragraph\">Kaupungin tiedotteen mukaan Postin vet\u00e4ytymisen taustalla ovat liiketoiminnalliset ja toimintaymp\u00e4rist\u00f6n muutokset.<\/p>\n<p><img decoding=\"async\" alt=\"Karttagafiikka joka esitt\u00e4\u00e4 postin varmaa aluetta H\u00e4meenlinnan etel\u00e4puolella olevalla MORE yritysaluella.\" src=\"https:\/\/www.europesays.com\/fi\/wp-content\/uploads\/2026\/06\/1717151188.jpeg\" loading=\"lazy\" class=\"aw__sc-dklauk-0 LPzKX\"\/><\/p>\n<p>Avaa kuvien katselu<\/p>\n<p>Kartta kertoo minne postin aluevaraus H\u00e4meenlinnassa olisi sijoittunut. Kuva: Grafiikka: Ville V\u00e4lim\u00e4ki \/ Yle, Mapcreator, OpenStreetMap <\/p>\n<p class=\"aw__sc-1qwuw0s-0 aw__sc-ngllmo-0 epAWpq fzYpjk yle__article__paragraph\">H\u00e4meenlinnan kaupunginjohtaja <strong class=\"aw__sc-ngllmo-2 gdRrun yle__article__strong\">Olli-Poika Parviainen<\/strong> kertoo, ett\u00e4 kaikesta huolimatta yhteisty\u00f6 Postin kanssa on ollut hyv\u00e4\u00e4 ja keskustelut ovat olleet arvokkaita.<\/p>\n<p class=\"aw__sc-1qwuw0s-0 aw__sc-ngllmo-0 epAWpq fzYpjk yle__article__paragraph\">\u2013 Suhtaudumme tulevaisuuteen luottavaisesti ja jatkamme m\u00e4\u00e4r\u00e4tietoista ty\u00f6t\u00e4 More-alueen sek\u00e4 koko H\u00e4meenlinnan elinvoiman kehitt\u00e4miseksi, kaupunginjohtaja sanoo.<\/p>\n<p class=\"aw__sc-1qwuw0s-0 aw__sc-ngllmo-0 epAWpq fzYpjk yle__article__paragraph\">Posti teki H\u00e4meenlinnan More-yritysalueelta kaksi vuotta sitten varauksen l\u00e4hes 430\u00a0000 neli\u00f6metrin teollisuustontista. Asemakaavan mukainen rakennusoikeus tontilla on noin 198 000 kerrosalaneli\u00f6metri\u00e4.<\/p>\n<p class=\"aw__sc-1qwuw0s-0 aw__sc-ngllmo-0 epAWpq fzYpjk yle__article__paragraph\">Ennen varausta Posti oli k\u00e4ynyt keskusteluja kolmen kunnan kanssa. H\u00e4meenlinnan lis\u00e4ksi neuvottelup\u00f6yd\u00e4ss\u00e4 olivat my\u00f6s Janakkala ja Akaa.<\/p>\n<p>Uusi eritasoliittym\u00e4 olisi hy\u00f6dynt\u00e4nyt Postia<\/p>\n<p class=\"aw__sc-1qwuw0s-0 aw__sc-ngllmo-0 epAWpq fzYpjk yle__article__paragraph\">Postin varaaman ja nyt peruman tontin l\u00e4heisyyteen rakennetaan parhaillaan uutta eritaso\u00adliittym\u00e4\u00e4 Kolmostielle. Liittym\u00e4n <a class=\"aw__sc-ngllmo-1 bTDnwX yle__article__link\" href=\"https:\/\/yle.fi\/a\/74-20156863\" role=\"link\" rel=\"nofollow noopener\" target=\"_blank\">rakentaminen alkoi noin vuosi sitten<\/a>.<\/p>\n<p class=\"aw__sc-1qwuw0s-0 aw__sc-ngllmo-0 epAWpq fzYpjk yle__article__paragraph\">Sen on tarkoitus valmistua t\u00e4m\u00e4n vuoden lopussa.<\/p>\n<p class=\"aw__sc-1qwuw0s-0 aw__sc-ngllmo-0 epAWpq fzYpjk yle__article__paragraph\">Eritasoliittym\u00e4 on V\u00e4yl\u00e4viraston ja H\u00e4meenlinnan kaupungin yhteishanke. Kaupungin mukaan uusi yhteys Kolmostielle mahdollistaa alueen kehitt\u00e4misen ja tekee siit\u00e4 entist\u00e4 vetovoimaisemman.<\/p>\n<p class=\"aw__sc-1qwuw0s-0 aw__sc-ngllmo-0 epAWpq fzYpjk yle__article__paragraph\">Uutinen p\u00e4ivittyy.<\/p>\n","protected":false},"excerpt":{"rendered":"Postin varaaman ja nyt peruman tontin l\u00e4heisyyteen rakennetaan parhaillaan uutta eritaso\u00adliittym\u00e4\u00e4 Kolmostielle. Avaa kuvien katselu Postille varattu tontti&hellip;\n","protected":false},"author":2,"featured_media":279219,"comment_status":"","ping_status":"","sticky":false,"template":"","format":"standard","meta":{"footnotes":"","_share_on_mastodon":"0"},"categories":[5],"tags":[22,23,26,27,33,31,30,2109,17,1794,5790,71,24,25,28,29,15,18,21,7657,32,78,19,20,16],"class_list":["post-279218","post","type-post","status-publish","format-standard","has-post-thumbnail","category-otsikot","tag-breaking-news","tag-breakingnews","tag-featured-news","tag-featurednews","tag-fi","tag-finland","tag-finnish","tag-hameenlinna","tag-headlines","tag-kanta-hame","tag-kaupungit","tag-kotimaa","tag-latest-news","tag-latestnews","tag-main-news","tag-mainnews","tag-news","tag-otsikot","tag-paauutiset","tag-posti","tag-suomi","tag-talous","tag-top-stories","tag-topstories","tag-uutiset"],"share_on_mastodon":{"url":"https:\/\/pubeurope.com\/@fi\/116765067337570656","error":""},"_links":{"self":[{"href":"https:\/\/www.europesays.com\/fi\/wp-json\/wp\/v2\/posts\/279218","targetHints":{"allow":["GET"]}}],"collection":[{"href":"https:\/\/www.europesays.com\/fi\/wp-json\/wp\/v2\/posts"}],"about":[{"href":"https:\/\/www.europesays.com\/fi\/wp-json\/wp\/v2\/types\/post"}],"author":[{"embeddable":true,"href":"https:\/\/www.europesays.com\/fi\/wp-json\/wp\/v2\/users\/2"}],"replies":[{"embeddable":true,"href":"https:\/\/www.europesays.com\/fi\/wp-json\/wp\/v2\/comments?post=279218"}],"version-history":[{"count":0,"href":"https:\/\/www.europesays.com\/fi\/wp-json\/wp\/v2\/posts\/279218\/revisions"}],"wp:featuredmedia":[{"embeddable":true,"href":"https:\/\/www.europesays.com\/fi\/wp-json\/wp\/v2\/media\/279219"}],"wp:attachment":[{"href":"https:\/\/www.europesays.com\/fi\/wp-json\/wp\/v2\/media?parent=279218"}],"wp:term":[{"taxonomy":"category","embeddable":true,"href":"https:\/\/www.europesays.com\/fi\/wp-json\/wp\/v2\/categories?post=279218"},{"taxonomy":"post_tag","embeddable":true,"href":"https:\/\/www.europesays.com\/fi\/wp-json\/wp\/v2\/tags?post=279218"}],"curies":[{"name":"wp","href":"https:\/\/api.w.org\/{rel}","templated":true}]}}