{"id":27923,"date":"2025-09-07T05:37:09","date_gmt":"2025-09-07T05:37:09","guid":{"rendered":"https:\/\/www.europesays.com\/fi\/27923\/"},"modified":"2025-09-07T05:37:09","modified_gmt":"2025-09-07T05:37:09","slug":"paavi-julistaa-pyhimykseksi-teinipojan-tallainen-on-historian-ensimmainen-millenniaalipyhimys-ulkomaat","status":"publish","type":"post","link":"https:\/\/www.europesays.com\/fi\/27923\/","title":{"rendered":"Paavi julistaa pyhimykseksi teinipojan \u2013 t\u00e4llainen on historian ensimm\u00e4inen millenniaali\u00adpyhimys | Ulkomaat"},"content":{"rendered":"<p>Juttu tiivistettyn\u00e4<\/p>\n<ul class=\"sc-dMmcxd iwejNa yle__article__list yle__article__list--ul\">\n<li class=\"sc-fGqoZs fsBJlY\"><strong class=\"sc-eEHciv kkmMDs yle__article__strong\">Carlo Acutis<\/strong> julistetaan t\u00e4n\u00e4\u00e4n ensimm\u00e4iseksi millenniaalisukupolven pyhimykseksi Vatikaanissa.<\/li>\n<li class=\"sc-fGqoZs fsBJlY\">Acutis levitti el\u00e4ess\u00e4\u00e4n katolista uskoa verkossa ja dokumentoi ihmeit\u00e4 nettisivustolleen.<\/li>\n<li class=\"sc-fGqoZs fsBJlY\">H\u00e4nen el\u00e4m\u00e4ns\u00e4 p\u00e4\u00e4ttyi leukemiaan 15-vuotiaana vuonna 2006. H\u00e4nen ruumiinsa on esill\u00e4 Assisissa.<\/li>\n<li class=\"sc-fGqoZs fsBJlY\">Vatikaani tunnusti kaksi ihmett\u00e4 Acutiksen kuoleman j\u00e4lkeen, mik\u00e4 mahdollisti h\u00e4nen julistamisensa pyhimykseksi.<\/li>\n<\/ul>\n<p class=\"sc-jYczwO sc-ciCoXh frIBdZ cPdSqu yle__article__paragraph\">T\u00e4m\u00e4 on teko\u00e4lyn avulla tuotettu, toimittajan tarkistama tiivistelm\u00e4.<\/p>\n<p class=\"sc-jYczwO sc-ciCoXh frIBdZ cPdSqu yle__article__paragraph\">Farkut, Niken lenkkarit ja intohimo videopelien parissa \u2013 <strong class=\"sc-eEHciv kkmMDs yle__article__strong\">Carlo Acutis<\/strong> ei ollut aivan perinteinen pyhimysehdokas.<\/p>\n<p class=\"sc-jYczwO sc-ciCoXh frIBdZ cPdSqu yle__article__paragraph\">Silti juuri h\u00e4nest\u00e4 tulee t\u00e4n\u00e4\u00e4n sunnuntaina historian ensimm\u00e4inen millenniaalisukupolven pyhimys. Italialaisen teinipojan kanonisointi tapahtuu paavi <strong class=\"sc-eEHciv kkmMDs yle__article__strong\">Leo XIV<\/strong> johdolla Pietarinkirkon aukiolla Vatikaanissa.<\/p>\n<p class=\"sc-jYczwO sc-ciCoXh frIBdZ cPdSqu yle__article__paragraph\">Vuonna 1991 syntynyt Acutis oli tietokonevelho, jota on kutsuttu my\u00f6s \u201dJumalan influensseriksi\u201d.<\/p>\n<p class=\"sc-jYczwO sc-ciCoXh frIBdZ cPdSqu yle__article__paragraph\">Acutiksen maine tunnetaan maailmanlaajuisesti \u2013 esimerkiksi Chicagossa sijaitsevan St. Hedwigin kirkko on asetettu autuaan Acutiksen suojelukseen.<\/p>\n<p class=\"sc-jYczwO sc-ciCoXh frIBdZ cPdSqu yle__article__paragraph\">Seurakunnan pappi <strong class=\"sc-eEHciv kkmMDs yle__article__strong\">Ed Howe<\/strong> toteaa, ett\u00e4 Acutis on \u201densimm\u00e4inen pyhimys, jolla on kenties ollut oma s\u00e4hk\u00f6postiosoite\u201d.<\/p>\n<p> Carlo Acutista on kutsuttu internetin suojeluspyhimykseksi, kertoo Chicagossa sijaitsevan St. Hedwigin kirkon seurakuntapappi Ed Howe. Seurakunta on nimetty Acutiksen suojelukseen.<\/p>\n<p class=\"sc-jYczwO sc-ciCoXh frIBdZ cPdSqu yle__article__paragraph\">Acutis tuli lyhyen el\u00e4m\u00e4ns\u00e4 aikana tunnetuksi intohimoisena katolisen uskon levitt\u00e4j\u00e4n\u00e4 internetiss\u00e4. H\u00e4n hy\u00f6dynsi koodaustaitojaan ja perusti verkkosivustoja, joilla h\u00e4n dokumentoi katolisia ihmeit\u00e4 ja kirkon perinteit\u00e4.<\/p>\n<p class=\"sc-jYczwO sc-ciCoXh frIBdZ cPdSqu yle__article__paragraph\">Nettiaktiivin el\u00e4m\u00e4ss\u00e4 videopelit olivat intohimo, mutta t\u00e4rke\u00e4\u00e4 oli my\u00f6s kirkko \u2013 Lontoossa syntynyt ja Milanossa kasvanut Acutis k\u00e4vi messussa p\u00e4ivitt\u00e4in ja tunnettiin yst\u00e4v\u00e4llisyydest\u00e4\u00e4n erityisesti kiusattuja lapsia ja kodittomia kohtaan.<\/p>\n<p class=\"sc-jYczwO sc-ciCoXh frIBdZ cPdSqu yle__article__paragraph\">Vain 15-vuotiaan Acutiksen el\u00e4m\u00e4 p\u00e4\u00e4ttyi leukemiaan vuonna 2006.<\/p>\n<p class=\"sc-jYczwO sc-ciCoXh frIBdZ cPdSqu yle__article__paragraph\">Farkkuihin ja Niken lenkkareihin puettu Acutiksen ruumis lep\u00e4\u00e4 nykyisin lasisessa haudassa Assisin kaupungissa Italiassa. H\u00e4nen kasvonsa ja k\u00e4tens\u00e4 on p\u00e4\u00e4llystetty vahakerroksella, jotta h\u00e4n n\u00e4ytt\u00e4isi samalta kuin el\u00e4ess\u00e4\u00e4n.<\/p>\n<p class=\"sc-jYczwO sc-ciCoXh frIBdZ cPdSqu yle__article__paragraph\">Acutiksen haudallaan k\u00e4y vuosittain satoja tuhansia vierailijoita.<\/p>\n<p><img decoding=\"async\" alt=\"Siunatun Carlo Acutisin maalliset j\u00e4\u00e4nn\u00f6kset.\" src=\"https:\/\/www.europesays.com\/fi\/wp-content\/uploads\/2025\/09\/39-151828768bb143e46dcd.jpeg\" loading=\"lazy\" class=\"sc-dntSTA iywpZY\"\/><\/p>\n<p>Avaa kuvien katselu<\/p>\n<p>Carlo Acutiksen ruumis lep\u00e4\u00e4 Assisin kaupungissa Italiassa. Kuva: Grzegorz Galazka \/ AOP<\/p>\n<p>Vatikaani tunnusti kaksi ihmetekoa<\/p>\n<p class=\"sc-jYczwO sc-ciCoXh frIBdZ cPdSqu yle__article__paragraph\"><a class=\"sc-jDJeIs gotUgl yle__article__link\" href=\"https:\/\/www.vaticannews.va\/en\/church\/news\/2025-09\/faithful-in-brazil-venerate-relic-carlo-acutis-in-campo-grande.html\" role=\"link\" rel=\"nofollow noopener\" target=\"_blank\">Vatikaani on tunnustanut<\/a> Acutiksen tehneen kaksi ihmett\u00e4 kuolemansa j\u00e4lkeen. Ne vaaditaan, jotta henkil\u00f6 voidaan julistaa pyhimykseksi.<\/p>\n<p class=\"sc-jYczwO sc-ciCoXh frIBdZ cPdSqu yle__article__paragraph\">Ensimm\u00e4inen ihme oli brasilialaisen lapsen v\u00e4itetty parantuminen vakavasta haiman ep\u00e4muodostumasta vuonna 2010. Toinen ihme tunnustettiin viime vuonna, ja se liittyi costaricalaisen opiskelijan toipumiseen vakavasta onnettomuudesta.<\/p>\n<p class=\"sc-jYczwO sc-ciCoXh frIBdZ cPdSqu yle__article__paragraph\">Molemmissa tapauksissa omaiset ovat kertoneet rukoilleensa apua juuri teini-ik\u00e4iselt\u00e4 Acutikselta.<\/p>\n<p><img decoding=\"async\" alt=\" Carlo Acutisin kuva nuoren henkil\u00f6n repussa.\" src=\"https:\/\/www.europesays.com\/fi\/wp-content\/uploads\/2025\/09\/39-151828668bb143dc16f9.jpeg\" loading=\"lazy\" class=\"sc-dntSTA iywpZY\"\/><\/p>\n<p>Avaa kuvien katselu<\/p>\n<p>Acutis vaikuttaa vetoavan etenkin nuoriin. H\u00e4net piti julistaa pyhimykseksi jo huhtikuussa, jolloin t\u00e4m\u00e4kin kuva on otettu. Kanonisointia kuitenkin lyk\u00e4ttiin. Kuva: Alessi Giuliani \/ AOP<\/p>\n<p class=\"sc-jYczwO sc-ciCoXh frIBdZ cPdSqu yle__article__paragraph\">Paavi <strong class=\"sc-eEHciv kkmMDs yle__article__strong\">Franciscus<\/strong> julisti Acutiksen autuaaksi vuonna 2020. Silloin kirkko katsoo, ett\u00e4 ihmisen kautta voidaan rukoilla jumalalta apua.<\/p>\n<p class=\"sc-jYczwO sc-ciCoXh frIBdZ cPdSqu yle__article__paragraph\">Pyhimykseksi Acutis oli tarkoitus julistaa jo t\u00e4m\u00e4n vuoden huhtikuussa, mutta paavi Franciscuksen kuolema siirsi seremoniaa.<\/p>\n<p class=\"sc-jYczwO sc-ciCoXh frIBdZ cPdSqu yle__article__paragraph\">Nyt yli 800 ihmist\u00e4 saapuu Roomaan Assisista erityisjunalla juhlistamaan t\u00e4t\u00e4 digiajan apostolia.<\/p>\n<p><img decoding=\"async\" alt=\" Carlo Acutisia ja \u00c4iti Teresaa esitt\u00e4v\u00e4t vahanuket ovensuussa.\" src=\"https:\/\/www.europesays.com\/fi\/wp-content\/uploads\/2025\/09\/39-151828968bb144eb22e2.jpeg\" loading=\"lazy\" class=\"sc-dntSTA iywpZY\"\/><\/p>\n<p>Avaa kuvien katselu<\/p>\n<p>Carlo Acutiksen patsas on p\u00e4\u00e4ssyt \u00c4iti Teresan rinnalle Vatikaanissa uskonnollisen liikkeen edustalle. Kuva: Beata Zawrzel \/ AOP<\/p>\n<p>Pyhimysten joukkoon my\u00f6s vuorikiipeilij\u00e4<\/p>\n<p class=\"sc-jYczwO sc-ciCoXh frIBdZ cPdSqu yle__article__paragraph\">Sunnuntaina j\u00e4rjestett\u00e4v\u00e4 kanonisointi on paavi Leo XIV:n ensimm\u00e4inen sen j\u00e4lkeen, kun h\u00e4n nousi teht\u00e4v\u00e4\u00e4ns\u00e4 toukokuussa.<\/p>\n<p class=\"sc-jYczwO sc-ciCoXh frIBdZ cPdSqu yle__article__paragraph\">Samassa seremoniassa pyhimykseksi julistetaan my\u00f6s italialainen <strong class=\"sc-eEHciv kkmMDs yle__article__strong\">Pier Giorgio Frassati<\/strong>, joka tunnettiin k\u00f6yhien ja sairaiden auttamisesta sek\u00e4 vuorikiipeilyharrastuksestaan. Frassati kuoli polioon 24-vuotiaana vuonna 1925.<\/p>\n<p class=\"sc-jYczwO sc-ciCoXh frIBdZ cPdSqu yle__article__paragraph\">Pyhimysasemaan vaadittava Frassatin toinen ihmeteko tunnustettiin viime vuonna.<\/p>\n","protected":false},"excerpt":{"rendered":"Juttu tiivistettyn\u00e4 Carlo Acutis julistetaan t\u00e4n\u00e4\u00e4n ensimm\u00e4iseksi millenniaalisukupolven pyhimykseksi Vatikaanissa. Acutis levitti el\u00e4ess\u00e4\u00e4n katolista uskoa verkossa ja dokumentoi&hellip;\n","protected":false},"author":2,"featured_media":27924,"comment_status":"","ping_status":"","sticky":false,"template":"","format":"standard","meta":{"footnotes":""},"categories":[14],"tags":[22,23,26,27,33,31,30,17,4223,24,25,28,29,15,18,21,8628,8627,32,19,20,56,1436,16,8626,59,60,61],"class_list":{"0":"post-27923","1":"post","2":"type-post","3":"status-publish","4":"format-standard","5":"has-post-thumbnail","7":"category-ulkomaat","8":"tag-breaking-news","9":"tag-breakingnews","10":"tag-featured-news","11":"tag-featurednews","12":"tag-fi","13":"tag-finland","14":"tag-finnish","15":"tag-headlines","16":"tag-kuolleet","17":"tag-latest-news","18":"tag-latestnews","19":"tag-main-news","20":"tag-mainnews","21":"tag-news","22":"tag-otsikot","23":"tag-paauutiset","24":"tag-pyhimykset","25":"tag-rooma","26":"tag-suomi","27":"tag-top-stories","28":"tag-topstories","29":"tag-ulkomaat","30":"tag-uskonnot","31":"tag-uutiset","32":"tag-vatikaani","33":"tag-world","34":"tag-world-news","35":"tag-worldnews"},"share_on_mastodon":{"url":"","error":""},"_links":{"self":[{"href":"https:\/\/www.europesays.com\/fi\/wp-json\/wp\/v2\/posts\/27923","targetHints":{"allow":["GET"]}}],"collection":[{"href":"https:\/\/www.europesays.com\/fi\/wp-json\/wp\/v2\/posts"}],"about":[{"href":"https:\/\/www.europesays.com\/fi\/wp-json\/wp\/v2\/types\/post"}],"author":[{"embeddable":true,"href":"https:\/\/www.europesays.com\/fi\/wp-json\/wp\/v2\/users\/2"}],"replies":[{"embeddable":true,"href":"https:\/\/www.europesays.com\/fi\/wp-json\/wp\/v2\/comments?post=27923"}],"version-history":[{"count":0,"href":"https:\/\/www.europesays.com\/fi\/wp-json\/wp\/v2\/posts\/27923\/revisions"}],"wp:featuredmedia":[{"embeddable":true,"href":"https:\/\/www.europesays.com\/fi\/wp-json\/wp\/v2\/media\/27924"}],"wp:attachment":[{"href":"https:\/\/www.europesays.com\/fi\/wp-json\/wp\/v2\/media?parent=27923"}],"wp:term":[{"taxonomy":"category","embeddable":true,"href":"https:\/\/www.europesays.com\/fi\/wp-json\/wp\/v2\/categories?post=27923"},{"taxonomy":"post_tag","embeddable":true,"href":"https:\/\/www.europesays.com\/fi\/wp-json\/wp\/v2\/tags?post=27923"}],"curies":[{"name":"wp","href":"https:\/\/api.w.org\/{rel}","templated":true}]}}