{"id":27954,"date":"2025-09-07T06:20:08","date_gmt":"2025-09-07T06:20:08","guid":{"rendered":"https:\/\/www.europesays.com\/fi\/27954\/"},"modified":"2025-09-07T06:20:08","modified_gmt":"2025-09-07T06:20:08","slug":"masked-singer-hahmo-loi-kaikki-allikalla-kunnon-vedatys","status":"publish","type":"post","link":"https:\/\/www.europesays.com\/fi\/27954\/","title":{"rendered":"Masked Singer -hahmo l\u00f6i kaikki \u00e4llik\u00e4ll\u00e4: \u201dKunnon ved\u00e4tys\u201d"},"content":{"rendered":"<p>Ensimm\u00e4inen hahmo putosi Masked Singer Suomi -ohjelmasta. Varo paljastuksia!<\/p>\n<p><img decoding=\"async\" class=\"image image-show image-preview\" src=\"https:\/\/www.europesays.com\/fi\/wp-content\/uploads\/2025\/09\/2006fea2f0d8df2cbae57261c89a44120d8e1092a8d102eba7471977c2ed2040.jpg\" alt=\"\"\/><img decoding=\"async\" class=\"image image-show\" src=\"https:\/\/www.europesays.com\/fi\/wp-content\/uploads\/2025\/09\/1757226008_265_2006fea2f0d8df2cbae57261c89a44120d8e1092a8d102eba7471977c2ed2040.jpg\" alt=\"\"\/><\/p>\n<p>Ensimm\u00e4isen\u00e4 pudonnut hahmo oli Poni. MTV<\/p>\n<p class=\"paragraph\">Masked Singer Suomi -ohjelman uusi kausi k\u00e4ynnistyi eilen lauantaina MTV3:lla. Ohjelman etsiv\u00e4t ja kotikatsojat arvuuttelevat j\u00e4lleen erilaisten vihjeiden ja \u00e4\u00e4nten perusteella, keit\u00e4 julkisuudessa tunnettuja henkil\u00f6it\u00e4 paljastuu maskien takaa.<\/p>\n<p class=\"paragraph\">Studioyleis\u00f6 \u00e4\u00e4nesti ensimm\u00e4iseksi kotiinl\u00e4htij\u00e4ksi Ponin. Etenkin <strong>Janne Katajalle<\/strong> maskin takaa paljastunut <a href=\"https:\/\/www.iltalehti.fi\/henkilot\/Lola Odusoga\" class=\"article-link-person-page\" rel=\"nofollow noopener\" target=\"_blank\">Lola Odusoga<\/a> oli jymy-yll\u00e4tys.<\/p>\n<p class=\"paragraph\">\u2013 T\u00e4m\u00e4 on h\u00e4mment\u00e4v\u00e4\u00e4, koska tunnemme Lolan kanssa kyll\u00e4 aika hyvin, Kataja kertoi ohjelmassa.<\/p>\n<p class=\"paragraph\">Muun muassa vuoden 1996 Miss Suomena tunnettu malli ja juontaja Odusoga yll\u00e4tti Katajan lis\u00e4ksi my\u00f6s katsojat. Ilmeisen moni katsojistakaan ei arvannut, ett\u00e4 Poni-hahmon alta paljastuisi juuri Odusoga.<\/p>\n<p class=\"paragraph\">\u2013 T\u00e4m\u00e4 oli kyll\u00e4 t\u00e4ysin yll\u00e4tys minulle, er\u00e4s kirjoittaa ohjelman Instagram-tilill\u00e4.<\/p>\n<p class=\"paragraph\">\u2013 No pieleen meni arvuuttelu. Ihana Lola.<\/p>\n<p class=\"paragraph\">\u2013 Ei tullut yht\u00e4\u00e4n mieleen, ett\u00e4 voisi olla Lola.<\/p>\n<p class=\"paragraph\">\u2013 T\u00e4m\u00e4 oli yll\u00e4tys, ihana sellainen.<\/p>\n<p class=\"paragraph\">\u2013 Ei voi olla totta!<\/p>\n<p class=\"paragraph\">\u2013 En olisi arvannut, linja jatkuu.<\/p>\n<p class=\"paragraph\">\u2013 Yll\u00e4tys oli, er\u00e4s toteaa.<\/p>\n<p class=\"paragraph\">Jos julkaisu ei n\u00e4y, voit katsoa sen <a href=\"https:\/\/www.instagram.com\/p\/DORR-WEjVkJ\/\" rel=\"noopener nofollow\" target=\"_blank\">t\u00e4st\u00e4 linkist\u00e4<\/a>.<\/p>\n<p class=\"paragraph\">\u2013 Hitto, minulla oli tunne, ett\u00e4 Poni tulisi menem\u00e4\u00e4n pitk\u00e4lle, er\u00e4s harmittelee.<\/p>\n<p class=\"paragraph\">\u2013 En kyll\u00e4 uskonut, ett\u00e4 Lola olisi. Ihana esitys, kommentoidaan <a href=\"https:\/\/www.facebook.com\/mtv3suomi\" rel=\"noopener nofollow\" target=\"_blank\">Facebookissa<\/a>.<\/p>\n<p class=\"paragraph\">\u2013 Eip\u00e4 kukaan arvannut t\u00e4\u00e4ll\u00e4k\u00e4\u00e4n Lolaa, kirjoitetaan puolestaan Jodelissa.<\/p>\n<p class=\"paragraph\">My\u00f6s Odusogan someseuraajat olivat yht\u00e4 \u00e4llik\u00e4ll\u00e4 ly\u00f6tyj\u00e4. Odusoga p\u00e4ivitti paljastuksesta omalla <a href=\"https:\/\/www.instagram.com\/p\/DORSUqIiCqs\/?hl=fi&amp;img_index=1\" rel=\"noopener nofollow\" target=\"_blank\">Instagram-tilill\u00e4\u00e4n<\/a> ja paljastusta kommentoineet eiv\u00e4t tuntuneet arvanneen t\u00e4m\u00e4n mukanaoloa.<\/p>\n<p class=\"paragraph\">\u2013 Taas on yksi salaisuus julki! Kyll\u00e4 vaan, min\u00e4 olin poni, Odusoga aloittaa.<\/p>\n<p class=\"paragraph\">\u2013 T\u00e4n\u00e4 vuonna on menty pelkoja p\u00e4in monella eri osa-alueella, ja siihen listaan kuului todella isosti my\u00f6s Masked Singer!<\/p>\n<p>Masked Singer -etsiv\u00e4t Janne Kataja, Jenni Poikelus, Mikko Silvennoinen ja Benjamin Peltonen yll\u00e4ttyiv\u00e4t paljastuksesta.  MTV<\/p>\n<p class=\"paragraph\">Media-alan moniottelija onnistui pysyttelem\u00e4\u00e4n piilossa my\u00f6s l\u00e4heisilt\u00e4\u00e4n.<\/p>\n<p class=\"paragraph\">\u2013 Kukaan ei keksinyt, ei edes l\u00e4himm\u00e4t kollegat, jotka p\u00f6rr\u00e4siv\u00e4t tuotannossa t\u00f6iss\u00e4, ja se olikin tavoitteeni, Odusoga kirjoittaa tyytyv\u00e4isen\u00e4.<\/p>\n<p class=\"paragraph\">\u2013 Kunnon ved\u00e4tys! Mutta todella upea veto, er\u00e4s hehkuttaa julkaisun kommenteissa.<\/p>\n<p class=\"paragraph\">\u2013 En kyll\u00e4 todellakaan arvannut, mutta tosi hyv\u00e4 veto.<\/p>\n<p class=\"paragraph\">Jos julkaisu ei n\u00e4y, voit katsoa sen <a href=\"https:\/\/www.instagram.com\/p\/DORSUqIiCqs\/\" rel=\"noopener nofollow\" target=\"_blank\">t\u00e4st\u00e4 linkist\u00e4<\/a>.<\/p>\n<p class=\"paragraph\">\u2013 Huikean hyv\u00e4.<\/p>\n<p class=\"paragraph\">\u2013 No huh huh! Olisi pit\u00e4nyt \u00e4\u00e4nest\u00e4 tunnistaa, mutta et tullut mieleeni.<\/p>\n<p class=\"paragraph\">Masked Singer Suomi lauantaisin kello 19.30 MTV3-kanavalla ja Katsomossa. <a href=\"https:\/\/www.iltalehti.fi\/telkku\" rel=\"nofollow noopener\" target=\"_blank\">Katso kaikki TV-ohjelmat ja l\u00e4hetysajat Telkun TV-oppaasta.<\/a><\/p>\n<p><script async src=\"\/\/www.instagram.com\/embed.js\"><\/script><\/p>\n","protected":false},"excerpt":{"rendered":"Ensimm\u00e4inen hahmo putosi Masked Singer Suomi -ohjelmasta. Varo paljastuksia! Ensimm\u00e4isen\u00e4 pudonnut hahmo oli Poni. MTV Masked Singer Suomi&hellip;\n","protected":false},"author":2,"featured_media":27955,"comment_status":"","ping_status":"","sticky":false,"template":"","format":"standard","meta":{"footnotes":""},"categories":[133],"tags":[35,138,137,33,31,30,979,1999,32,206,140,139,156,109],"class_list":{"0":"post-27954","1":"post","2":"type-post","3":"status-publish","4":"format-standard","5":"has-post-thumbnail","7":"category-televisiot","8":"tag-24h","9":"tag-audio","10":"tag-entertainment","11":"tag-fi","12":"tag-finland","13":"tag-finnish","14":"tag-sahkoinen-media","15":"tag-suomalaiset-tv-ohjelmat","16":"tag-suomi","17":"tag-televisiot","18":"tag-tv-ja-elokuvat","19":"tag-tv-ohjelmat","20":"tag-tv","21":"tag-viihde"},"share_on_mastodon":{"url":"","error":""},"_links":{"self":[{"href":"https:\/\/www.europesays.com\/fi\/wp-json\/wp\/v2\/posts\/27954","targetHints":{"allow":["GET"]}}],"collection":[{"href":"https:\/\/www.europesays.com\/fi\/wp-json\/wp\/v2\/posts"}],"about":[{"href":"https:\/\/www.europesays.com\/fi\/wp-json\/wp\/v2\/types\/post"}],"author":[{"embeddable":true,"href":"https:\/\/www.europesays.com\/fi\/wp-json\/wp\/v2\/users\/2"}],"replies":[{"embeddable":true,"href":"https:\/\/www.europesays.com\/fi\/wp-json\/wp\/v2\/comments?post=27954"}],"version-history":[{"count":0,"href":"https:\/\/www.europesays.com\/fi\/wp-json\/wp\/v2\/posts\/27954\/revisions"}],"wp:featuredmedia":[{"embeddable":true,"href":"https:\/\/www.europesays.com\/fi\/wp-json\/wp\/v2\/media\/27955"}],"wp:attachment":[{"href":"https:\/\/www.europesays.com\/fi\/wp-json\/wp\/v2\/media?parent=27954"}],"wp:term":[{"taxonomy":"category","embeddable":true,"href":"https:\/\/www.europesays.com\/fi\/wp-json\/wp\/v2\/categories?post=27954"},{"taxonomy":"post_tag","embeddable":true,"href":"https:\/\/www.europesays.com\/fi\/wp-json\/wp\/v2\/tags?post=27954"}],"curies":[{"name":"wp","href":"https:\/\/api.w.org\/{rel}","templated":true}]}}