{"id":279888,"date":"2026-06-18T05:33:14","date_gmt":"2026-06-18T05:33:14","guid":{"rendered":"https:\/\/www.europesays.com\/fi\/279888\/"},"modified":"2026-06-18T05:33:14","modified_gmt":"2026-06-18T05:33:14","slug":"suomen-halki-kulkee-erikoinen-linja-katso-kummalla-puolella-sina-asut-kotimaa","status":"publish","type":"post","link":"https:\/\/www.europesays.com\/fi\/279888\/","title":{"rendered":"Suomen halki kulkee erikoinen linja \u2013 katso, kummalla puolella sin\u00e4 asut | Kotimaa"},"content":{"rendered":"<p class=\"aw__sc-1qwuw0s-0 aw__sc-1vg2sqm-0 epAWpq ecELkD yle__article__paragraph\">Yli 38\u00a0000 suomalaista kertoi, kumpaa sanaa he k\u00e4ytt\u00e4v\u00e4t: vihta vai vasta. Saimme aikaan mielen\u00ad\u00adkiintoisen kartan.<\/p>\n<p>Videolla selvi\u00e4\u00e4, mik\u00e4 Lappeenrannassa yliopiston k\u00e4yt\u00e4vilt\u00e4 tavoitetuilla ihmisill\u00e4 on syliss\u00e4\u00e4n.<\/p>\n<p class=\"aw__sc-1qwuw0s-0 aw__sc-16t12w3-0 epAWpq ilisRd yle__accessibilityText\">Osa artikkelin sis\u00e4ll\u00f6st\u00e4 ei ole v\u00e4ltt\u00e4m\u00e4tt\u00e4 saavutettavissa esimerkiksi ruudunlukuohjelmalla.<\/p>\n<ul class=\"aw__sc-1yb43iq-0 gFXHv yle__article__list yle__article__list--ul\">\n<li class=\"aw__sc-1yb43iq-1 gVAzbt\">Vihta- ja vasta-sanojen raja on pysynyt Suomessa samana l\u00e4hes sata vuotta.<\/li>\n<li class=\"aw__sc-1yb43iq-1 gVAzbt\">Vihta on enemm\u00e4n l\u00e4nsisuomalainen ja vasta it\u00e4suomalainen sana. Molemmat ovat yleiskieless\u00e4 hyv\u00e4ksyttyj\u00e4.<\/li>\n<li class=\"aw__sc-1yb43iq-1 gVAzbt\">It\u00e4-Suomen yliopiston ja Ylen yhteiseen keruuseen osallistui yli 38 000 suomalaista.<\/li>\n<\/ul>\n<p class=\"aw__sc-1qwuw0s-0 aw__sc-ngllmo-0 epAWpq fzYpjk yle__article__paragraph\">Saunasta tutut sanat vasta ja vihta jakavat Suomen maantieteellisesti erikoisella tavalla kahtia.<\/p>\n<p class=\"aw__sc-1qwuw0s-0 aw__sc-ngllmo-0 epAWpq fzYpjk yle__article__paragraph\">Kysyimme viime huhti-toukokuussa <a class=\"aw__sc-ngllmo-1 bTDnwX yle__article__link\" href=\"https:\/\/yle.fi\/a\/74-20219985\" role=\"link\" rel=\"nofollow noopener\" target=\"_blank\">Ylen verkkosivuilla<\/a>, kumpaa sanaa suomalaiset k\u00e4ytt\u00e4v\u00e4t. Tulos on mielenkiintoinen.<\/p>\n<p class=\"aw__sc-1qwuw0s-0 aw__sc-ngllmo-0 epAWpq fzYpjk yle__article__paragraph\">Piirsimme yli 38\u00a0000 vastauksen perusteella kartan. Se osoittaa, ett\u00e4 vihta on hyvin l\u00e4nsisuomalainen sana ja vasta puolestaan enemm\u00e4n it\u00e4suomalainen sana.<\/p>\n<p class=\"aw__sc-1qwuw0s-0 aw__sc-ngllmo-0 epAWpq fzYpjk yle__article__paragraph\"><strong class=\"aw__sc-ngllmo-2 gdRrun yle__article__strong\">Alla olevalta kartalta n\u00e4et, miss\u00e4 p\u00e4in Suomea sanomme<\/strong> <strong class=\"aw__sc-ngllmo-2 gdRrun yle__article__strong\">vihta<\/strong> <strong class=\"aw__sc-ngllmo-2 gdRrun yle__article__strong\">ja miss\u00e4<\/strong> <strong class=\"aw__sc-ngllmo-2 gdRrun yle__article__strong\">vasta<\/strong>.<\/p>\n<p class=\"aw__sc-1qwuw0s-0 aw__sc-ngllmo-0 epAWpq fzYpjk yle__article__paragraph\">Karttaa koskettamalla tai hiirt\u00e4 sen p\u00e4\u00e4ll\u00e4 liikuttamalla n\u00e4et tarkat postinumeroalueet. Valkoisilta alueilta ei ole tarpeeksi vastauksia.<\/p>\n<p>Muuttumaton raja<\/p>\n<p class=\"aw__sc-1qwuw0s-0 aw__sc-ngllmo-0 epAWpq fzYpjk yle__article__paragraph\">Vihta- ja vasta-sanat ovat hyvin syv\u00e4ll\u00e4 suomen puhujien mieless\u00e4.<\/p>\n<p class=\"aw__sc-1qwuw0s-0 aw__sc-ngllmo-0 epAWpq fzYpjk yle__article__paragraph\">Vuonna 1932 ilmestyi kielitieteellisess\u00e4 Viritt\u00e4j\u00e4-lehdess\u00e4 <strong class=\"aw__sc-ngllmo-2 gdRrun yle__article__strong\">Kustaa Vilkunan<\/strong> laatima kartta, joka n\u00e4ytti, miten vihta\u2013vasta-raja kulki tuolloin Suomen halki.<\/p>\n<p class=\"aw__sc-1qwuw0s-0 aw__sc-ngllmo-0 epAWpq fzYpjk yle__article__paragraph\">Kun vuoden 1932 karttaa vertaa nykyhetken karttaan, huomaa heti, ett\u00e4 raja ei ole muuttunut juuri ollenkaan.<\/p>\n<p class=\"aw__sc-1qwuw0s-0 aw__sc-ngllmo-0 epAWpq fzYpjk yle__article__paragraph\">\u2013 N\u00e4m\u00e4 kaksi karttaa ovat h\u00e4mm\u00e4stytt\u00e4v\u00e4n samann\u00e4k\u00f6isi\u00e4. Raja kulkee aikalailla samassa kohdassa, sanoo It\u00e4-Suomen yliopiston suomen kielen professori <strong class=\"aw__sc-ngllmo-2 gdRrun yle__article__strong\">Hanna Lappalainen<\/strong>.<\/p>\n<p class=\"aw__sc-1qwuw0s-0 aw__sc-ngllmo-0 epAWpq fzYpjk yle__article__paragraph\">Lappalaisen mukaan nyt valmistunut kartta vaikuttaa hyvin uskottavalta.<\/p>\n<p class=\"aw__sc-1qwuw0s-0 aw__sc-ngllmo-0 epAWpq fzYpjk yle__article__paragraph\">Vaikka suomen kielen puhujat ovat liki sadassa vuodessa muuttaneet eri puolille Suomea ja suomen kielikin on sin\u00e4 aikana muuttunut, niin vihta\u2013vasta-raja pysyy.<\/p>\n<p class=\"aw__sc-1qwuw0s-0 aw__sc-ngllmo-0 epAWpq fzYpjk yle__article__paragraph\">Professori Hanna Lappalainen uskoo keksineens\u00e4 sille selityksen.<\/p>\n<p class=\"aw__sc-1qwuw0s-0 aw__sc-ngllmo-0 epAWpq fzYpjk yle__article__paragraph\">\u2013 Vihta ja vasta ovat molemmat yleiskieless\u00e4 hyv\u00e4ksyttyj\u00e4 sanoja, eik\u00e4 siis ole valittu jompaakumpaa. T\u00e4m\u00e4 on antanut tukea sille, ett\u00e4 molempien sanojen k\u00e4ytt\u00f6 on s\u00e4ilynyt.<\/p>\n<p class=\"aw__sc-1qwuw0s-0 aw__sc-ngllmo-0 epAWpq fzYpjk yle__article__paragraph\"><strong class=\"aw__sc-ngllmo-2 gdRrun yle__article__strong\">Alta n\u00e4et hiirt\u00e4 tai sormea liikuttamalla, millainen vihta\u2013vasta-raja on nyt ja oli vuonna 1932.<\/strong><\/p>\n<p><img decoding=\"async\" alt=\"Suomen kartta vuodelta 1932, jossa on vaalealla ja tummalla violetilla rajatut alueet n\u00e4ytt\u00e4v\u00e4t, ett\u00e4 l\u00e4nsipuolella maata k\u00e4ytet\u00e4\u00e4n vihtaa ja it\u00e4puolella vastaa.\" src=\"https:\/\/www.europesays.com\/fi\/wp-content\/uploads\/2026\/06\/1781692033.jpeg\" class=\"aw__sc-dklauk-0 LPzKX\"\/><img decoding=\"async\" alt=\"Suomen kartta, jossa on vaalealla ja tummalla violetilla rajatut alueet n\u00e4ytt\u00e4v\u00e4t ett\u00e4 l\u00e4nsipuolella maata k\u00e4ytet\u00e4\u00e4n vihtaa ja it\u00e4puolella vastaa.\" src=\"https:\/\/www.europesays.com\/fi\/wp-content\/uploads\/2026\/06\/1781760794_186_1781692033.jpeg\" class=\"aw__sc-dklauk-0 LPzKX\"\/>Kuvat: Asmo Raimoaho \/ Yle (vasen), Asmo Raimoaho \/ Yle (oikea)<\/p>\n<p class=\"aw__sc-1qwuw0s-0 aw__sc-ngllmo-0 epAWpq fzYpjk yle__article__paragraph\">Kun kev\u00e4\u00e4ll\u00e4 kysyimme, k\u00e4ytt\u00e4v\u00e4tk\u00f6 ihmiset vihta- vai vasta-sanaa, saimme kymmenien tuhansien vastausten lis\u00e4ksi yli 7\u00a0500 kommenttia kyseisten sanojen k\u00e4yt\u00f6st\u00e4.<\/p>\n<p class=\"aw__sc-1qwuw0s-0 aw__sc-ngllmo-0 epAWpq fzYpjk yle__article__paragraph\">Niist\u00e4 j\u00e4i vaikutelma, ett\u00e4 ihmisill\u00e4 on suuria tunteita vihta- ja vasta-sanoja kohtaan.<\/p>\n<p class=\"aw__sc-1qwuw0s-0 aw__sc-ngllmo-0 epAWpq fzYpjk yle__article__paragraph\">\u2013 Ihmiset halusivat kertoa my\u00f6s sukutaustastaan. Joissakin perheiss\u00e4 vanhemmat ovat eri puolilta Suomea, mik\u00e4 selitti sit\u00e4, miksi itse voi k\u00e4ytt\u00e4\u00e4 molempia sanoja.<\/p>\n<p><img decoding=\"async\" alt=\"Henkil\u00f6 seisoo koivunoksien ymp\u00e4r\u00f6im\u00e4n\u00e4 ulkona, taustalla vihreit\u00e4 lehti\u00e4.\" src=\"https:\/\/www.europesays.com\/fi\/wp-content\/uploads\/2026\/06\/1781164409.jpeg\" loading=\"lazy\" class=\"aw__sc-dklauk-0 LPzKX\"\/><\/p>\n<p>Avaa kuvien katselu<\/p>\n<p>It\u00e4-Suomen yliopiston suomen kielen professori Hanna Lappalainen k\u00e4ytt\u00e4\u00e4 itse vasta-sanaa. Kuva: Mikko Savolainen \/ Yle<\/p>\n<p class=\"aw__sc-1qwuw0s-0 aw__sc-ngllmo-0 epAWpq fzYpjk yle__article__paragraph\">Suomen vihta- ja vasta-raja Kaakkois-Suomesta luoteeseen n\u00e4ytt\u00e4\u00e4 h\u00e4mm\u00e4stytt\u00e4v\u00e4sti samalta kuin vuoden 1323 <a class=\"aw__sc-ngllmo-1 bTDnwX yle__article__link\" href=\"https:\/\/yle.fi\/a\/74-20044882\" role=\"link\" rel=\"nofollow noopener\" target=\"_blank\">P\u00e4hkin\u00e4saaren rauhan raja<\/a>. Raja kulkee vain aavistuksen etel\u00e4mp\u00e4n\u00e4.<\/p>\n<p class=\"aw__sc-1qwuw0s-0 aw__sc-ngllmo-0 epAWpq fzYpjk yle__article__paragraph\">\u2013 Vanhan rajan piirteit\u00e4 on yll\u00e4tt\u00e4v\u00e4n monissa asioissa. Niit\u00e4 on monissa eri kielenpiirteiss\u00e4, ihmisten geeneiss\u00e4 ja monenlaisissa tavoissa ja kulttuurillisissa piirteiss\u00e4. On todella kiinnostavaa, ett\u00e4 viel\u00e4 satojen vuosien j\u00e4lkeen me ik\u00e4\u00e4n kuin n\u00e4emme t\u00e4m\u00e4n saman rajan, sanoo Hanna Lappalainen.<\/p>\n<p class=\"aw__sc-1qwuw0s-0 aw__sc-ngllmo-0 epAWpq fzYpjk yle__article__paragraph\"><strong class=\"aw__sc-ngllmo-2 gdRrun yle__article__strong\">Laita saunoja nauttimaan vihdan tai vastan kosketuksesta! Vai kumpi se on?<\/strong><\/p>\n<p class=\"aw__sc-1qwuw0s-0 aw__sc-ngllmo-0 epAWpq fzYpjk yle__article__paragraph\">Koko valtava aineisto j\u00e4\u00e4 It\u00e4-Suomen yliopiston suomen kielen oppiaineen k\u00e4ytt\u00f6\u00f6n tulevia tutkimuksia varten.<\/p>\n<p class=\"aw__sc-1qwuw0s-0 aw__sc-ngllmo-0 epAWpq fzYpjk yle__article__paragraph\">Yle on yhdess\u00e4 It\u00e4-Suomen yliopiston suomen kielen oppiaineen kanssa ker\u00e4nnyt viime vuosina aineistoa <a class=\"aw__sc-ngllmo-1 bTDnwX yle__article__link\" href=\"https:\/\/yle.fi\/a\/74-20010020\" role=\"link\" rel=\"nofollow noopener\" target=\"_blank\">min\u00e4-sanan<\/a> k\u00e4yt\u00f6st\u00e4, <a class=\"aw__sc-ngllmo-1 bTDnwX yle__article__link\" href=\"https:\/\/yle.fi\/a\/74-20112461\" role=\"link\" rel=\"nofollow noopener\" target=\"_blank\">\u00e4idin nimityksist\u00e4<\/a>, <a class=\"aw__sc-ngllmo-1 bTDnwX yle__article__link\" href=\"https:\/\/yle.fi\/a\/74-20065721\" role=\"link\" rel=\"nofollow noopener\" target=\"_blank\">tervehdyssanoista<\/a> ja <a class=\"aw__sc-ngllmo-1 bTDnwX yle__article__link\" href=\"https:\/\/yle.fi\/a\/74-20198415\" role=\"link\" rel=\"nofollow noopener\" target=\"_blank\">d-\u00e4\u00e4nteen<\/a> esiintymisist\u00e4.<\/p>\n<p class=\"aw__sc-1qwuw0s-0 aw__sc-ngllmo-0 epAWpq fzYpjk yle__article__paragraph\">Niist\u00e4 on professori Hanna Lappalaisen mukaan ollut suuri apu suomen kielen tutkimukselle. Aineistoista on ilmestynyt useita opinn\u00e4ytet\u00f6it\u00e4 ja tieteellisi\u00e4 artikkeleita.<\/p>\n<p>N\u00e4in selvitimme vihta\u2013vasta-rajan<\/p>\n<p class=\"aw__sc-1qwuw0s-0 aw__sc-ngllmo-0 epAWpq fzYpjk yle__article__paragraph\">Ylen verkkosivuilla ihmiset saivat kertoa, k\u00e4ytt\u00e4v\u00e4tk\u00f6 he sanaa vihta vai vasta. Samalla vastaajat ilmoittivat postinumeronsa.<\/p>\n<p class=\"aw__sc-1qwuw0s-0 aw__sc-ngllmo-0 epAWpq fzYpjk yle__article__paragraph\">Vastaajia oli kaikkiaan 38 223.<\/p>\n<p class=\"aw__sc-1qwuw0s-0 aw__sc-ngllmo-0 epAWpq fzYpjk yle__article__paragraph\">Postinumeroiden perusteella teimme kartan, joka n\u00e4ytt\u00e4\u00e4, miss\u00e4 p\u00e4in Suomea sanotaan vihta ja miss\u00e4 vasta.<\/p>\n<p class=\"aw__sc-1qwuw0s-0 aw__sc-ngllmo-0 epAWpq fzYpjk yle__article__paragraph\">Ihmiset j\u00e4ttiv\u00e4t tutkijoille yli 7 500 kirjallista kommenttia vasta- tai vihta-sanojensa k\u00e4yt\u00f6st\u00e4.<\/p>\n<p class=\"aw__sc-1qwuw0s-0 aw__sc-ngllmo-0 epAWpq fzYpjk yle__article__paragraph\">Aineisto j\u00e4\u00e4 It\u00e4-Suomen yliopiston suomen kielen oppiaineelle my\u00f6hempi\u00e4 tutkimuksia varten.<\/p>\n","protected":false},"excerpt":{"rendered":"Yli 38\u00a0000 suomalaista kertoi, kumpaa sanaa he k\u00e4ytt\u00e4v\u00e4t: vihta vai vasta. Saimme aikaan mielen\u00ad\u00adkiintoisen kartan. Videolla selvi\u00e4\u00e4, mik\u00e4&hellip;\n","protected":false},"author":2,"featured_media":279889,"comment_status":"","ping_status":"","sticky":false,"template":"","format":"standard","meta":{"footnotes":"","_share_on_mastodon":"0"},"categories":[130],"tags":[137,1302,33,31,30,1131,1133,1344,6715,71,465,737,108,464,1446,4289,725,37692,646,5577,32,37691,109],"class_list":["post-279888","post","type-post","status-publish","format-standard","has-post-thumbnail","category-viihde","tag-entertainment","tag-etela-karjala","tag-fi","tag-finland","tag-finnish","tag-ita-suomen-yliopisto","tag-joensuu","tag-kielet","tag-kielitiede","tag-kotimaa","tag-kotka","tag-kouvola","tag-kulttuuri","tag-kymenlaakso","tag-lappeenranta","tag-parikkala","tag-professorit","tag-sanat","tag-suomalaisuus","tag-suomen-kieli","tag-suomi","tag-vastat-vihdat","tag-viihde"],"share_on_mastodon":{"url":"https:\/\/pubeurope.com\/@fi\/116769482815614951","error":""},"_links":{"self":[{"href":"https:\/\/www.europesays.com\/fi\/wp-json\/wp\/v2\/posts\/279888","targetHints":{"allow":["GET"]}}],"collection":[{"href":"https:\/\/www.europesays.com\/fi\/wp-json\/wp\/v2\/posts"}],"about":[{"href":"https:\/\/www.europesays.com\/fi\/wp-json\/wp\/v2\/types\/post"}],"author":[{"embeddable":true,"href":"https:\/\/www.europesays.com\/fi\/wp-json\/wp\/v2\/users\/2"}],"replies":[{"embeddable":true,"href":"https:\/\/www.europesays.com\/fi\/wp-json\/wp\/v2\/comments?post=279888"}],"version-history":[{"count":0,"href":"https:\/\/www.europesays.com\/fi\/wp-json\/wp\/v2\/posts\/279888\/revisions"}],"wp:featuredmedia":[{"embeddable":true,"href":"https:\/\/www.europesays.com\/fi\/wp-json\/wp\/v2\/media\/279889"}],"wp:attachment":[{"href":"https:\/\/www.europesays.com\/fi\/wp-json\/wp\/v2\/media?parent=279888"}],"wp:term":[{"taxonomy":"category","embeddable":true,"href":"https:\/\/www.europesays.com\/fi\/wp-json\/wp\/v2\/categories?post=279888"},{"taxonomy":"post_tag","embeddable":true,"href":"https:\/\/www.europesays.com\/fi\/wp-json\/wp\/v2\/tags?post=279888"}],"curies":[{"name":"wp","href":"https:\/\/api.w.org\/{rel}","templated":true}]}}