{"id":279918,"date":"2026-06-18T06:22:13","date_gmt":"2026-06-18T06:22:13","guid":{"rendered":"https:\/\/www.europesays.com\/fi\/279918\/"},"modified":"2026-06-18T06:22:13","modified_gmt":"2026-06-18T06:22:13","slug":"noomi-rapacen-uusi-scifi-elokuva-nayttaa-dyynin-ja-blade-runnerin-sekopaiselta-sekoitukselta","status":"publish","type":"post","link":"https:\/\/www.europesays.com\/fi\/279918\/","title":{"rendered":"Noomi Rapacen uusi scifi-elokuva n\u00e4ytt\u00e4\u00e4 Dyynin ja Blade Runnerin sekop\u00e4iselt\u00e4 sekoitukselta"},"content":{"rendered":"<p>Hot Spot -scifij\u00e4nn\u00e4ri saa ensi-iltansa elokuussa.<\/p>\n<p>Focus Features on julkaissut trailerin, julisteen ja kuvia Hot Spot -tieteistrillerist\u00e4, jonka on ohjannut puolalainen kulttiohjaaja Agnieszka Smoczy\u0144ska, joka tunnetaan parhaiten vuoden 2015 sekop\u00e4isest\u00e4 merenneitojen The Lure -kauhumusikaalista.<\/p>\n<p>Meno n\u00e4ytt\u00e4\u00e4 melko kahjolta my\u00f6s Hot Spot -j\u00e4nn\u00e4riscifiss\u00e4, joka ottaa vauhtia festareilta. Se saa maailmanensi-iltansa Montrealin Fantasia-genrefestareilla hein\u00e4kuun lopussa.<\/p>\n<p>Robert Boleston k\u00e4sikirjoittama ja Andrzej Konopkan, <a href=\"https:\/\/muropaketti.com\/avainsana\/noomi-rapace\/\" rel=\"nofollow noopener\" target=\"_blank\">Noomi Rapacen<\/a> ja Reika Kirishiman t\u00e4hditt\u00e4m\u00e4 leffa tulee Yhdysvalloissa laajempaan levitykseen 21. elokuuta.<\/p>\n<p>Virallinen synopsis kertoo vapaasti suomennettuna seuraavaa:<\/p>\n<p>\u201dL\u00e4hitulevaisuuteen sijoittuvassa yhteiskunnassa maailmaa hallitsee teko\u00e4ly. Yksityisetsiv\u00e4 selvitt\u00e4\u00e4 murhatapausta, mutta l\u00f6yt\u00e4\u00e4 joukon kapinallisia, joilla on mahdollisuus peitota AI.\u201d<\/p>\n<p>Hot Spotin Suomen ensi-illasta ei ole tietoa, mutta trailerin perusteella leffan oikea paikka lienee Rakkautta &amp; Anarkiaa -tai Night Visions -festarit.<\/p>\n<p><a href=\"https:\/\/muropaketti.com\/wp-content\/uploads\/2026\/06\/hot-spot-reika-kirishima.jpg\" rel=\"nofollow noopener\" target=\"_blank\"><img fetchpriority=\"high\" decoding=\"async\" width=\"1024\" height=\"508\" alt=\"Hot Spot\" class=\"wp-image-949092 awpo-lazy\"  data- src=\"https:\/\/www.europesays.com\/fi\/wp-content\/uploads\/2026\/06\/hot-spot-reika-kirishima-1024x508.jpg\"\/><\/a>Kuva: \u00a9 2026 Focus Features, LLC<\/p>\n<p><a href=\"https:\/\/muropaketti.com\/wp-content\/uploads\/2026\/06\/hot-spot-juliste.jpg\" rel=\"nofollow noopener\" target=\"_blank\"><img loading=\"lazy\" decoding=\"async\" width=\"691\" height=\"1024\" alt=\"Hot Spot\" class=\"wp-image-949093 awpo-lazy\" style=\"width:840px;height:auto\"  data- src=\"https:\/\/www.europesays.com\/fi\/wp-content\/uploads\/2026\/06\/hot-spot-juliste-691x1024.jpg\"\/><\/a>Kuva: \u00a9 2026 Focus Features, LLC<\/p>\n","protected":false},"excerpt":{"rendered":"Hot Spot -scifij\u00e4nn\u00e4ri saa ensi-iltansa elokuussa. Focus Features on julkaissut trailerin, julisteen ja kuvia Hot Spot -tieteistrillerist\u00e4, jonka&hellip;\n","protected":false},"author":2,"featured_media":279919,"comment_status":"","ping_status":"","sticky":false,"template":"","format":"standard","meta":{"footnotes":"","_share_on_mastodon":"0"},"categories":[131],"tags":[155,137,33,173,31,30,172,7435,32,109],"class_list":["post-279918","post","type-post","status-publish","format-standard","has-post-thumbnail","category-elokuvat","tag-elokuvat","tag-entertainment","tag-fi","tag-film","tag-finland","tag-finnish","tag-movies","tag-noomi-rapace","tag-suomi","tag-viihde"],"share_on_mastodon":{"url":"https:\/\/pubeurope.com\/@fi\/116769675797677279","error":""},"_links":{"self":[{"href":"https:\/\/www.europesays.com\/fi\/wp-json\/wp\/v2\/posts\/279918","targetHints":{"allow":["GET"]}}],"collection":[{"href":"https:\/\/www.europesays.com\/fi\/wp-json\/wp\/v2\/posts"}],"about":[{"href":"https:\/\/www.europesays.com\/fi\/wp-json\/wp\/v2\/types\/post"}],"author":[{"embeddable":true,"href":"https:\/\/www.europesays.com\/fi\/wp-json\/wp\/v2\/users\/2"}],"replies":[{"embeddable":true,"href":"https:\/\/www.europesays.com\/fi\/wp-json\/wp\/v2\/comments?post=279918"}],"version-history":[{"count":0,"href":"https:\/\/www.europesays.com\/fi\/wp-json\/wp\/v2\/posts\/279918\/revisions"}],"wp:featuredmedia":[{"embeddable":true,"href":"https:\/\/www.europesays.com\/fi\/wp-json\/wp\/v2\/media\/279919"}],"wp:attachment":[{"href":"https:\/\/www.europesays.com\/fi\/wp-json\/wp\/v2\/media?parent=279918"}],"wp:term":[{"taxonomy":"category","embeddable":true,"href":"https:\/\/www.europesays.com\/fi\/wp-json\/wp\/v2\/categories?post=279918"},{"taxonomy":"post_tag","embeddable":true,"href":"https:\/\/www.europesays.com\/fi\/wp-json\/wp\/v2\/tags?post=279918"}],"curies":[{"name":"wp","href":"https:\/\/api.w.org\/{rel}","templated":true}]}}