{"id":280112,"date":"2026-06-18T10:54:13","date_gmt":"2026-06-18T10:54:13","guid":{"rendered":"https:\/\/www.europesays.com\/fi\/280112\/"},"modified":"2026-06-18T10:54:13","modified_gmt":"2026-06-18T10:54:13","slug":"peltsin-toinen-luonto-kuudes-kausi-tulossa-mikko-peltola-paljastaa-yksityiskohtia","status":"publish","type":"post","link":"https:\/\/www.europesays.com\/fi\/280112\/","title":{"rendered":"Peltsin toinen luonto: Kuudes kausi tulossa \u2013 Mikko Peltola paljastaa yksityiskohtia"},"content":{"rendered":"<p class=\"article-content article-content-width !bg-background\">Suositusta Peltsin toinen luonto -ohjelmasta on tehty viisi tuotantokautta. Uudesta, kuudennesta kaudesta ei ole kuitenkaan tullut viel\u00e4 Ylelt\u00e4 virallista tiedotetta.<\/p>\n<p class=\"font-weight-bold m-font-weight-bold article-content article-content-width !bg-background\">Video: Miksi vaimo ei n\u00e4y Peltsin toinen luonto -ohjelmassa?<\/p>\n<p class=\"article-content article-content-width !bg-background\"><a href=\"https:\/\/www.instagram.com\/p\/DZsFPTSjU31\/?hl=fi&amp;img_index=7\" target=\"_blank\" rel=\"nofollow noopener\">Ohjelman t\u00e4hti, luontoretkeilij\u00e4 <a alt=\"Haku\" class=\"text-primary-red font-extrabold\" href=\"https:\/\/www.seiska.fi\/haku?q=Mikko \u201dPeltsi\u201d Peltola\" rel=\"nofollow noopener\" target=\"_blank\">Mikko \u201dPeltsi\u201d Peltola<\/a> paljastaa tuoreessa Instagram-julkaisussaan, ett\u00e4 uutta kautta kuvataan jo.<\/a><\/p>\n<p class=\"article-content article-content-width !bg-background\">Peltsi julkaisi kuvasarjan, jossa h\u00e4n seikkailee poikansa <a alt=\"Haku\" class=\"text-primary-red font-extrabold\" href=\"https:\/\/www.seiska.fi\/haku?q=Osmon\" rel=\"nofollow noopener\" target=\"_blank\">Osmon<\/a> sek\u00e4 kuvaajansa <a alt=\"Haku\" class=\"text-primary-red font-extrabold\" href=\"https:\/\/www.seiska.fi\/haku?q=Juha Korhosen\" rel=\"nofollow noopener\" target=\"_blank\">Juha Korhosen<\/a> kanssa Jurmon saaristossa.<\/p>\n<p class=\"article-content article-content-width !bg-background\"> Seurue on saapunut Jurmoon purjehtien. <\/p>\n<p class=\"article-content article-content-width !bg-background\">\u2013 Tuotanto jauhaa\u2026 Purjehtien Kirjaisista Notvarpharunin ja Bj\u00f6rk\u00f6n kautta Jurmoon Saaristomeren kansallispuiston upeita maisemia ihaillen. On ihania saaria ja porukkaa! Peltsi kirjoittaa kuvasarjan yhteyteen.<\/p>\n<p class=\"article-content article-content-width !bg-background\">Peltsi on lis\u00e4nnyt p\u00e4ivitykseens\u00e4 avainsanaksi Peltsin toinen luonto.<\/p>\n<p class=\"article-content article-content-width !bg-background\">Seikkailulla on tapahtunut paljon j\u00e4nnitt\u00e4vi\u00e4 asioita. Seurue on l\u00f6yt\u00e4nyt muun muassa hurjan p\u00e4\u00e4kallon.<\/p>\n<p class=\"article-content article-content-width !bg-background\">Yksi seuraajista ep\u00e4ilee, ett\u00e4 se kuuluu hylkeelle.<\/p>\n<p class=\"article-content article-content-width !bg-background\">\u2013 Mink\u00e4 el\u00e4imen kallo tuo on? Voiko olla hylkeen, kun tuollaiset hampaat? Seuraaja ep\u00e4ilee.<\/p>\n<p>Ilouutinen<\/p>\n<p class=\"article-content article-content-width !bg-background\"><a href=\"https:\/\/www.iltalehti.fi\/tv-ja-leffat\/a\/bedab90a-c583-4272-a4b0-344a67e1760a\" target=\"_blank\" rel=\"nofollow noopener\">Iltalehti uutisoi t\u00e4m\u00e4n vuoden tammikuussa<\/a>, ett\u00e4 Peltsin toisen luonnon kuudes kausi on tulossa vuoden lopussa.<\/p>\n<p class=\"article-content article-content-width !bg-background\">Asian lehdelle paljasti ohjelman tuottaja <a alt=\"Haku\" class=\"text-primary-red font-extrabold\" href=\"https:\/\/www.seiska.fi\/haku?q=Maarit Puttonen\" rel=\"nofollow noopener\" target=\"_blank\">Maarit Puttonen<\/a>.<\/p>\n<p class=\"article-content article-content-width !bg-background\">Samassa h\u00e4n kertoi ilouutisen.<\/p>\n<p class=\"article-content article-content-width !bg-background\">\u2013 Osmon on tarkoitus vierailla my\u00f6s kuudennella kaudella ainakin yhdess\u00e4 jaksossa.<\/p>\n<p class=\"article-content article-content-width !bg-background\">Peltsin toinen luonto on ollut katsojamenestys. Se on tavoittanut 274 000 katsojaa Finnpanelin mukaan.<\/p>\n<p>                <img decoding=\"async\" src=\"https:\/\/www.europesays.com\/fi\/wp-content\/uploads\/2026\/06\/2182868.webp\" width=\"576\" height=\"274\" alt=\"Mikko ja Osmo Peltolan luontoseikkailut kiinnostavat suomalaisia tv-katsojia.\" loading=\"lazy\" \/>            <\/p>\n<p>\n            Mikko ja Osmo Peltolan luontoseikkailut kiinnostavat suomalaisia tv-katsojia.<br \/>\n            Timo Korhonen\n        <\/p>\n<p class=\"italic m-italic article-content article-content-width !bg-background\">Peltsin toinen luonto katsottavissa Yle Areenassa.\u00a0<\/p>\n<p><script async src=\"\/\/www.instagram.com\/embed.js\"><\/script><\/p>\n","protected":false},"excerpt":{"rendered":"Suositusta Peltsin toinen luonto -ohjelmasta on tehty viisi tuotantokautta. Uudesta, kuudennesta kaudesta ei ole kuitenkaan tullut viel\u00e4 Ylelt\u00e4&hellip;\n","protected":false},"author":2,"featured_media":280113,"comment_status":"","ping_status":"","sticky":false,"template":"","format":"standard","meta":{"footnotes":"","_share_on_mastodon":"0"},"categories":[117],"tags":[33,31,30,37706,72,37705,3222,476,5601,37707,6631,118,32,119,477,1149],"class_list":["post-280112","post","type-post","status-publish","format-standard","has-post-thumbnail","category-luonto","tag-fi","tag-finland","tag-finnish","tag-jurmo","tag-luonto","tag-maarit-puttonen","tag-mikko-peltola","tag-nature","tag-osmo-peltola","tag-peltsi","tag-peltsin-toinen-luonto","tag-science","tag-suomi","tag-tiede","tag-wildlife","tag-yle"],"share_on_mastodon":{"url":"https:\/\/pubeurope.com\/@fi\/116770745036312194","error":""},"_links":{"self":[{"href":"https:\/\/www.europesays.com\/fi\/wp-json\/wp\/v2\/posts\/280112","targetHints":{"allow":["GET"]}}],"collection":[{"href":"https:\/\/www.europesays.com\/fi\/wp-json\/wp\/v2\/posts"}],"about":[{"href":"https:\/\/www.europesays.com\/fi\/wp-json\/wp\/v2\/types\/post"}],"author":[{"embeddable":true,"href":"https:\/\/www.europesays.com\/fi\/wp-json\/wp\/v2\/users\/2"}],"replies":[{"embeddable":true,"href":"https:\/\/www.europesays.com\/fi\/wp-json\/wp\/v2\/comments?post=280112"}],"version-history":[{"count":0,"href":"https:\/\/www.europesays.com\/fi\/wp-json\/wp\/v2\/posts\/280112\/revisions"}],"wp:featuredmedia":[{"embeddable":true,"href":"https:\/\/www.europesays.com\/fi\/wp-json\/wp\/v2\/media\/280113"}],"wp:attachment":[{"href":"https:\/\/www.europesays.com\/fi\/wp-json\/wp\/v2\/media?parent=280112"}],"wp:term":[{"taxonomy":"category","embeddable":true,"href":"https:\/\/www.europesays.com\/fi\/wp-json\/wp\/v2\/categories?post=280112"},{"taxonomy":"post_tag","embeddable":true,"href":"https:\/\/www.europesays.com\/fi\/wp-json\/wp\/v2\/tags?post=280112"}],"curies":[{"name":"wp","href":"https:\/\/api.w.org\/{rel}","templated":true}]}}