{"id":280349,"date":"2026-06-18T16:29:11","date_gmt":"2026-06-18T16:29:11","guid":{"rendered":"https:\/\/www.europesays.com\/fi\/280349\/"},"modified":"2026-06-18T16:29:11","modified_gmt":"2026-06-18T16:29:11","slug":"metsahanhen-metsastys-pesimapaikoilta-on-laajenemassa-pohjois-karjalaan-ja-pohjois-savoon-pohjois-karjala","status":"publish","type":"post","link":"https:\/\/www.europesays.com\/fi\/280349\/","title":{"rendered":"Mets\u00e4hanhen mets\u00e4stys pesim\u00e4paikoilta on laajenemassa Pohjois-Karjalaan ja Pohjois-Savoon | Pohjois-Karjala"},"content":{"rendered":"<p class=\"aw__sc-1qwuw0s-0 aw__sc-1vg2sqm-0 epAWpq ecELkD yle__article__paragraph\">Monet vesilintukannat taantuvat, mutta mets\u00e4hanhen mets\u00e4stysaluetta ja tundramets\u00e4hanhen mets\u00e4styst\u00e4 halutaan laajentaa.<\/p>\n<p><img decoding=\"async\" alt=\"mets\u00e4hanhet lennossa\" src=\"https:\/\/www.europesays.com\/fi\/wp-content\/uploads\/2026\/06\/1473858928.jpeg\" class=\"aw__sc-dklauk-0 LPzKX\"\/><\/p>\n<p>Avaa kuvien katselu<\/p>\n<p>Mets\u00e4hanhet muuttavat loppusyksyll\u00e4 Suomen yli. Vain osa pesii Suomessa. Kuva: Yle \/ Risto Salovaara<\/p>\n<p>16:20\u2022P\u00e4ivitetty 16:23<\/p>\n<p class=\"aw__sc-1qwuw0s-0 aw__sc-ngllmo-0 epAWpq fzYpjk yle__article__paragraph\">Mets\u00e4hanhen elokuista mets\u00e4stysaluetta halutaan laajentaa sen Pohjois-Suomen pesim\u00e4alueilta my\u00f6s Pohjois-Karjalaan ja Pohjois-Savoon.<\/p>\n<p class=\"aw__sc-1qwuw0s-0 aw__sc-ngllmo-0 epAWpq fzYpjk yle__article__paragraph\">Maa- ja mets\u00e4talousministeri\u00f6 on l\u00e4hett\u00e4nyt lausuntokierrokselle luonnokset vesilintujen mets\u00e4styst\u00e4 rajoittaviksi asetuksiksi. Esityksen tavoitteena on varmistaa vesilintujen mets\u00e4styksen kest\u00e4vyys.<\/p>\n<p class=\"aw__sc-1qwuw0s-0 aw__sc-ngllmo-0 epAWpq fzYpjk yle__article__paragraph\">P\u00e4\u00e4asiassa asetuksissa on rajoituksia, mutta mukana on my\u00f6s mets\u00e4hanhen mets\u00e4stysalueen laajeneminen Ilomantsin, Juuan, Lieksan ja Nurmeksen kuntiin sek\u00e4 Pohjois-Savossa Rautavaaran ja Sonkaj\u00e4rven kuntiin.<\/p>\n<p class=\"aw__sc-1qwuw0s-0 aw__sc-ngllmo-0 epAWpq fzYpjk yle__article__paragraph\">Mets\u00e4hanhen mets\u00e4stys kaikkialla muualla Suomessa ehdotetaan edelleen kiellett\u00e4v\u00e4ksi kokonaan.<\/p>\n<p class=\"aw__sc-1qwuw0s-0 aw__sc-ngllmo-0 epAWpq fzYpjk yle__article__paragraph\">Mets\u00e4hanhen mets\u00e4stys on ollut sallittua Pohjois-Suomen pesim\u00e4alueilla 20.\u201327. elokuuta. Suomessa pesii mets\u00e4hanhen alalaji taigamets\u00e4hanhi, jonka kanta on taantunut. Suomen l\u00e4pi muuttaa my\u00f6s elinvoimainen tundramets\u00e4hanhi.<\/p>\n<p class=\"aw__sc-1qwuw0s-0 aw__sc-ngllmo-0 epAWpq fzYpjk yle__article__paragraph\">Elokuussa pesim\u00e4alueille kohdistuvan mets\u00e4styksen saaliskiinti\u00f6 olisi yksi taigamets\u00e4hanhi mets\u00e4st\u00e4j\u00e4\u00e4 kohden. Ravintohoukuttimen k\u00e4ytt\u00f6 ja pellolta mets\u00e4stys olisi kielletty\u00e4.<\/p>\n<p>Tundramets\u00e4hanhelle muuttoaikainen mets\u00e4stys<\/p>\n<p class=\"aw__sc-1qwuw0s-0 aw__sc-ngllmo-0 epAWpq fzYpjk yle__article__paragraph\">Mets\u00e4hanhen mets\u00e4stys sallittaisiin lis\u00e4ksi toiselle alalajille eli tundramets\u00e4hanhelle It\u00e4- ja Kaakkois-Suomessa rajatulla alueella loka-marraskuussa.<\/p>\n<p class=\"aw__sc-1qwuw0s-0 aw__sc-ngllmo-0 epAWpq fzYpjk yle__article__paragraph\">Tundramets\u00e4hanhen mets\u00e4stysaluetta esitet\u00e4\u00e4n laajennettavaksi Etel\u00e4-Savon maakunnassa Hirvensalmen, Juvan, Mikkelin ja M\u00e4ntyharjun kuntiin, Pohjois-Karjalan maakunnassa Hein\u00e4veden kuntaan sek\u00e4 Pohjois-Savon maakunnassa Joroisten ja Varkauden kuntiin. N\u00e4ill\u00e4 alueilla tavataan muuttoaikana runsaslukuista tundramets\u00e4hanhen kantaa, mutta muuttoreitiss\u00e4 on vuosittaista vaihtelua riippuen tuulien suunnasta ja voimakkuudesta.<\/p>\n<p class=\"aw__sc-1qwuw0s-0 aw__sc-ngllmo-0 epAWpq fzYpjk yle__article__paragraph\">Loka\u2013marraskuun mets\u00e4styksess\u00e4 mets\u00e4hanhien saalism\u00e4\u00e4r\u00e4\u00e4 ei ole tarpeen rajoittaa kiinti\u00f6ll\u00e4 eik\u00e4 pyyntimenetelmill\u00e4, arvioi maa- ja mets\u00e4talousministeri\u00f6. Lausuntoja voi antaa viimeist\u00e4\u00e4n 9.7.2026.<\/p>\n","protected":false},"excerpt":{"rendered":"Monet vesilintukannat taantuvat, mutta mets\u00e4hanhen mets\u00e4stysaluetta ja tundramets\u00e4hanhen mets\u00e4styst\u00e4 halutaan laajentaa. Avaa kuvien katselu Mets\u00e4hanhet muuttavat loppusyksyll\u00e4 Suomen&hellip;\n","protected":false},"author":2,"featured_media":280350,"comment_status":"","ping_status":"","sticky":false,"template":"","format":"standard","meta":{"footnotes":"","_share_on_mastodon":"0"},"categories":[112],"tags":[184,33,31,30,1687,2947,1255,37727,72,37726,479,1360,1137,1136,15077,118,4947,32,119],"class_list":["post-280349","post","type-post","status-publish","format-standard","has-post-thumbnail","category-tiede","tag-etela-savo","tag-fi","tag-finland","tag-finnish","tag-ilomantsi","tag-juuka","tag-lieksa","tag-linnustus","tag-luonto","tag-metsahanhi","tag-metsastys","tag-nurmes","tag-pohjois-karjala","tag-pohjois-savo","tag-rautavaara","tag-science","tag-sonkajarvi","tag-suomi","tag-tiede"],"share_on_mastodon":{"url":"https:\/\/pubeurope.com\/@fi\/116772062517422271","error":""},"_links":{"self":[{"href":"https:\/\/www.europesays.com\/fi\/wp-json\/wp\/v2\/posts\/280349","targetHints":{"allow":["GET"]}}],"collection":[{"href":"https:\/\/www.europesays.com\/fi\/wp-json\/wp\/v2\/posts"}],"about":[{"href":"https:\/\/www.europesays.com\/fi\/wp-json\/wp\/v2\/types\/post"}],"author":[{"embeddable":true,"href":"https:\/\/www.europesays.com\/fi\/wp-json\/wp\/v2\/users\/2"}],"replies":[{"embeddable":true,"href":"https:\/\/www.europesays.com\/fi\/wp-json\/wp\/v2\/comments?post=280349"}],"version-history":[{"count":0,"href":"https:\/\/www.europesays.com\/fi\/wp-json\/wp\/v2\/posts\/280349\/revisions"}],"wp:featuredmedia":[{"embeddable":true,"href":"https:\/\/www.europesays.com\/fi\/wp-json\/wp\/v2\/media\/280350"}],"wp:attachment":[{"href":"https:\/\/www.europesays.com\/fi\/wp-json\/wp\/v2\/media?parent=280349"}],"wp:term":[{"taxonomy":"category","embeddable":true,"href":"https:\/\/www.europesays.com\/fi\/wp-json\/wp\/v2\/categories?post=280349"},{"taxonomy":"post_tag","embeddable":true,"href":"https:\/\/www.europesays.com\/fi\/wp-json\/wp\/v2\/tags?post=280349"}],"curies":[{"name":"wp","href":"https:\/\/api.w.org\/{rel}","templated":true}]}}