{"id":280748,"date":"2026-06-19T03:25:19","date_gmt":"2026-06-19T03:25:19","guid":{"rendered":"https:\/\/www.europesays.com\/fi\/280748\/"},"modified":"2026-06-19T03:25:19","modified_gmt":"2026-06-19T03:25:19","slug":"keskustan-k-kauppaan-tehdaan-taysremontti-yli-kaksi-kuukautta-kiinni-paikalliset","status":"publish","type":"post","link":"https:\/\/www.europesays.com\/fi\/280748\/","title":{"rendered":"Keskustan K-kauppaan tehd\u00e4\u00e4n t\u00e4ysremontti \u2013 yli kaksi kuukautta kiinni | Paikalliset"},"content":{"rendered":"<p>Helsingin keskustassa sijaitseva K-Supermarket Kaisaniemi suljetaan yli kahdeksi kuukaudeksi.<\/p>\n<p>Kauppaan tehd\u00e4\u00e4n t\u00e4ysremontti.<\/p>\n<p><strong class=\"diks-storyline__impact\">K-Supermarket Kaisaniemi<\/strong> on avattu kes\u00e4ll\u00e4 2012. Kauppaa on p\u00e4ivitetty pienin remontein vuosien varrella, mutta nyt kaupassa tehd\u00e4\u00e4n perusteellinen uudistus.<\/p>\n<p>Kauppa on auki viimeisen p\u00e4iv\u00e4n ennen remonttia perjantaina 19. kes\u00e4kuuta.<\/p>\n<p>\u2013\u2009Kylm\u00e4laitos ja kaikki kylm\u00e4\u00e4 sek\u00e4 pakkasta vaativat laitteet tullaan vaihtamaan nykyaikaisiin energiatehokkaisiin kalusteisiin, kauppias <strong>Ilkka Rantala<\/strong> kertoo tiedotteessa.<\/p>\n<p>Remontissa koko sis\u00e4\u00e4ntulo uudistuu, panimo-osasto vaihtuu uudelle paikalle, valaistus uusitaan ja kaupan visuaalinen ilme muuttuu. Lis\u00e4ksi v\u00e4lipalojen ja aterioiden valikoimaa lis\u00e4t\u00e4\u00e4n ja ne saavat uudet kalusteet.<\/p>\n","protected":false},"excerpt":{"rendered":"Helsingin keskustassa sijaitseva K-Supermarket Kaisaniemi suljetaan yli kahdeksi kuukaudeksi. Kauppaan tehd\u00e4\u00e4n t\u00e4ysremontti. K-Supermarket Kaisaniemi on avattu kes\u00e4ll\u00e4 2012.&hellip;\n","protected":false},"author":2,"featured_media":280749,"comment_status":"","ping_status":"","sticky":false,"template":"","format":"standard","meta":{"footnotes":"","_share_on_mastodon":"0"},"categories":[76],"tags":[79,77,2199,33,31,30,104,898,35126,32,78,3038,2200,7604],"class_list":["post-280748","post","type-post","status-publish","format-standard","has-post-thumbnail","category-talous","tag-business","tag-economy","tag-elintarvikekauppa-ja-supermarketit","tag-fi","tag-finland","tag-finnish","tag-helsinki","tag-kulutustavarat","tag-ruokakesko","tag-suomi","tag-talous","tag-vahittaiskauppa-erikoistumattomissa-myymaloissa","tag-vahittaiskauppa-pl-moottoriajoneuvot-kotitaloustavaroiden-korjaus","tag-yleistukkukauppa"],"share_on_mastodon":{"url":"https:\/\/pubeurope.com\/@fi\/116774641783540378","error":""},"_links":{"self":[{"href":"https:\/\/www.europesays.com\/fi\/wp-json\/wp\/v2\/posts\/280748","targetHints":{"allow":["GET"]}}],"collection":[{"href":"https:\/\/www.europesays.com\/fi\/wp-json\/wp\/v2\/posts"}],"about":[{"href":"https:\/\/www.europesays.com\/fi\/wp-json\/wp\/v2\/types\/post"}],"author":[{"embeddable":true,"href":"https:\/\/www.europesays.com\/fi\/wp-json\/wp\/v2\/users\/2"}],"replies":[{"embeddable":true,"href":"https:\/\/www.europesays.com\/fi\/wp-json\/wp\/v2\/comments?post=280748"}],"version-history":[{"count":0,"href":"https:\/\/www.europesays.com\/fi\/wp-json\/wp\/v2\/posts\/280748\/revisions"}],"wp:featuredmedia":[{"embeddable":true,"href":"https:\/\/www.europesays.com\/fi\/wp-json\/wp\/v2\/media\/280749"}],"wp:attachment":[{"href":"https:\/\/www.europesays.com\/fi\/wp-json\/wp\/v2\/media?parent=280748"}],"wp:term":[{"taxonomy":"category","embeddable":true,"href":"https:\/\/www.europesays.com\/fi\/wp-json\/wp\/v2\/categories?post=280748"},{"taxonomy":"post_tag","embeddable":true,"href":"https:\/\/www.europesays.com\/fi\/wp-json\/wp\/v2\/tags?post=280748"}],"curies":[{"name":"wp","href":"https:\/\/api.w.org\/{rel}","templated":true}]}}