{"id":280756,"date":"2026-06-19T03:40:13","date_gmt":"2026-06-19T03:40:13","guid":{"rendered":"https:\/\/www.europesays.com\/fi\/280756\/"},"modified":"2026-06-19T03:40:13","modified_gmt":"2026-06-19T03:40:13","slug":"sara-siepin-pyry-puoliso-paljastuksia-vauva-arjesta","status":"publish","type":"post","link":"https:\/\/www.europesays.com\/fi\/280756\/","title":{"rendered":"Sara Siepin Pyry-puoliso: Paljastuksia vauva-arjesta"},"content":{"rendered":"<p>            TIMO KORHONEN\n        <\/p>\n<p class=\"subtitle \">Pyry n\u00e4ytt\u00e4\u00e4 el\u00e4v\u00e4n vauhdikasta tuoreen is\u00e4n arkea.<\/p>\n<p class=\"article-content article-content-width !bg-background\">Somevaikuttaja  puoliso j\u00e4i isyyslomalle, ja paljasti pieni\u00e4 paloja arjestaan viime ajoilta.<\/p>\n<p class=\"font-weight-bold m-font-weight-bold article-content article-content-width !bg-background\">Tsekkaa my\u00f6s! Sara Sieppi ja Pyry Soiri bongattiin yhdess\u00e4 vaunulenkill\u00e4:<\/p>\n<p class=\"article-content article-content-width !bg-background\">Sara sai perheenlis\u00e4yst\u00e4 puolisonsa jalkapalloilija  kanssa t\u00e4n\u00e4 kev\u00e4\u00e4n\u00e4, ja kaksikko n\u00e4ytt\u00e4\u00e4 ottaneen pienokaisen luontevasti osaksi el\u00e4m\u00e4\u00e4ns\u00e4.<\/p>\n<p class=\"article-content article-content-width !bg-background\">Vanhemmat ovat aktiivisesti p\u00e4ivitelleet ihania vauvakuplakuvia Instagram-tileilleen ja t\u00e4ll\u00e4 kertaa Pyry p\u00e4ivitti omalleen otoksia uudesta arjesta h\u00e4nen vinkkelist\u00e4\u00e4n.<\/p>\n<p>        <a itemprop=\"url\" href=\"https:\/\/www.seiska.fi\/kotimaa\/sara-sieppi-avoin-tunnustus\/1837664\" rel=\"nofollow noopener\" target=\"_blank\"><\/p>\n<p>\nSara Sieppi\n<\/p>\n<p class=\"section-date\">\n        <strong class=\"article-section\" data-section=\"kotimaa\"><br \/>\n            kotimaa<br \/>\n        <\/strong><br \/>\n        14.6.2025 14:30\n    <\/p>\n<p>Sara Sieppi: Avoin tunnustus!\n    <\/p>\n<p itemprop=\"description\" class=\"subtitle \">\n    Saran matka on l\u00e4hes yht\u00e4 nopea kuin James Huntilla aikanaan.\n<\/p>\n<p>        <\/a><\/p>\n<p class=\"article-content article-content-width !bg-background\">Postaukseen on merkattu sijainniksi The Old Marylebone Town Hall, joka on Lontoossa sijaitseva kaupungintalo.<\/p>\n<p class=\"article-content article-content-width !bg-background\">Kyseess\u00e4 on samainen paikka, jossa esimerkiksi megastara  ja h\u00e4nen miehens\u00e4 n\u00e4yttelij\u00e4  avioituivat aiemmin t\u00e4n\u00e4 kes\u00e4n\u00e4.<\/p>\n<p>Huvittelua ja sporttailua<\/p>\n<p class=\"article-content article-content-width !bg-background\">Pyryn julkaisema kuvakaruselli sis\u00e4lt\u00e4\u00e4 13 kuvaa ja yhden videon, joiden joukossa vilisee otoksia niin arjesta kuin juhlasta.<\/p>\n<p class=\"article-content article-content-width !bg-background\">Julkaisussa on muun muassa kuva perheen pojan risti\u00e4isist\u00e4, jotka j\u00e4rjestettiin muutama viikko sitten Mikael Agricolan kirkossa Helsingiss\u00e4.<\/p>\n<p class=\"article-content article-content-width !bg-background\">Tuolloin kaksikon silm\u00e4ter\u00e4 sai nimekseen H\u00e4nkin on esill\u00e4 yhdess\u00e4 postauksen kuvista, jossa h\u00e4n on p\u00e4\u00e4ssyt l\u00e4heisen syliin.<\/p>\n<p class=\"article-content article-content-width !bg-background\">Sporttisena ihmisen\u00e4 Pyry n\u00e4ytt\u00e4\u00e4 my\u00f6s ehtineen urheilla, ja kattaukseen onkin p\u00e4\u00e4tynyt yksi video t\u00e4m\u00e4n juoksutreenilt\u00e4 sek\u00e4 kuva jumppav\u00e4lineist\u00e4.<\/p>\n<p class=\"article-content article-content-width !bg-background\">Perhe on lis\u00e4ksi viihtynyt hotellissa Oulussa, jonka huoneen Pyry on ikuistanut kuvaan.<\/p>\n<p class=\"article-content article-content-width !bg-background\">Kuvassa n\u00e4kyy huoneen oleskelualue. Taustalla kurkkii televisio, jossa py\u00f6rii tottakai jalkapallo.<\/p>\n<p>        <a itemprop=\"url\" href=\"https:\/\/www.seiska.fi\/kotimaa\/sara-sieppi-okyilee-lapissa-matkaseura-paljastui\/2027897\" rel=\"nofollow noopener\" target=\"_blank\"><\/p>\n<p>\n\u00d6kyilee Lapissa!\n<\/p>\n<p class=\"section-date\">\n        <strong class=\"article-section\" data-section=\"kotimaa\"><br \/>\n            kotimaa<br \/>\n        <\/strong><br \/>\n        21.12.2025 12:30\n    <\/p>\n<p>Sara Sieppi \u00f6kyilee Lapissa \u2013 matkaseura paljastui\n    <\/p>\n<p itemprop=\"description\" class=\"subtitle \">\n    Saran reissu sis\u00e4lsi ylellist\u00e4 ruokaa ja upeita maisemia, mutta Pyry-kulta loistaa poissaolollaan.\n<\/p>\n<p>        <\/a><\/p>\n<p class=\"article-content article-content-width !bg-background\">Kuvan etualalla olevaa keitti\u00f6np\u00f6yt\u00e4\u00e4 taas koristaa \u00e4mp\u00e4ri, jossa on tervetuliaispullo kera kahden viinilasin.<\/p>\n<p class=\"article-content article-content-width !bg-background\">P\u00f6yd\u00e4ll\u00e4 on my\u00f6s Sisu-vauvalle tarkoitettu juoma tuttipullossa.<\/p>\n<p class=\"article-content article-content-width !bg-background\">\u2013 Y\u00f6sy\u00f6t\u00f6t eiv\u00e4t ole yht\u00e4\u00e4n p\u00f6ll\u00f6mpi\u00e4 MM-kisojen aikaan! tuumaa t\u00e4h\u00e4n joku kommenteissa.<\/p>\n","protected":false},"excerpt":{"rendered":"TIMO KORHONEN Pyry n\u00e4ytt\u00e4\u00e4 el\u00e4v\u00e4n vauhdikasta tuoreen is\u00e4n arkea. Somevaikuttaja puoliso j\u00e4i isyyslomalle, ja paljasti pieni\u00e4 paloja arjestaan&hellip;\n","protected":false},"author":2,"featured_media":280757,"comment_status":"","ping_status":"","sticky":false,"template":"","format":"standard","meta":{"footnotes":"","_share_on_mastodon":"0"},"categories":[136],"tags":[407,137,33,31,30,37770,408,98,3424,3423,2210,32,5003,109],"class_list":["post-280756","post","type-post","status-publish","format-standard","has-post-thumbnail","category-julkkikset","tag-celebrities","tag-entertainment","tag-fi","tag-finland","tag-finnish","tag-isyysloma","tag-julkkikset","tag-perhe","tag-pyry-soiri","tag-sara-sieppi","tag-somevaikuttaja","tag-suomi","tag-vauva-arki","tag-viihde"],"share_on_mastodon":{"url":"https:\/\/pubeurope.com\/@fi\/116774700709309229","error":""},"_links":{"self":[{"href":"https:\/\/www.europesays.com\/fi\/wp-json\/wp\/v2\/posts\/280756","targetHints":{"allow":["GET"]}}],"collection":[{"href":"https:\/\/www.europesays.com\/fi\/wp-json\/wp\/v2\/posts"}],"about":[{"href":"https:\/\/www.europesays.com\/fi\/wp-json\/wp\/v2\/types\/post"}],"author":[{"embeddable":true,"href":"https:\/\/www.europesays.com\/fi\/wp-json\/wp\/v2\/users\/2"}],"replies":[{"embeddable":true,"href":"https:\/\/www.europesays.com\/fi\/wp-json\/wp\/v2\/comments?post=280756"}],"version-history":[{"count":0,"href":"https:\/\/www.europesays.com\/fi\/wp-json\/wp\/v2\/posts\/280756\/revisions"}],"wp:featuredmedia":[{"embeddable":true,"href":"https:\/\/www.europesays.com\/fi\/wp-json\/wp\/v2\/media\/280757"}],"wp:attachment":[{"href":"https:\/\/www.europesays.com\/fi\/wp-json\/wp\/v2\/media?parent=280756"}],"wp:term":[{"taxonomy":"category","embeddable":true,"href":"https:\/\/www.europesays.com\/fi\/wp-json\/wp\/v2\/categories?post=280756"},{"taxonomy":"post_tag","embeddable":true,"href":"https:\/\/www.europesays.com\/fi\/wp-json\/wp\/v2\/tags?post=280756"}],"curies":[{"name":"wp","href":"https:\/\/api.w.org\/{rel}","templated":true}]}}