{"id":280949,"date":"2026-06-19T09:02:08","date_gmt":"2026-06-19T09:02:08","guid":{"rendered":"https:\/\/www.europesays.com\/fi\/280949\/"},"modified":"2026-06-19T09:02:08","modified_gmt":"2026-06-19T09:02:08","slug":"sofia-belorfin-ylelliset-synttarit-luksuslaukut-ja-yksityinen-juhla-louis-vuittonin-liikkeessa","status":"publish","type":"post","link":"https:\/\/www.europesays.com\/fi\/280949\/","title":{"rendered":"Sofia Bel\u00f3rfin ylelliset syntt\u00e4rit: Luksuslaukut ja yksityinen juhla Louis Vuittonin liikkeess\u00e4"},"content":{"rendered":"<p>            Joni Soila\/Sanoma\n        <\/p>\n<p class=\"subtitle \">Sofia Bel\u00f3rf on asettunut Marbellaan pois Dubain iskujen alta.<\/p>\n<p class=\"article-content article-content-width !bg-background\">Sofia Bling Bling Dubai -ohjelman kausi tuli p\u00e4\u00e4t\u00f6kseen torstaina 18.6. Viimeisess\u00e4 jaksossa sarjan t\u00e4hti  joutuu kaoottisen tilanteen keskelle, kun Dubaita aletaan yll\u00e4tt\u00e4en pommittamaan Iranin toimesta.<\/p>\n<p class=\"font-weight-bold m-font-weight-bold article-content article-content-width !bg-background\">Video: Sofia Bel\u00f3rf ei ole pessyt itse kolmeen vuoteen hiuksiaan.\u00a0<\/p>\n<p class=\"article-content article-content-width !bg-background\">Sofia l\u00f6yt\u00e4\u00e4 pakokeinon pois maasta lent\u00e4m\u00e4ll\u00e4 is\u00e4ns\u00e4 kotimaan Marokon evakuointilennolla. Marokon kautta Sofia lent\u00e4\u00e4 Espanjaan, tuttuun ja turvalliseen Marbellaan, jossa h\u00e4n on asunut paitsi nykyisen rakkaansa Jeffin kanssa my\u00f6s eks\u00e4ns\u00e4  kanssa.<\/p>\n<p class=\"article-content article-content-width !bg-background\">Sofia ja Jeff hankkivat Marbellasta hulppean kodin v\u00e4liaikaisesti. Asunnon vuokra on kuukaudelta huimat 26 000 euroa.<\/p>\n<p>        <a itemprop=\"url\" href=\"https:\/\/www.seiska.fi\/katso\/sofia-belorf-ohjusiskujen-keskella-dubaissa-huoli-herasi-merkkilaukuista\/2183723\" rel=\"nofollow noopener\" target=\"_blank\"><\/p>\n<p>\nDubain iskut:\n<\/p>\n<p class=\"section-date\">\n        <strong class=\"article-section\" data-section=\"katso\"><br \/>\n            katso<br \/>\n        <\/strong><br \/>\n        18.6. 05:15\n    <\/p>\n<p>Sofia Bel\u00f3rf ohjusiskujen keskell\u00e4 Dubaissa \u2013 huoli her\u00e4si merkkilaukuista\n    <\/p>\n<p itemprop=\"description\" class=\"subtitle \">\n    Kun Iran iski Dubaihin maaliskuussa nautiskeli suomalaiskaunotar Sofia Bel\u00f3rf samppanjaa.\n<\/p>\n<p>        <\/a><\/p>\n<p>Luksusbr\u00e4ndin syntt\u00e4rit<\/p>\n<p class=\"article-content article-content-width !bg-background\">El\u00e4m\u00e4 on palannut j\u00e4lleen uomilleen Dubain kaaoksen j\u00e4lkeen. Sofialla on syntym\u00e4p\u00e4iv\u00e4t ja h\u00e4n on saanut ennakkosyntt\u00e4rilahjan rakkaaltaan. Se on vuoden 2025 Birkin laukku. Hintaa laukulla on noin 16 000 euroa.<\/p>\n<p class=\"article-content article-content-width !bg-background\">Sofialla on veskalleen jo k\u00e4ytt\u00f6tarkoitus. H\u00e4n aikoo ottaa sen asusteeksi syntym\u00e4p\u00e4ivilleen. Niit\u00e4 vietet\u00e4\u00e4n Louis Vuittonin liikkeess\u00e4.<\/p>\n<p class=\"article-content article-content-width !bg-background\">Sofian mukaan Louis Vuitton -liike haluaa j\u00e4rjest\u00e4\u00e4 h\u00e4nelle syntt\u00e4rit.<\/p>\n<p class=\"article-content article-content-width !bg-background\"> \u2013 He haluavat j\u00e4rjest\u00e4\u00e4 minulle syntt\u00e4rit. Rakas mieheni on j\u00e4rjest\u00e4nyt t\u00e4m\u00e4n Vuittonin kanssa.<\/p>\n<p>                <img decoding=\"async\" src=\"https:\/\/www.europesays.com\/fi\/wp-content\/uploads\/2026\/06\/2177357.webp\" width=\"576\" height=\"600\" title=\"Sofia Bel\u00f3rf viett\u00e4\u00e4 syntym\u00e4p\u00e4ivi\u00e4\u00e4n luksuksen \u00e4\u00e4rell\u00e4.\" alt=\"Sofia Bling Bling Dubai\" loading=\"lazy\" \/>            <\/p>\n<p>\n            Sofia Bel\u00f3rf viett\u00e4\u00e4 syntym\u00e4p\u00e4ivi\u00e4\u00e4n luksuksen \u00e4\u00e4rell\u00e4.<br \/>\n            Ruutu\n        <\/p>\n<p class=\"article-content article-content-width !bg-background\">Sofia p\u00e4\u00e4see liikkeess\u00e4 yksityishuoneeseen tutkailemaan merkin harvinaisuuksia. Sofia saa kukkakimpun, kakkua ja samppanjaa.<\/p>\n<p class=\"article-content article-content-width !bg-background\">Sofialle syntym\u00e4p\u00e4iv\u00e4t ovat mieleiset, vaikka Jeff-kultaa tai muita l\u00e4heisi\u00e4 ei kesteill\u00e4 n\u00e4y.<\/p>\n<p class=\"article-content article-content-width !bg-background\"> \u2013 Ei minua kiinnosta mitk\u00e4\u00e4n hemmetin y\u00f6kerhot tuon taivaallista. N\u00e4m\u00e4 on mun syntt\u00e4rit, Sofia iloitsee.<\/p>\n<p>        <a itemprop=\"url\" href=\"https:\/\/www.seiska.fi\/katso\/minkkia-ja-pytonia-tallainen-on-sofia-belorfin-puolen-miljoonan-vaatekaappi\/2177332\" rel=\"nofollow noopener\" target=\"_blank\"><\/p>\n<p>\nSofia Bel\u00f3rfin puolen miljoonan vaatekaappi:\n<\/p>\n<p class=\"section-date\">\n        <strong class=\"article-section\" data-section=\"katso\"><br \/>\n            katso<br \/>\n        <\/strong><br \/>\n        11.6. 06:15\n    <\/p>\n<p>Minkki\u00e4 ja pytonia: T\u00e4llainen on Sofia Bel\u00f3rfin puolen miljoonan vaatekaappi\n    <\/p>\n<p itemprop=\"description\" class=\"subtitle \">\n    Sofia Bel\u00f3rf on vaihtanut laukut timantteihin.\n<\/p>\n<p>        <\/a><\/p>\n<p>Ansaittu<\/p>\n<p class=\"article-content article-content-width !bg-background\">Jaksossa Sofia t\u00e4ytt\u00e4\u00e4 36 vuotta. H\u00e4n toivoo itselt\u00e4\u00e4n kasvua.<\/p>\n<p class=\"article-content article-content-width !bg-background\"> \u2013 Totta kai se n\u00e4ytt\u00e4\u00e4 ulkoap\u00e4in, ett\u00e4 Sofia tykk\u00e4\u00e4 luksusel\u00e4m\u00e4st\u00e4. Olen k\u00e4ynyt sellaisen myllyn ja pr\u00e4ssin l\u00e4pi, ett\u00e4 kyll\u00e4 ansaitsen kivoja juttuja.<\/p>\n<p class=\"article-content article-content-width !bg-background\">Syntt\u00e4reill\u00e4\u00e4n Sofialla p\u00e4\u00e4see itku. Jeff on yll\u00e4tt\u00e4nyt h\u00e4net t\u00e4ysin olan takaa. Vip-huoneeseen on lenn\u00e4tetty suoraan Pariisista erikoislaukkuja, joista Sofia saa valita itselleen yhden. Hintaa laukulla on 20 000 euroa. Kyseiset laukut eiv\u00e4t kuulu Marbellan liikkeen valikoimaan.<\/p>\n<p class=\"article-content article-content-width !bg-background\"> \u2013 OMG. Olen aina halunnut t\u00e4m\u00e4n laukun, mutta en luullut saavani sit\u00e4 krokotiilinnahkaisena.<\/p>\n<p class=\"article-content article-content-width !bg-background\">Sofia on tyytyv\u00e4inen syntym\u00e4p\u00e4iv\u00e4\u00e4ns\u00e4. H\u00e4n k\u00e4velee onnellisena pois liikkeest\u00e4 kolmen Louis Vuittonin ostoskassin kanssa.<\/p>\n<p class=\"italic m-italic article-content article-content-width !bg-background\">Sofia Bling Bling Dubai katsottavissa Ruutu+-palvelussa.\u00a0<\/p>\n<p class=\"italic m-italic article-content article-content-width !bg-background\"> Katso ja sarjan tuottanut Aller Studios kuuluvat samaan Aller Media -konserniin. <\/p>\n<p>        <a itemprop=\"url\" href=\"https:\/\/www.seiska.fi\/katso\/sofia-belorf-veti-300-euroa-kurkusta-alas\/2177475\" rel=\"nofollow noopener\" target=\"_blank\"><\/p>\n<p>\nSofia Bel\u00f3rf\n<\/p>\n<p class=\"section-date\">\n        <strong class=\"article-section\" data-section=\"katso\"><br \/>\n            katso<br \/>\n        <\/strong><br \/>\n        12.6. 06:15\n    <\/p>\n<p>Sofia Bel\u00f3rf veti 300 euroa kurkusta alas\n    <\/p>\n<p itemprop=\"description\" class=\"subtitle \">\n    Sofian nautintotuotteetkaan eiv\u00e4t ole mit\u00e4\u00e4n perinteist\u00e4 v\u00e4kijuomaa.\n<\/p>\n<p>        <\/a><\/p>\n","protected":false},"excerpt":{"rendered":"Joni Soila\/Sanoma Sofia Bel\u00f3rf on asettunut Marbellaan pois Dubain iskujen alta. Sofia Bling Bling Dubai -ohjelman kausi tuli&hellip;\n","protected":false},"author":2,"featured_media":280950,"comment_status":"","ping_status":"","sticky":false,"template":"","format":"standard","meta":{"footnotes":"","_share_on_mastodon":"0"},"categories":[130],"tags":[6828,137,33,31,30,13829,15832,9398,2758,19257,32,109],"class_list":["post-280949","post","type-post","status-publish","format-standard","has-post-thumbnail","category-viihde","tag-dubai","tag-entertainment","tag-fi","tag-finland","tag-finnish","tag-louis-vuitton","tag-luksuselama","tag-marbella","tag-sofia-belorf","tag-sofia-bling-bling-dubai","tag-suomi","tag-viihde"],"share_on_mastodon":{"url":"https:\/\/pubeurope.com\/@fi\/116775966914712794","error":""},"_links":{"self":[{"href":"https:\/\/www.europesays.com\/fi\/wp-json\/wp\/v2\/posts\/280949","targetHints":{"allow":["GET"]}}],"collection":[{"href":"https:\/\/www.europesays.com\/fi\/wp-json\/wp\/v2\/posts"}],"about":[{"href":"https:\/\/www.europesays.com\/fi\/wp-json\/wp\/v2\/types\/post"}],"author":[{"embeddable":true,"href":"https:\/\/www.europesays.com\/fi\/wp-json\/wp\/v2\/users\/2"}],"replies":[{"embeddable":true,"href":"https:\/\/www.europesays.com\/fi\/wp-json\/wp\/v2\/comments?post=280949"}],"version-history":[{"count":0,"href":"https:\/\/www.europesays.com\/fi\/wp-json\/wp\/v2\/posts\/280949\/revisions"}],"wp:featuredmedia":[{"embeddable":true,"href":"https:\/\/www.europesays.com\/fi\/wp-json\/wp\/v2\/media\/280950"}],"wp:attachment":[{"href":"https:\/\/www.europesays.com\/fi\/wp-json\/wp\/v2\/media?parent=280949"}],"wp:term":[{"taxonomy":"category","embeddable":true,"href":"https:\/\/www.europesays.com\/fi\/wp-json\/wp\/v2\/categories?post=280949"},{"taxonomy":"post_tag","embeddable":true,"href":"https:\/\/www.europesays.com\/fi\/wp-json\/wp\/v2\/tags?post=280949"}],"curies":[{"name":"wp","href":"https:\/\/api.w.org\/{rel}","templated":true}]}}