{"id":281136,"date":"2026-06-19T14:21:16","date_gmt":"2026-06-19T14:21:16","guid":{"rendered":"https:\/\/www.europesays.com\/fi\/281136\/"},"modified":"2026-06-19T14:21:16","modified_gmt":"2026-06-19T14:21:16","slug":"trumpin-rauhansopimus-on-yha-vaarassa-levita-kasiin-israelin-taivuttaminen-rauhaan-voi-osoittautua-vaikeaksi-ulkomaat","status":"publish","type":"post","link":"https:\/\/www.europesays.com\/fi\/281136\/","title":{"rendered":"Trumpin rauhansopimus on yh\u00e4 vaarassa levit\u00e4 k\u00e4siin \u2013 Israelin taivuttaminen rauhaan voi osoittautua vaikeaksi | Ulkomaat"},"content":{"rendered":"<ul class=\"aw__sc-1yb43iq-0 gFXHv yle__article__list yle__article__list--ul\">\n<li class=\"aw__sc-1yb43iq-1 gVAzbt\">Iran ja Yhdysvallat peruivat perjantain neuvottelut, koska Israel jatkoi hy\u00f6kk\u00e4yksi\u00e4 Libanonissa.<\/li>\n<li class=\"aw__sc-1yb43iq-1 gVAzbt\">Yhdysvallat ja Iran solmivat keskiviikkona aiesopimuksen sodan lopettamisesta. Neuvotteluissa k\u00e4sitell\u00e4\u00e4n Iranin ydinohjelmaa ja maahan kohdistettujen pakotteiden purkua.<\/li>\n<li class=\"aw__sc-1yb43iq-1 gVAzbt\">Rauhan edist\u00e4miseksi Yhdysvaltojen on saatava Israel noudattamaan sopimusta. Israelin p\u00e4\u00e4ministeri Benjamin Netanjahu voi olla vaikea taivuttaa.<\/li>\n<\/ul>\n<p class=\"aw__sc-1qwuw0s-0 aw__sc-ngllmo-0 epAWpq fzYpjk yle__article__paragraph\">Iranin ja Yhdysvaltain jatkoneuvotteluiden oli m\u00e4\u00e4r\u00e4 alkaa t\u00e4n\u00e4\u00e4n perjantaina Sveitsiss\u00e4.<\/p>\n<p class=\"aw__sc-1qwuw0s-0 aw__sc-ngllmo-0 epAWpq fzYpjk yle__article__paragraph\">Neuvottelut p\u00e4\u00e4dyttiin ainakin t\u00e4m\u00e4n p\u00e4iv\u00e4n osalta perumaan. Medial\u00e4hteiden mukaan Iran viivytti delegaation l\u00e4hett\u00e4mist\u00e4 Sveitsiin, koska Israel jatkaa edelleen hy\u00f6kk\u00e4yst\u00e4 Etel\u00e4-Libanonissa.<\/p>\n<p class=\"aw__sc-1qwuw0s-0 aw__sc-ngllmo-0 epAWpq fzYpjk yle__article__paragraph\">Lauantaina iltap\u00e4iv\u00e4ll\u00e4 Israel kertoi sopineensa tulitauosta Libanonissa toimivan \u00e4\u00e4rij\u00e4rjest\u00f6 Hizbollahin kanssa.<\/p>\n<p class=\"aw__sc-1qwuw0s-0 aw__sc-ngllmo-0 epAWpq fzYpjk yle__article__paragraph\">Israelin armeijan tiedottaja kertoo, ett\u00e4 maan joukoilla on edelleen oikeus reagoida vihollisen uhkaan.<\/p>\n<p class=\"aw__sc-1qwuw0s-0 aw__sc-ngllmo-0 epAWpq fzYpjk yle__article__paragraph\">Neuvotteluja varsinaisesta sodan p\u00e4\u00e4tt\u00e4v\u00e4st\u00e4 sopimuksesta on tarkoitus k\u00e4yd\u00e4 seuraavan kahden kuukauden ajan.<\/p>\n<p class=\"aw__sc-1qwuw0s-0 aw__sc-ngllmo-0 epAWpq fzYpjk yle__article__paragraph\">Yhdysvallat ja Iran solmivat <a class=\"aw__sc-ngllmo-1 bTDnwX yle__article__link\" href=\"https:\/\/yle.fi\/a\/74-20232255\" role=\"link\" rel=\"nofollow noopener\" target=\"_blank\">keskiviikkona aiesopimuksen<\/a> Yhdysvaltain ja Israelin helmikuussa k\u00e4ynnist\u00e4m\u00e4n sodan lopettamisesta.<\/p>\n<p class=\"aw__sc-1qwuw0s-0 aw__sc-ngllmo-0 epAWpq fzYpjk yle__article__paragraph\">Yksi sopimuksen ehdoista on, ett\u00e4 my\u00f6s Yhdysvaltain ja Iranin liittolaiset sitoutuvat lopettamaan sotatoimet ja uhkaukset toisiaan vastaan.<\/p>\n<p class=\"aw__sc-1qwuw0s-0 aw__sc-ngllmo-0 epAWpq fzYpjk yle__article__paragraph\">Osapuolten odotetaan my\u00f6s kunnioittavan toistensa alueellista koskemattomuutta, eli k\u00e4yt\u00e4nn\u00f6ss\u00e4 Israelin odotetaan vet\u00e4ytyv\u00e4n miehitt\u00e4milt\u00e4\u00e4n alueilta Libanonin etel\u00e4osissa.<\/p>\n<p class=\"aw__sc-1qwuw0s-0 aw__sc-ngllmo-0 epAWpq fzYpjk yle__article__paragraph\">Israelin mukaan maan joukot j\u00e4\u00e4v\u00e4t muodostamalleen \u201dpuskurivy\u00f6hykkeelle\u201d niin pitk\u00e4ksi aikaa, kun Hizbollah uhkaa maan kansalaisten turvallisuutta.<\/p>\n<p>Toiveita ei viel\u00e4 syyt\u00e4 kuopata<\/p>\n<p class=\"aw__sc-1qwuw0s-0 aw__sc-ngllmo-0 epAWpq fzYpjk yle__article__paragraph\">Lopullisen sovun saavuttamista vaikeuttaa se, ett\u00e4 Israel, Libanon ja Libanonissa toimiva Iranin tukema \u00e4\u00e4rij\u00e4rjest\u00f6 Hizbollah on kytketty Yhdysvaltain ja Iranin sopimukseen.<\/p>\n<p class=\"aw__sc-1qwuw0s-0 aw__sc-ngllmo-0 epAWpq fzYpjk yle__article__paragraph\">Silti on viel\u00e4 ennenaikaista puhua rauhanneuvotteluiden l\u00e4ss\u00e4ht\u00e4misest\u00e4, Ulkopoliittisen instiuutin vieraileva johtava asiantuntija <strong class=\"aw__sc-ngllmo-2 gdRrun yle__article__strong\">Olli Ruohom\u00e4ki<\/strong> sanoo.<\/p>\n<p class=\"aw__sc-1qwuw0s-0 aw__sc-ngllmo-0 epAWpq fzYpjk yle__article__paragraph\">\u2013 N\u00e4in monimutkaiset neuvottelut edellytt\u00e4v\u00e4t valtavat tekniset valmistelut.<\/p>\n<p class=\"aw__sc-1qwuw0s-0 aw__sc-ngllmo-0 epAWpq fzYpjk yle__article__paragraph\">Neuvotteluja varten molemmat osapuolet joutuvat kokoamaan riitt\u00e4v\u00e4n osaamisen omaavista asiantuntijoista koostuvat tiimit.<\/p>\n<p><img decoding=\"async\" alt=\"Asiantuntija Olli Ruohom\u00e4ki.\" src=\"https:\/\/www.europesays.com\/fi\/wp-content\/uploads\/2026\/06\/1759427818.jpeg\" loading=\"lazy\" class=\"aw__sc-dklauk-0 LPzKX\"\/><\/p>\n<p>Avaa kuvien katselu<\/p>\n<p>Ulkopoliittisen instiuutin vierailevan johtava asiantuntija Olli Ruohom\u00e4ki kuvattuna vuonna 2025. Kuva: Jouni Immonen \/ Yle<\/p>\n<p class=\"aw__sc-1qwuw0s-0 aw__sc-ngllmo-0 epAWpq fzYpjk yle__article__paragraph\">Pelk\u00e4st\u00e4\u00e4n Iranin ydinohjelmaa koskeviin neuvotteluihin liittyy Ruohom\u00e4en mukaan valtavasti teknisi\u00e4 yksityiskohtia.<\/p>\n<p class=\"aw__sc-1qwuw0s-0 aw__sc-ngllmo-0 epAWpq fzYpjk yle__article__paragraph\">Moniulotteisissa neuvotteluissa k\u00e4sitell\u00e4\u00e4n lis\u00e4ksi Iranin pakotteiden purkamista ja 300 miljardin dollarin j\u00e4lleenrakennusrahaston muodostamista.<\/p>\n<p class=\"aw__sc-1qwuw0s-0 aw__sc-ngllmo-0 epAWpq fzYpjk yle__article__paragraph\">\u2013 Edess\u00e4 on viel\u00e4 monta valmisteluvaihetta, ennen kuin p\u00e4\u00e4st\u00e4\u00e4n kunnolla neuvottelemaan.<\/p>\n<p class=\"aw__sc-1qwuw0s-0 aw__sc-ngllmo-0 epAWpq fzYpjk yle__article__paragraph\">Ruohom\u00e4ki muistuttaa, ett\u00e4 presidentti <strong class=\"aw__sc-ngllmo-2 gdRrun yle__article__strong\">Barack Obaman<\/strong> aikanaan saavuttamasta ydinsopimuksesta neuvoteltiin l\u00e4hes kaksi vuotta.<\/p>\n<p class=\"aw__sc-1qwuw0s-0 aw__sc-ngllmo-0 epAWpq fzYpjk yle__article__paragraph\">\u2013 Se ei tietenk\u00e4\u00e4n auta, ett\u00e4 Israel jatkaa iskuja Libanoniin. Sen takia Trump poltti Israelin p\u00e4\u00e4ministeri <strong class=\"aw__sc-ngllmo-2 gdRrun yle__article__strong\">Benjamin Netanjahuun<\/strong> p\u00e4reens\u00e4 viime sunnuntaina.<\/p>\n<p class=\"aw__sc-1qwuw0s-0 aw__sc-ngllmo-0 epAWpq fzYpjk yle__article__paragraph\">Eilen Yhdysvaltain varapresidentti <strong class=\"aw__sc-ngllmo-2 gdRrun yle__article__strong\">J.D. Vance<\/strong> kehotti Israelia olemaan toimimatta vastoin ainoan liittolaisensa tahtoa.<\/p>\n<p>Israelin taivuttaminen voi olla vaikeaa<\/p>\n<p class=\"aw__sc-1qwuw0s-0 aw__sc-ngllmo-0 epAWpq fzYpjk yle__article__paragraph\">Ruohom\u00e4en mukaan on selv\u00e4\u00e4, ett\u00e4 Iran katsoo rauhansopimuksen olevan paketti, joka sis\u00e4lt\u00e4\u00e4 my\u00f6s Libanonin konfliktin.<\/p>\n<p class=\"aw__sc-1qwuw0s-0 aw__sc-ngllmo-0 epAWpq fzYpjk yle__article__paragraph\">Rauhanneuvottelujen etenemiseksi Yhdysvaltojen on saatava Israel ruotuun.<\/p>\n<p class=\"aw__sc-1qwuw0s-0 aw__sc-ngllmo-0 epAWpq fzYpjk yle__article__paragraph\">\u2013 Jos Trump ei saa Israelia kuriin, niin on kaikki ainekset siihen, ett\u00e4 homma levi\u00e4\u00e4 k\u00e4siin.<\/p>\n<p class=\"aw__sc-1qwuw0s-0 aw__sc-ngllmo-0 epAWpq fzYpjk yle__article__paragraph\">Israelin ja Hizbollahin lauantaina sopiman tulitauon pit\u00e4vyydest\u00e4 ei ole mit\u00e4\u00e4n takeita. Ruohom\u00e4ki ei osaa ennustaa, kuinka vaikea teht\u00e4v\u00e4 Israelin painostaminen pysyv\u00e4\u00e4n rauhaan tulee Trumpille olemaan.<\/p>\n<p><img decoding=\"async\" alt=\"Israelin p\u00e4\u00e4ministeri Benjamin Netanjahu Valkoisessa talossa presidentti Donald Trumpin kanssa syyskuussa 2025.\" src=\"https:\/\/www.europesays.com\/fi\/wp-content\/uploads\/2026\/06\/1780929095.jpeg\" loading=\"lazy\" class=\"aw__sc-dklauk-0 LPzKX\"\/><\/p>\n<p>Avaa kuvien katselu<\/p>\n<p> Israelin p\u00e4\u00e4ministeri Benjamin Netanjahu Valkoisessa talossa presidentti Donald Trumpin kanssa syyskuussa 2025. Kuva:  Daniel Torok \/ AOP<\/p>\n<p class=\"aw__sc-1qwuw0s-0 aw__sc-ngllmo-0 epAWpq fzYpjk yle__article__paragraph\">Israelissa on tulossa vaalit syksyll\u00e4 ja Netanjahu on rakentanut koko poliittisen uransa Iranin muodostaman uhkan varaan.<\/p>\n<p class=\"aw__sc-1qwuw0s-0 aw__sc-ngllmo-0 epAWpq fzYpjk yle__article__paragraph\">\u2013 Netanjahu ei anna helpolla periksi. H\u00e4n on taitava manipulaattori ja tekee varmasti kaikkensa, ett\u00e4 nyt ty\u00f6stetty rauhansopimus hajoaa palasiksi.<\/p>\n<p class=\"aw__sc-1qwuw0s-0 aw__sc-ngllmo-0 epAWpq fzYpjk yle__article__paragraph\">N\u00e4ht\u00e4v\u00e4ksi j\u00e4\u00e4, miten pitk\u00e4lle Yhdysvallat on valmis Israelin painostamisessa menem\u00e4\u00e4n.<\/p>\n<p class=\"aw__sc-1qwuw0s-0 aw__sc-ngllmo-0 epAWpq fzYpjk yle__article__paragraph\">Viimeisin\u00e4 vipuvarsina on olemassa sotilaallisen, taloudellisen ja poliittisen tuen katkaiseminen tai yksipuolinen vet\u00e4ytyminen konfliktista.<\/p>\n<p class=\"aw__sc-1qwuw0s-0 aw__sc-ngllmo-0 epAWpq fzYpjk yle__article__paragraph\">\u2013 T\u00e4ytyy muistaa, ett\u00e4 Trump on is\u00e4nt\u00e4 ja Netanjahu renki. T\u00e4ss\u00e4 vaan ei n\u00e4yt\u00e4 renki tai koira ymm\u00e4rt\u00e4v\u00e4n, ett\u00e4 is\u00e4nn\u00e4n k\u00e4tt\u00e4 ei kannata purra.<\/p>\n<p class=\"aw__sc-1qwuw0s-0 aw__sc-ngllmo-0 epAWpq fzYpjk yle__article__paragraph\">Ruohom\u00e4ki toivoo, ett\u00e4 Yhdysvalloilla olisi tilanteessa k\u00e4rsiv\u00e4llisyytt\u00e4 ja ymm\u00e4rryst\u00e4.<\/p>\n<p class=\"aw__sc-1qwuw0s-0 aw__sc-ngllmo-0 epAWpq fzYpjk yle__article__paragraph\">\u2013 N\u00e4m\u00e4 ovat pitki\u00e4 prosesseja, mutta silti diplomatian ty\u00f6kaluja t\u00e4ytyy jaksaa k\u00e4rsiv\u00e4llisesti k\u00e4ytt\u00e4\u00e4.<\/p>\n<p>Iran on taitava neuvottelija<\/p>\n<p class=\"aw__sc-1qwuw0s-0 aw__sc-ngllmo-0 epAWpq fzYpjk yle__article__paragraph\">Ruohom\u00e4en mukaan iranilaiset ovat tunnetusti taitavia neuvottelijoita.<\/p>\n<p class=\"aw__sc-1qwuw0s-0 aw__sc-ngllmo-0 epAWpq fzYpjk yle__article__paragraph\">My\u00f6s t\u00e4ll\u00e4 kertaa Iran onnistui neuvottelemaan itselleen edullisen sopimuksen.<\/p>\n<p class=\"aw__sc-1qwuw0s-0 aw__sc-ngllmo-0 epAWpq fzYpjk yle__article__paragraph\">Siin\u00e4 Israelille t\u00e4rke\u00e4t kysymykset, kuten Iranin ohjustuotannon rajoittaminen ja Iranin aseistamien militanttiryhmien muodostaman uhan torjuminen, on sivuutettu t\u00e4ysin.<\/p>\n<p><img decoding=\"async\" alt=\"Mies k\u00e4velee Ajatolla Mojtaba Khameneita esitt\u00e4v\u00e4n julisteen ohi Teheranissa 18. kes\u00e4kuuta 2026.\" src=\"https:\/\/www.europesays.com\/fi\/wp-content\/uploads\/2026\/06\/1781873486.jpeg\" loading=\"lazy\" class=\"aw__sc-dklauk-0 LPzKX\"\/><\/p>\n<p>Avaa kuvien katselu<\/p>\n<p>Mies k\u00e4velee Iranin ylint\u00e4 johtajaa Ajatolla Mojtaba Khameneita esitt\u00e4v\u00e4n julisteen ohi Teheranissa 18. kes\u00e4kuuta 2026. Kuva: Abedin Taherkenareh \/ EPA<\/p>\n<p class=\"aw__sc-1qwuw0s-0 aw__sc-ngllmo-0 epAWpq fzYpjk yle__article__paragraph\">Kaiken lis\u00e4ksi Yhdysvallat painostaa nyt Iranin puolesta Israelia p\u00e4\u00e4tt\u00e4m\u00e4\u00e4n sotansa Hizbollahia vastaan ja vet\u00e4ytym\u00e4\u00e4n Libanonista.<\/p>\n<p class=\"aw__sc-1qwuw0s-0 aw__sc-ngllmo-0 epAWpq fzYpjk yle__article__paragraph\">\u2013 Iran kyll\u00e4 osaa t\u00e4m\u00e4n pelin. Maa on itse asiassa sodan aikana koventanut omia vaatimuksiaan.<\/p>\n<p class=\"aw__sc-1qwuw0s-0 aw__sc-ngllmo-0 epAWpq fzYpjk yle__article__paragraph\">Hormuzinsalmen sulkeminen on ollut toimiva kiristyskeino. Ruohom\u00e4ki uskoo Iranin ymm\u00e4rt\u00e4neen, ett\u00e4 Trump haluaa l\u00e4hes ep\u00e4toivoisesti irtautua aiheuttamastaan sotkusta.<\/p>\n<p class=\"aw__sc-1qwuw0s-0 aw__sc-ngllmo-0 epAWpq fzYpjk yle__article__paragraph\">\u2013 Totta kai he [iranilaiset] k\u00e4ytt\u00e4v\u00e4t tilannetta hyv\u00e4kseen. Eiv\u00e4t he typeri\u00e4 ole.<\/p>\n","protected":false},"excerpt":{"rendered":"Iran ja Yhdysvallat peruivat perjantain neuvottelut, koska Israel jatkoi hy\u00f6kk\u00e4yksi\u00e4 Libanonissa. Yhdysvallat ja Iran solmivat keskiviikkona aiesopimuksen sodan&hellip;\n","protected":false},"author":2,"featured_media":281137,"comment_status":"","ping_status":"","sticky":false,"template":"","format":"standard","meta":{"footnotes":"","_share_on_mastodon":"0"},"categories":[14],"tags":[3068,22,23,585,26,27,33,31,30,17,3574,3648,993,4258,992,24,25,3572,28,29,15,18,21,32,19,20,56,16,59,60,61,619,29113],"class_list":["post-281136","post","type-post","status-publish","format-standard","has-post-thumbnail","category-ulkomaat","tag-benjamin-netanjahu","tag-breaking-news","tag-breakingnews","tag-donald-trump","tag-featured-news","tag-featurednews","tag-fi","tag-finland","tag-finnish","tag-headlines","tag-hizbollah","tag-iran","tag-israel","tag-konfliktit","tag-lahi-ita","tag-latest-news","tag-latestnews","tag-libanon","tag-main-news","tag-mainnews","tag-news","tag-otsikot","tag-paauutiset","tag-suomi","tag-top-stories","tag-topstories","tag-ulkomaat","tag-uutiset","tag-world","tag-world-news","tag-worldnews","tag-yhdysvallat","tag-yhdysvaltojen-ja-israelin-ilmaiskut-iraniin-2026"],"share_on_mastodon":{"url":"","error":"Validation failed: Text character limit of 500 exceeded"},"_links":{"self":[{"href":"https:\/\/www.europesays.com\/fi\/wp-json\/wp\/v2\/posts\/281136","targetHints":{"allow":["GET"]}}],"collection":[{"href":"https:\/\/www.europesays.com\/fi\/wp-json\/wp\/v2\/posts"}],"about":[{"href":"https:\/\/www.europesays.com\/fi\/wp-json\/wp\/v2\/types\/post"}],"author":[{"embeddable":true,"href":"https:\/\/www.europesays.com\/fi\/wp-json\/wp\/v2\/users\/2"}],"replies":[{"embeddable":true,"href":"https:\/\/www.europesays.com\/fi\/wp-json\/wp\/v2\/comments?post=281136"}],"version-history":[{"count":0,"href":"https:\/\/www.europesays.com\/fi\/wp-json\/wp\/v2\/posts\/281136\/revisions"}],"wp:featuredmedia":[{"embeddable":true,"href":"https:\/\/www.europesays.com\/fi\/wp-json\/wp\/v2\/media\/281137"}],"wp:attachment":[{"href":"https:\/\/www.europesays.com\/fi\/wp-json\/wp\/v2\/media?parent=281136"}],"wp:term":[{"taxonomy":"category","embeddable":true,"href":"https:\/\/www.europesays.com\/fi\/wp-json\/wp\/v2\/categories?post=281136"},{"taxonomy":"post_tag","embeddable":true,"href":"https:\/\/www.europesays.com\/fi\/wp-json\/wp\/v2\/tags?post=281136"}],"curies":[{"name":"wp","href":"https:\/\/api.w.org\/{rel}","templated":true}]}}