{"id":281170,"date":"2026-06-19T15:09:12","date_gmt":"2026-06-19T15:09:12","guid":{"rendered":"https:\/\/www.europesays.com\/fi\/281170\/"},"modified":"2026-06-19T15:09:12","modified_gmt":"2026-06-19T15:09:12","slug":"wilma-schlizewski-30-vuotta-nuoremmasta-aviomiehestaan-arskalle-tulee-varmaan-uusi-perhe","status":"publish","type":"post","link":"https:\/\/www.europesays.com\/fi\/281170\/","title":{"rendered":"Wilma Schlizewski 30 vuotta nuoremmasta aviomiehest\u00e4\u00e4n: \u201dArskalle tulee varmaan uusi perhe\u201d"},"content":{"rendered":"<p>            Atte Kajova, Miikka Kaskinen\n        <\/p>\n<p class=\"subtitle \">\u2013 Miehilleh\u00e4n se on mahdollista vaikka satavuotiaana, Wilma Schlizewski toteaa lasten saamisesta.<\/p>\n<p class=\"article-content article-content-width !bg-background\"> ja  eli ihan vaan &#8221;Arska&#8221; tapasivat Intian Goalla noin kymmenen vuotta sitten.<\/p>\n<p class=\"font-weight-bold m-font-weight-bold article-content article-content-width !bg-background\">Video: Wilma jakaa vinkkej\u00e4\u00e4n el\u00e4m\u00e4\u00e4n:<\/p>\n<p class=\"article-content article-content-width !bg-background\">Ik\u00e4eroa parilla on noin 30 vuotta, mutta suhde on kest\u00e4nyt jo yli seitsem\u00e4n vuotta.<\/p>\n<p class=\"article-content article-content-width !bg-background\">68-vuotiaalla Wilmalla on jo lapsenlapsia, mutta Arskalla ei ole omia lapsia.<\/p>\n<p>        <a itemprop=\"url\" href=\"https:\/\/www.seiska.fi\/kotimaa\/wilma-schlizewski-paljastus-dannysta\/2180335\" rel=\"nofollow noopener\" target=\"_blank\"><\/p>\n<p>\nWilma Schlizewski\n<\/p>\n<p class=\"section-date\">\n        <strong class=\"article-section\" data-section=\"kotimaa\"><br \/>\n            kotimaa<br \/>\n        <\/strong><br \/>\n        16.6. 07:00\n    <\/p>\n<p>Wilma Schlizewski: Paljastus Dannysta!\n    <\/p>\n<p itemprop=\"description\" class=\"subtitle \">\n    Wilma Schlizewski kertoi Seiskalle ensirakkaudestaan.\n<\/p>\n<p>        <\/a><\/p>\n<p class=\"article-content article-content-width !bg-background\">\u2013 Sanotaan n\u00e4in, ett\u00e4 miehilleh\u00e4n se on mahdollista vaikka satavuotiaana, Wilma ruotii kotopuolessaan Tallinnassa.<\/p>\n<p class=\"article-content article-content-width !bg-background\"> Arska ei haastattelua teht\u00e4ess\u00e4 ole paikalla, vaan k\u00e4ym\u00e4ss\u00e4 Suomessa. <\/p>\n<p>                <img decoding=\"async\" src=\"https:\/\/www.europesays.com\/fi\/wp-content\/uploads\/2026\/06\/2182408.webp\" width=\"576\" height=\"720\" alt=\"Arkistokuva. Wilma Schlizewski ja Aryan Mishra ovat rock-uskottava aviopari.\" loading=\"lazy\" \/>            <\/p>\n<p>\n            Arkistokuva. Wilma Schlizewski ja Aryan Mishra ovat rock-uskottava aviopari.<br \/>\n            Atte Kajova\n        <\/p>\n<p>&#8221;Kun heit\u00e4n lusikan nurkkaan&#8221;<\/p>\n<p class=\"article-content article-content-width !bg-background\">Seiskalle\u00a0Wilma my\u00f6s pohtii tulevaisuutta realistisesti.<\/p>\n<p class=\"article-content article-content-width !bg-background\">\u2013 Sitten kun heit\u00e4n lusikan nurkkaan, Arskalle tulee varmaan uusi perhe.<\/p>\n<p class=\"article-content article-content-width !bg-background\">Pariskunta viihtyy Tallinnassa hyvin, vaikka el\u00e4m\u00e4 on v\u00e4lill\u00e4 liiankin rauhallista.<\/p>\n<p>        <a itemprop=\"url\" href=\"https:\/\/www.seiska.fi\/kotimaa\/wilma-schlizewski-julkaisi-kuvan-antti-reini-rajahti\/2024269\" rel=\"nofollow noopener\" target=\"_blank\"><\/p>\n<p>\nWilma Schlizewski julkaisi kuvan\n<\/p>\n<p class=\"section-date\">\n        <strong class=\"article-section\" data-section=\"kotimaa\"><br \/>\n            kotimaa<br \/>\n        <\/strong><br \/>\n        17.12.2025 07:22\n    <\/p>\n<p>Wilma Schlizewski julkaisi kuvan \u2013 Antti Reini r\u00e4j\u00e4hti!\n    <\/p>\n<p itemprop=\"description\" class=\"subtitle \">\n    Antti Reini ei purematta niele ik\u00e4v\u00e4\u00e4 palautetta.\n<\/p>\n<p>        <\/a><\/p>\n<p class=\"article-content article-content-width !bg-background\">\u2013 Suomalaiset tulevat paljon t\u00e4nne k\u00e4ym\u00e4\u00e4n ja viett\u00e4m\u00e4\u00e4n aikaa, juomaan oluen sek\u00e4 istumaan.<\/p>\n<p class=\"article-content article-content-width !bg-background\">Wilma kertoo saavansa samalla kuulla runsaasti juoruja asiakkaidensa istuessa h\u00e4nen kauppansa laiskanlinnan virkaa toimittavaan py\u00f6r\u00e4tuoliin.<\/p>\n<p class=\"article-content article-content-width !bg-background\">\u2013 Pysyn hyvin perill\u00e4 juoruista.<\/p>\n<p>                <img decoding=\"async\" src=\"https:\/\/www.europesays.com\/fi\/wp-content\/uploads\/2026\/06\/2183598.webp\" width=\"576\" height=\"360\" alt=\"Entinen tv-kasvo ei kaunistele v\u00e4\u00e4j\u00e4\u00e4m\u00e4t\u00f6nt\u00e4, sill\u00e4 Wilmalla ja Arskalla on 30 vuoden ik\u00e4ero.\" loading=\"lazy\" \/>            <\/p>\n<p>\n            Entinen tv-kasvo ei kaunistele v\u00e4\u00e4j\u00e4\u00e4m\u00e4t\u00f6nt\u00e4, sill\u00e4 Wilmalla ja Arskalla on 30 vuoden ik\u00e4ero.<br \/>\n            Miikka Kaskinen\n        <\/p>\n<p>Paluu Suomeen?<\/p>\n<p class=\"article-content article-content-width !bg-background\">Enemm\u00e4n kuin bisnes, Wilman ja Arskan kauppa onkin h\u00e4nen puheissaan el\u00e4m\u00e4ntyyli.<\/p>\n<p class=\"article-content article-content-width !bg-background\">\u2013 Suomalaiset tulevat paljon t\u00e4nne k\u00e4ym\u00e4\u00e4n ja viett\u00e4m\u00e4\u00e4n aikaa, juomaan oluen sek\u00e4 istumaan.<\/p>\n<p>        <a itemprop=\"url\" href=\"https:\/\/www.seiska.fi\/kotimaa\/wilma-schlizewski-kauppaa-omituista-otusta-kuva-kummajaisesta\/1699046\" rel=\"nofollow noopener\" target=\"_blank\"><\/p>\n<p>\nKuva!\n<\/p>\n<p class=\"section-date\">\n        <strong class=\"article-section\" data-section=\"kotimaa\"><br \/>\n            kotimaa<br \/>\n        <\/strong><br \/>\n        16.5.2025 10:59\n    <\/p>\n<p>Wilma Schlizewski kauppaa omituista otusta \u2013 kuva kummajaisesta\n    <\/p>\n<p itemprop=\"description\" class=\"subtitle \">\n    Virossa yritt\u00e4j\u00e4n\u00e4 toimiva Wilma myy jotakin kerrassaan erikoista.\n<\/p>\n<p>        <\/a><\/p>\n<p class=\"article-content article-content-width !bg-background\">\u2013 Ulkomaalaiset taas tulevat ostamaan tai ottamaan tatuointeja \u2013 minulla on t\u00e4\u00e4ll\u00e4 hyv\u00e4 maine.<\/p>\n<p class=\"article-content article-content-width !bg-background\">Wilma kertookin mystisesti, ett\u00e4 edess\u00e4 voi olla paluu l\u00e4hitulevaisuudessa takaisin Suomeen.<\/p>\n","protected":false},"excerpt":{"rendered":"Atte Kajova, Miikka Kaskinen \u2013 Miehilleh\u00e4n se on mahdollista vaikka satavuotiaana, Wilma Schlizewski toteaa lasten saamisesta. ja eli&hellip;\n","protected":false},"author":2,"featured_media":281171,"comment_status":"","ping_status":"","sticky":false,"template":"","format":"standard","meta":{"footnotes":"","_share_on_mastodon":"0"},"categories":[130],"tags":[37811,137,33,31,30,2167,212,1417,32,3129,109,21480],"class_list":["post-281170","post","type-post","status-publish","format-standard","has-post-thumbnail","category-viihde","tag-aryan-mishra","tag-entertainment","tag-fi","tag-finland","tag-finnish","tag-intia","tag-lifestyle","tag-suhde","tag-suomi","tag-tallinna","tag-viihde","tag-wilma-schlizewski"],"share_on_mastodon":{"url":"https:\/\/pubeurope.com\/@fi\/116777410510816713","error":""},"_links":{"self":[{"href":"https:\/\/www.europesays.com\/fi\/wp-json\/wp\/v2\/posts\/281170","targetHints":{"allow":["GET"]}}],"collection":[{"href":"https:\/\/www.europesays.com\/fi\/wp-json\/wp\/v2\/posts"}],"about":[{"href":"https:\/\/www.europesays.com\/fi\/wp-json\/wp\/v2\/types\/post"}],"author":[{"embeddable":true,"href":"https:\/\/www.europesays.com\/fi\/wp-json\/wp\/v2\/users\/2"}],"replies":[{"embeddable":true,"href":"https:\/\/www.europesays.com\/fi\/wp-json\/wp\/v2\/comments?post=281170"}],"version-history":[{"count":0,"href":"https:\/\/www.europesays.com\/fi\/wp-json\/wp\/v2\/posts\/281170\/revisions"}],"wp:featuredmedia":[{"embeddable":true,"href":"https:\/\/www.europesays.com\/fi\/wp-json\/wp\/v2\/media\/281171"}],"wp:attachment":[{"href":"https:\/\/www.europesays.com\/fi\/wp-json\/wp\/v2\/media?parent=281170"}],"wp:term":[{"taxonomy":"category","embeddable":true,"href":"https:\/\/www.europesays.com\/fi\/wp-json\/wp\/v2\/categories?post=281170"},{"taxonomy":"post_tag","embeddable":true,"href":"https:\/\/www.europesays.com\/fi\/wp-json\/wp\/v2\/tags?post=281170"}],"curies":[{"name":"wp","href":"https:\/\/api.w.org\/{rel}","templated":true}]}}