{"id":281326,"date":"2026-06-19T19:36:11","date_gmt":"2026-06-19T19:36:11","guid":{"rendered":"https:\/\/www.europesays.com\/fi\/281326\/"},"modified":"2026-06-19T19:36:11","modified_gmt":"2026-06-19T19:36:11","slug":"zelenskyilta-viikon-aikaraja-lukashenkalle-me-teemme-sen-uutissuomalainen-2","status":"publish","type":"post","link":"https:\/\/www.europesays.com\/fi\/281326\/","title":{"rendered":"Zelenskyilt\u00e4 viikon aikaraja Lukashenkalle \u2013 &#8221;Me teemme sen&#8221; | Uutissuomalainen"},"content":{"rendered":"<p>Ukrainan presidentti <strong>Volodymyr Zelenskyi<\/strong> vihjasi perjantaina mahdollisista sotilaallisista toimista Valko-Ven\u00e4j\u00e4\u00e4 vastaan, <a href=\"https:\/\/interfax.com.ua\/news\/general\/1178041.html\" rel=\"nofollow noopener\" target=\"_blank\">Ukrainan Interfax<\/a> kertoo.<\/p>\n<p>Zelenskyi puhui asiasta Hondurasin presidentin <strong>Nasry Asfuran<\/strong> kanssa lehdist\u00f6tilaisuudessa Kiovassa.<\/p>\n<p>Zelenskyi sanoi suhtautuvansa ep\u00e4illen Valko-Ven\u00e4j\u00e4n presidentti <strong>Aljaksandr Lukashenkan<\/strong> puheisiin, joiden mukaan h\u00e4n ei halua vet\u00e4\u00e4 Valko-Ven\u00e4j\u00e4\u00e4 mukaan Ukrainan sotaan.<\/p>\n<p>Zelenskyi muistutti Valko-Ven\u00e4j\u00e4n sallineen Ven\u00e4j\u00e4n k\u00e4ytt\u00e4\u00e4 alueitaan hy\u00f6kk\u00e4yksiin Ukrainaa vastaan.<\/p>\n<p>\u2013 He ovat tappaneet lapsia ja aikuisia sodan ensimm\u00e4isist\u00e4 p\u00e4ivist\u00e4 l\u00e4htien. Ohjuksia lensi Valko-Ven\u00e4j\u00e4lt\u00e4, h\u00e4nen maastaan. Sitten h\u00e4n soitti, pahoitteli ja sanoi, ett\u00e4 h\u00e4n ei voinut hallita sit\u00e4, Ven\u00e4j\u00e4 toimi h\u00e4nen omalla maallaan, Zelenskyi sanoi.<\/p>\n<p>Zelenskyin mukaan Ven\u00e4j\u00e4 jatkaa Lukashenkan vet\u00e4mist\u00e4 mukaan sotaan, mihin h\u00e4n tiet\u00e4\u00e4 Ukrainan my\u00f6s vastaavan.<\/p>\n<p>Zelenskyi mainitsi Valko-Ven\u00e4j\u00e4ll\u00e4 olevan laitteistoa, jonka avulla Ven\u00e4j\u00e4 ohjaa tultaan Ukrainaa kohti. Zelenskyi puhui toistimista eli laitteista, joiden avulla voidaan muun muassa operoida drooneja.<\/p>\n<p>\u2013 H\u00e4nen alueellaan, kahdella Ukrainan rajalla olevalla alueella, on laitteita, jotka kohdistavat tulta erityisesti Ukrainan v\u00e4est\u00f6\u00f6n. Meill\u00e4 ei ole nyt kovin vahvaa rintamaa siell\u00e4, miss\u00e4 Ukraina ja Valko-Ven\u00e4j\u00e4 ovat. He tappavat sielt\u00e4 k\u00e4sin siviilej\u00e4. Siell\u00e4 k\u00e4ytett\u00e4viss\u00e4 torneissa on toistimia. Voiko h\u00e4n (Lukashenka) purkaa ne? Miksi sanoa, ettei h\u00e4n halua olla sodassa? Zelenskyi kuvailee.<\/p>\n<p>Zelenskyi sanoi olevansa vakuuttunut siit\u00e4, ett\u00e4 Lukashenkalla &#8221;on tarpeeksi aikaa&#8221; purkaa Ven\u00e4j\u00e4n hy\u00f6dynt\u00e4m\u00e4t laitteet maansa alueelta.<\/p>\n<p>\u2013 Luulen, ett\u00e4 viikko riitt\u00e4\u00e4 h\u00e4nelle t\u00e4h\u00e4n. Miksi viikko? Koska nyt joka p\u00e4iv\u00e4 siviilej\u00e4mme kuolee t\u00e4m\u00e4n takia, lapsemme loukkaantuvat. Jos h\u00e4n ei tee sit\u00e4, me teemme sen, Zelenskyi toteaa Interfaxin mukaan.<\/p>\n<p>Zelenskyin mukaan Valko-Ven\u00e4j\u00e4ll\u00e4 ei ole halua liitty\u00e4 sotaan, koska se on sotilaallisesti eritt\u00e4in haavoittuvainen.<\/p>\n<p>\u2013 Jos Ukraina alkaa iske\u00e4 Valko-Ven\u00e4j\u00e4\u00e4 vastaan samalla tavalla kuin se iskee Ven\u00e4j\u00e4\u00e4 vastaan, Valko-Ven\u00e4j\u00e4 on alttiina Ukrainan armeijalle kuin avoin k\u00e4mmen, Zelenskyi sanoo.<\/p>\n","protected":false},"excerpt":{"rendered":"Ukrainan presidentti Volodymyr Zelenskyi vihjasi perjantaina mahdollisista sotilaallisista toimista Valko-Ven\u00e4j\u00e4\u00e4 vastaan, Ukrainan Interfax kertoo. Zelenskyi puhui asiasta Hondurasin&hellip;\n","protected":false},"author":2,"featured_media":281327,"comment_status":"","ping_status":"","sticky":false,"template":"","format":"standard","meta":{"footnotes":"","_share_on_mastodon":"0"},"categories":[14],"tags":[22,23,26,27,33,31,30,17,19588,3488,24,25,803,28,29,15,18,21,142,637,144,32,19,20,21377,56,16,59,60,61],"class_list":["post-281326","post","type-post","status-publish","format-standard","has-post-thumbnail","category-ulkomaat","tag-breaking-news","tag-breakingnews","tag-featured-news","tag-featurednews","tag-fi","tag-finland","tag-finnish","tag-headlines","tag-honduras","tag-kiova","tag-latest-news","tag-latestnews","tag-levottomuudet-ja-sodat","tag-main-news","tag-mainnews","tag-news","tag-otsikot","tag-paauutiset","tag-poliitikot","tag-politiikka","tag-presidentti","tag-suomi","tag-top-stories","tag-topstories","tag-ukrainan-kriisi","tag-ulkomaat","tag-uutiset","tag-world","tag-world-news","tag-worldnews"],"share_on_mastodon":{"url":"https:\/\/pubeurope.com\/@fi\/116778459847531757","error":""},"_links":{"self":[{"href":"https:\/\/www.europesays.com\/fi\/wp-json\/wp\/v2\/posts\/281326","targetHints":{"allow":["GET"]}}],"collection":[{"href":"https:\/\/www.europesays.com\/fi\/wp-json\/wp\/v2\/posts"}],"about":[{"href":"https:\/\/www.europesays.com\/fi\/wp-json\/wp\/v2\/types\/post"}],"author":[{"embeddable":true,"href":"https:\/\/www.europesays.com\/fi\/wp-json\/wp\/v2\/users\/2"}],"replies":[{"embeddable":true,"href":"https:\/\/www.europesays.com\/fi\/wp-json\/wp\/v2\/comments?post=281326"}],"version-history":[{"count":0,"href":"https:\/\/www.europesays.com\/fi\/wp-json\/wp\/v2\/posts\/281326\/revisions"}],"wp:featuredmedia":[{"embeddable":true,"href":"https:\/\/www.europesays.com\/fi\/wp-json\/wp\/v2\/media\/281327"}],"wp:attachment":[{"href":"https:\/\/www.europesays.com\/fi\/wp-json\/wp\/v2\/media?parent=281326"}],"wp:term":[{"taxonomy":"category","embeddable":true,"href":"https:\/\/www.europesays.com\/fi\/wp-json\/wp\/v2\/categories?post=281326"},{"taxonomy":"post_tag","embeddable":true,"href":"https:\/\/www.europesays.com\/fi\/wp-json\/wp\/v2\/tags?post=281326"}],"curies":[{"name":"wp","href":"https:\/\/api.w.org\/{rel}","templated":true}]}}