{"id":281481,"date":"2026-06-20T00:00:13","date_gmt":"2026-06-20T00:00:13","guid":{"rendered":"https:\/\/www.europesays.com\/fi\/281481\/"},"modified":"2026-06-20T00:00:13","modified_gmt":"2026-06-20T00:00:13","slug":"karu-arvio-putinin-pimennys-kavi-kalliiksi","status":"publish","type":"post","link":"https:\/\/www.europesays.com\/fi\/281481\/","title":{"rendered":"Karu arvio: Putinin pimennys k\u00e4vi kalliiksi"},"content":{"rendered":"<p>Ven\u00e4j\u00e4n ja Iranin sensuuri tulee kalliiksi \u2013 heille itselleen, v\u00e4itt\u00e4\u00e4 Telegramin perustaja.<\/p>\n<p><img decoding=\"async\" class=\"image image-show image-preview\" src=\"https:\/\/www.europesays.com\/fi\/wp-content\/uploads\/2026\/06\/be8af002b7334054cc76ad0add27a59edfa53f9147d13c286645def79683f510.jpg\" alt=\"\"\/><img decoding=\"async\" class=\"image image-show\" src=\"https:\/\/www.europesays.com\/fi\/wp-content\/uploads\/2026\/06\/1781913613_738_be8af002b7334054cc76ad0add27a59edfa53f9147d13c286645def79683f510.jpg\" alt=\"\"\/><\/p>\n<p>Pavel Durov antaa Ven\u00e4j\u00e4lle ja Iranille runtua. AOP<\/p>\n<p class=\"paragraph\">Ven\u00e4j\u00e4n ja Iranin yritys est\u00e4\u00e4 VPN-yhteyksien k\u00e4ytt\u00e4minen on ep\u00e4onnistunut, v\u00e4itt\u00e4\u00e4 viestipalvelu Telegramin perustaja <a href=\"https:\/\/www.iltalehti.fi\/henkilot\/Pavel Durov\" class=\"article-link-person-page\" rel=\"nofollow noopener\" target=\"_blank\">Pavel Durov<\/a>.<\/p>\n<p class=\"paragraph\">\u2013 VPN:it\u00e4 on mahdotonta kielt\u00e4\u00e4 pysyv\u00e4sti. Ven\u00e4j\u00e4 ja Iran k\u00e4yttiv\u00e4t miljardeja yritt\u00e4ess\u00e4\u00e4n kielt\u00e4\u00e4 ne ja ep\u00e4onnistuivat. Suurin osa ven\u00e4l\u00e4isist\u00e4 ja iranilaista k\u00e4ytt\u00e4\u00e4 edelleen VPN-yhteyksien kautta Telegramia joka kuukausi, Durov kirjoittaa X:ss\u00e4.<\/p>\n<p class=\"paragraph\">VPN:n k\u00e4ytt\u00f6 on Iranissa laajaa. Jopa 90 prosentilla iranilaisista arvioidaan olevan VPN-yhteys.<\/p>\n<p class=\"paragraph\">Iran kuitenkin l\u00f6i kansainv\u00e4liset verkkoyhteydet k\u00e4yt\u00e4nn\u00f6ss\u00e4 kokonaan alas alkuvuodesta 2026, osana hallituksenvastaisten protestien murskaamista sek\u00e4 vastaiskuna Yhdysvaltain ja Israelin hy\u00f6kk\u00e4ykseen.<\/p>\n<p class=\"paragraph\">Sodan aikaisten rajoitusten aikana netink\u00e4ytt\u00f6 romahti alle 10 prosenttiin aiemmasta. Rajoitusten l\u00e4pi ovat p\u00e4\u00e4sseet ne iranilaiset, joilla on tarpeeksi varaa tehokkaimpiin VPN-yhteyksiin.<\/p>\n<p class=\"paragraph\">Durov v\u00e4itt\u00e4\u00e4 my\u00f6s, ettei sosiaalisen median kielt\u00e4minen nuorilta toimi. Esimerkiksi Britannia, Tanska ja Australia ilmoitti asettavansa somenk\u00e4yt\u00f6lle ik\u00e4rajat.<\/p>\n<p class=\"paragraph\">Telegramin perustajan mukaan somen kielt\u00e4minen teineilt\u00e4 asettaa heid\u00e4t suurempaan vaaraan.<\/p>\n<p class=\"paragraph\">\u2013 Teinit joutuvat turvautumaan VPN-yhteyksiin, saaden p\u00e4\u00e4syn paljon pahempaan laittomaan sis\u00e4lt\u00f6\u00f6n, Durov kirjoittaa.<\/p>\n<p class=\"paragraph\">\u2013 Olemme n\u00e4hneet t\u00e4m\u00e4n ennenkin. Kun Ven\u00e4j\u00e4n hallitus kielsi Telegramin, 95 prosenttia ven\u00e4l\u00e4isist\u00e4 teineist\u00e4 jatkoi sen k\u00e4ytt\u00f6\u00e4. He vain siirtyiv\u00e4t VPN-yhteyksiin.<\/p>\n<p class=\"paragraph\">VPN (Virtual private network eli virtuaalinen yksityisverkko) mahdollistaa turvallisemman ja salatumman internetin selaamisen. VPN-yhteyden avulla voi my\u00f6s kiert\u00e4\u00e4 sensuuria ja sis\u00e4lt\u00f6rajoituksia.<\/p>\n<p class=\"paragraph\">Ven\u00e4j\u00e4n hallinto on kirist\u00e4nyt otettaan kansalaisten verkkoyhteyksist\u00e4, mik\u00e4 her\u00e4tt\u00e4\u00e4 uutistoimisto Reutersin mukaan maassa laajaa \u00e4rtymyst\u00e4. Yh\u00e4 useampi kansalainen on kehitt\u00e4nyt monimutkaisia keinoja rajoitusten kiert\u00e4miseen, k\u00e4ytt\u00e4en esimerkiksi kahta puhelinta ja VPN-yhteytt\u00e4.<\/p>\n<p class=\"paragraph\">Moskovalaisyhti\u00f6 Digital Budgetin mukaan viiden suosituimman VPN-palvelun latausm\u00e4\u00e4r\u00e4t ovat r\u00e4j\u00e4ht\u00e4neet 14-kertaiseksi viime vuoden verrokkikuukauteen verrattuna, Reuters kertoo.<\/p>\n<p class=\"paragraph\">Levada Centerin tutkimuksen mukaan 36 prosenttia ven\u00e4l\u00e4isist\u00e4 my\u00f6nt\u00e4\u00e4 k\u00e4ytt\u00e4v\u00e4ns\u00e4 VPN-yhteytt\u00e4, mik\u00e4 on 13 prosenttiyksikk\u00f6\u00e4 enemm\u00e4n kuin vuonna 2022.<\/p>\n<p class=\"paragraph\">Ven\u00e4j\u00e4n viestint\u00e4viranomainen Roskomnadzor aloitti suositun Telegramin rajoittamisen helmikuussa. Ven\u00e4j\u00e4 on yritt\u00e4nyt siirt\u00e4\u00e4 kansalaisia hallinnon viralliseen Max-viestipalveluun.<\/p>\n<p class=\"paragraph\">Nyt Roskomnadzor pohtii oman valtiollisen VPN-palvelun kehitt\u00e4mist\u00e4, kertoo Ven\u00e4j\u00e4n kotimaisen ohjelmistoyhdistyksen puheenjohtaja <strong>Natalja Kaspersky<\/strong>. H\u00e4n kritisoi hallintoa julkisten varojen tuhlaamisesta tehottomiin palveluihin ja sanoo sensuurin heikent\u00e4v\u00e4n julkista verkkoinfrastruktuuria.<\/p>\n","protected":false},"excerpt":{"rendered":"Ven\u00e4j\u00e4n ja Iranin sensuuri tulee kalliiksi \u2013 heille itselleen, v\u00e4itt\u00e4\u00e4 Telegramin perustaja. Pavel Durov antaa Ven\u00e4j\u00e4lle ja Iranille&hellip;\n","protected":false},"author":2,"featured_media":281482,"comment_status":"","ping_status":"","sticky":false,"template":"","format":"standard","meta":{"footnotes":"","_share_on_mastodon":"0"},"categories":[14],"tags":[35,22,23,4492,26,27,33,31,30,17,148,24,25,28,29,15,18,21,637,32,487,149,19,20,56,16,59,60,61],"class_list":["post-281481","post","type-post","status-publish","format-standard","has-post-thumbnail","category-ulkomaat","tag-24h","tag-breaking-news","tag-breakingnews","tag-digimedia","tag-featured-news","tag-featurednews","tag-fi","tag-finland","tag-finnish","tag-headlines","tag-internet","tag-latest-news","tag-latestnews","tag-main-news","tag-mainnews","tag-news","tag-otsikot","tag-paauutiset","tag-politiikka","tag-suomi","tag-teknologia-yleista","tag-tietojenkasittely-ja-informaatioteknologia","tag-top-stories","tag-topstories","tag-ulkomaat","tag-uutiset","tag-world","tag-world-news","tag-worldnews"],"share_on_mastodon":{"url":"https:\/\/pubeurope.com\/@fi\/116779498520881841","error":""},"_links":{"self":[{"href":"https:\/\/www.europesays.com\/fi\/wp-json\/wp\/v2\/posts\/281481","targetHints":{"allow":["GET"]}}],"collection":[{"href":"https:\/\/www.europesays.com\/fi\/wp-json\/wp\/v2\/posts"}],"about":[{"href":"https:\/\/www.europesays.com\/fi\/wp-json\/wp\/v2\/types\/post"}],"author":[{"embeddable":true,"href":"https:\/\/www.europesays.com\/fi\/wp-json\/wp\/v2\/users\/2"}],"replies":[{"embeddable":true,"href":"https:\/\/www.europesays.com\/fi\/wp-json\/wp\/v2\/comments?post=281481"}],"version-history":[{"count":0,"href":"https:\/\/www.europesays.com\/fi\/wp-json\/wp\/v2\/posts\/281481\/revisions"}],"wp:featuredmedia":[{"embeddable":true,"href":"https:\/\/www.europesays.com\/fi\/wp-json\/wp\/v2\/media\/281482"}],"wp:attachment":[{"href":"https:\/\/www.europesays.com\/fi\/wp-json\/wp\/v2\/media?parent=281481"}],"wp:term":[{"taxonomy":"category","embeddable":true,"href":"https:\/\/www.europesays.com\/fi\/wp-json\/wp\/v2\/categories?post=281481"},{"taxonomy":"post_tag","embeddable":true,"href":"https:\/\/www.europesays.com\/fi\/wp-json\/wp\/v2\/tags?post=281481"}],"curies":[{"name":"wp","href":"https:\/\/api.w.org\/{rel}","templated":true}]}}