{"id":281526,"date":"2026-06-20T01:22:16","date_gmt":"2026-06-20T01:22:16","guid":{"rendered":"https:\/\/www.europesays.com\/fi\/281526\/"},"modified":"2026-06-20T01:22:16","modified_gmt":"2026-06-20T01:22:16","slug":"onlyfans-tahti-marianne-kallio-loukkaantui-susanna-penttilan-panopakusta","status":"publish","type":"post","link":"https:\/\/www.europesays.com\/fi\/281526\/","title":{"rendered":"Onlyfans-t\u00e4hti Marianne Kallio loukkaantui Susanna Penttil\u00e4n panopakusta"},"content":{"rendered":"<p>            Seiskan arkisto\n        <\/p>\n<p class=\"subtitle \">\u2013 Mitk\u00e4 ovat seuraukset kulttuurillisesti ja muutenkin ihan kaiken kannalta? Marianne Kallio kysyy kritisoiden samalla Susanna Penttil\u00e4n toimintaa panopakun tiimoilta.<\/p>\n<p class=\"article-content article-content-width !bg-background\">Eip\u00e4 olisi varmasti  1800-luvulla uskonut, ett\u00e4 kes\u00e4kuussa 2026 suomalaisen yhteiskunnan isoin puheenaihe on Onlyfans-tuottaja  panopaku.<\/p>\n<p class=\"font-weight-bold m-font-weight-bold article-content article-content-width !bg-background\">Video: Marianne ei en\u00e4\u00e4 kuuntele huonoa k\u00e4yt\u00f6st\u00e4:<\/p>\n<p class=\"article-content article-content-width !bg-background\">Median hulabaloo alkoi, kun Susannan toimintaa mainostava kaara ajettiin Helsinki City Festival -alueen edustalle viime viikonloppuna.<\/p>\n<p class=\"article-content article-content-width !bg-background\">Susanna on toivottanut parikymppiset nuorukaiset tervetulleiksi pakettiautoonsa osallistumaan h\u00e4nen Onlyfans-sis\u00e4lt\u00f6jens\u00e4 tekemiseen \u2013 jos heilt\u00e4 l\u00f6ytyy my\u00f6s oma tili palveluun ja he ovat tarpeeksi nuoria.<\/p>\n<p class=\"article-content article-content-width !bg-background\">Ja koska kyseess\u00e4 on toden totta festarialueen tienoo, useampi osannee laskea yksi plus yksi: moni saattaa olla p\u00e4ihteiden vaikutuksen alaisena tehdess\u00e4\u00e4n p\u00e4\u00e4t\u00f6ksen marssia panopakuun. Tosin Susanna kommentoi jo aiemmin Seiskalle, ettei hommiin p\u00e4\u00e4se, jos on p\u00e4ihtynyt.\u00a0<\/p>\n<p>        <a itemprop=\"url\" href=\"https:\/\/www.seiska.fi\/kotimaa\/totuus-susanna-penttilan-panobussista\/2181541\" rel=\"nofollow noopener\" target=\"_blank\"><\/p>\n<p>\nSusanna Penttil\u00e4\n<\/p>\n<p class=\"section-date\">\n        <strong class=\"article-section\" data-section=\"kotimaa\"><br \/>\n            kotimaa<br \/>\n        <\/strong><br \/>\n        16.6. 17:00\n    <\/p>\n<p>Totuus Susanna Penttil\u00e4n panobussista\n    <\/p>\n<p itemprop=\"description\" class=\"subtitle \">\n    Susanna Penttil\u00e4n kohuautosta paljastui yll\u00e4tt\u00e4v\u00e4 seikka.\n<\/p>\n<p>        <\/a><\/p>\n<p>                <img decoding=\"async\" src=\"https:\/\/www.europesays.com\/fi\/wp-content\/uploads\/2026\/06\/2181872.webp\" width=\"576\" height=\"634\" title=\"T\u00e4lt\u00e4 n\u00e4ytt\u00e4\u00e4 53-vuotiaan Susanna Penttil\u00e4n kohuttu panopaku.\" alt=\"Susanna Penttil\u00e4n seksibussi. Kyljess\u00e4 teippaus Susannan kuvalla.\" loading=\"lazy\" \/>            <\/p>\n<p>\n            T\u00e4lt\u00e4 n\u00e4ytt\u00e4\u00e4 53-vuotiaan Susanna Penttil\u00e4n kohuttu panopaku.<br \/>\n            Susanna Penttil\u00e4n kotialbumi\n        <\/p>\n<p>Marianne ei arvosta<\/p>\n<p class=\"article-content article-content-width !bg-background\">Nyt asiaan ottaa kantaa Of-virkasisar , joka n\u00e4kee \u201dSuskin\u201d toiminnan moraalittomana, suorastaan ala-arvoisena.<\/p>\n<p class=\"article-content article-content-width !bg-background\">\u2013 Ei todellakaan ole hyv\u00e4n maun mukaista, ett\u00e4 tuollainen bussi py\u00f6rii keskustassa tai jollain festareilla, joilla haetaan nuoria aikuisia.<\/p>\n<p class=\"article-content article-content-width !bg-background\">\u2013 En hyv\u00e4ksy tuollaista toimintaa!<\/p>\n<p>\n            Mitk\u00e4 ovat seuraukset kulttuurillisesti ja muutenkin ihan kaiken kannalta?\n            <\/p>\n<p class=\"article-content article-content-width !bg-background\">Marianne t\u00e4hdent\u00e4\u00e4, ett\u00e4 on olemassa ammattimaisempiakin toimintatapoja etsi\u00e4 kuvausseuraa seksivideoille.<\/p>\n<p class=\"article-content article-content-width !bg-background\">\u2013 Nuoret eiv\u00e4t v\u00e4ltt\u00e4m\u00e4tt\u00e4 ymm\u00e4rr\u00e4 seurauksia \u2013 etenk\u00e4\u00e4n, jos ovat alkoholin tai ties mink\u00e4 vaikutuksen alaisena!<\/p>\n<p>                <img decoding=\"async\" src=\"https:\/\/www.europesays.com\/fi\/wp-content\/uploads\/2026\/06\/2148806.webp\" width=\"576\" height=\"639\" alt=\"Suski on tunnettu mieltymyksest\u00e4\u00e4n nuoriin miehiin. Viime kauden PactHousessa Suski teki nopean piipahduksen ja vei leikkimielisille treffeille ohjelman ainoan 'taviksen' eli Harri-nimisen miekkosen.\" loading=\"lazy\" \/>            <\/p>\n<p>\n            Suski on tunnettu mieltymyksest\u00e4\u00e4n nuoriin miehiin. Viime kauden PactHousessa Suski teki nopean piipahduksen ja vei leikkimielisille treffeille ohjelman ainoan &#8221;taviksen&#8221; eli Harri-nimisen miekkosen.<br \/>\n            PactHouse\n        <\/p>\n<p>&#8221;Mahdollistaa hyv\u00e4ksik\u00e4yt\u00f6n&#8221;<\/p>\n<p class=\"article-content article-content-width !bg-background\">Yht\u00e4 kaikki, siin\u00e4 Suski on j\u00e4lleen onnistunut, ett\u00e4 kaikki puhuvat h\u00e4nen ty\u00f6st\u00e4\u00e4n, mik\u00e4 n\u00e4kynee pomminvarmasti my\u00f6s h\u00e4nen OF-tilill\u00e4\u00e4n positiivisella tavalla.<\/p>\n<p class=\"article-content article-content-width !bg-background\">\u201dHyv\u00e4 maku\u201d toistuu Mariannen puheissa, ja h\u00e4n muistuttaakin, ettei markkinointi mill\u00e4 tahansa hinnalla ole vastuullista. H\u00e4n puhuu niin sanotusta harmaasta alueesta.<\/p>\n<p>\n            Vaikka tekeekin t\u00e4llaista ty\u00f6t\u00e4 ja toimii t\u00e4ll\u00e4 alalla, kyll\u00e4 meid\u00e4nkin pit\u00e4\u00e4 pysty\u00e4 ajattelemaan muita ihmisi\u00e4 \u2013 millaisia vaikutuksia t\u00e4ll\u00e4 heihin on&#8230;\n            <\/p>\n<p class=\"article-content article-content-width !bg-background\">\u2013 Onko ok menn\u00e4 t\u00e4llaisiin \u00e4\u00e4rimm\u00e4isyyksiin?<\/p>\n<p class=\"article-content article-content-width !bg-background\">\u2013 T\u00e4llainen toiminta mahdollistaa hyv\u00e4ksik\u00e4yt\u00f6n, sill\u00e4 kuinka moni 20-vuotias osaa vaatia omia oikeuksiaan niin, ett\u00e4 molemmat saavat saman hy\u00f6dyn?<\/p>\n<p>                <img decoding=\"async\" src=\"https:\/\/www.europesays.com\/fi\/wp-content\/uploads\/2026\/06\/2001863.webp\" width=\"576\" height=\"322\" alt=\"Marianne muistuttaa, ett\u00e4 on ammattimaisempiakin tapoja hakea kuvausseuraa.\" loading=\"lazy\" \/>            <\/p>\n<p>\n            Marianne muistuttaa, ett\u00e4 on ammattimaisempiakin tapoja hakea kuvausseuraa.<br \/>\n            Atte Kajova\n        <\/p>\n<p class=\"article-content article-content-width !bg-background\">Mariannen puheissa nuoret pojat ovat ik\u00e4\u00e4n kuin vain v\u00e4lineit\u00e4, joita Suski k\u00e4ytt\u00e4\u00e4 omien sis\u00e4lt\u00f6jens\u00e4 tekemiseen ilman, ett\u00e4 he saavat esimerkiksi mit\u00e4\u00e4n korvauksia.<\/p>\n<p class=\"article-content article-content-width !bg-background\">\u2013 T\u00e4llaiset tempaukset luovat v\u00e4\u00e4r\u00e4\u00e4 kuvaa OF-alasta.<\/p>\n<p class=\"article-content article-content-width !bg-background\">\u2013 Mitk\u00e4 ovat seuraukset kulttuurillisesti ja muutenkin ihan kaiken kannalta?<\/p>\n<p>        <a itemprop=\"url\" href=\"https:\/\/www.seiska.fi\/kotimaa\/aikuisviihdetta-tekevalta-anu-puumalaiselta-raju-ulostulo\/2159762\" rel=\"nofollow noopener\" target=\"_blank\"><\/p>\n<p>\nAnu Puumalainen\n<\/p>\n<p class=\"section-date\">\n        <strong class=\"article-section\" data-section=\"kotimaa\"><br \/>\n            kotimaa<br \/>\n        <\/strong><br \/>\n        26.5. 08:00\n    <\/p>\n<p>Aikuisviihdett\u00e4 tekev\u00e4lt\u00e4 Anu Puumalaiselta raju ulostulo\n    <\/p>\n<p itemprop=\"description\" class=\"subtitle \">\n    Pikkuhousujaan myyv\u00e4 Anu kertoo harkitsevansa tulevaisuudessa my\u00f6s escort-palveluiden tarjoamista. Samalla h\u00e4n ihmettelee, mik\u00e4 tekee Onlyfansista v\u00e4hemm\u00e4n arvostettavan kuin l\u00e4\u00e4k\u00e4rin\u00e4 toimiminen.\n<\/p>\n<p>        <\/a><\/p>\n<p class=\"article-content article-content-width !bg-background\">Kaduille eiv\u00e4t Mariannen mukaan kuulu \u201db\u00e4ng-b\u00e4ng- ja piip-piip-bussit\u201d.<\/p>\n<p class=\"article-content article-content-width !bg-background\">\u2013 Vaikka tekeekin t\u00e4llaista ty\u00f6t\u00e4 ja toimii t\u00e4ll\u00e4 alalla, kyll\u00e4 meid\u00e4nkin pit\u00e4\u00e4 pysty\u00e4 ajattelemaan muita ihmisi\u00e4 \u2013 millaisia vaikutuksia t\u00e4ll\u00e4 heihin on.<\/p>\n<p>                <img decoding=\"async\" src=\"https:\/\/www.europesays.com\/fi\/wp-content\/uploads\/2026\/06\/2183404.webp\" width=\"576\" height=\"720\" alt=\"Mariannen mukaan Suskin panopaku-tempaus luo v\u00e4\u00e4r\u00e4\u00e4 kuvaa OF-alasta.\" loading=\"lazy\" \/>            <\/p>\n<p>\n            Mariannen mukaan Suskin panopaku-tempaus luo v\u00e4\u00e4r\u00e4\u00e4 kuvaa OF-alasta.<br \/>\n            Atte Kajova\n        <\/p>\n<p>&#8221;Irvokasta ja oksettavaa&#8221;<\/p>\n<p class=\"article-content article-content-width !bg-background\">Kuvausseuraa voi etsi\u00e4 monella eri tavalla, esimerkiksi alan ryhmist\u00e4 tai sivustoilta, Marianne muistuttaa.<\/p>\n<p class=\"article-content article-content-width !bg-background\">\u2013 Sitten voi tehd\u00e4 my\u00f6s oman haun sivustoille, mutta tuo Suskin tapa on&#8230;<\/p>\n<p class=\"article-content article-content-width !bg-background\"> \u2013 En ole<br \/>\noikeastaan koskaan etsinyt kuvausseuraa, sill\u00e4 tilanteet ovat yleens\u00e4 edenneet<br \/>\nniin, ett\u00e4 joku on tullut suoraan kysym\u00e4\u00e4n, kiinnostaisiko minua tehd\u00e4<br \/>\nyhteisty\u00f6t\u00e4, tai on ottanut minuun yhteytt\u00e4 muulla tavoin.\u00a0<\/p>\n<p class=\"article-content article-content-width !bg-background\">Marianne<br \/>\nmainitsee Suskin toiminnalle olevan olemassa omat paikkansa, kuten alaan<br \/>\nliittyv\u00e4t tapahtumat, jotka eiv\u00e4t ole kaikkien n\u00e4ht\u00e4vill\u00e4.<\/p>\n<p class=\"article-content article-content-width !bg-background\"> \u2013 Irvokasta ja oksettavaa, Marianne paaluttaa Suskin tempauksesta. <\/p>\n<p>Susanna: &#8221;En k\u00e4yt\u00e4 ket\u00e4\u00e4n hyv\u00e4ksi&#8221;<\/p>\n<p class=\"article-content article-content-width !bg-background\">Susanna Penttil\u00e4 kertoi Seiskalle aiemmin &#8221;bangbussistaan&#8221;, kun my\u00f6s taiteilija  oli paheksunut t\u00e4t\u00e4.<\/p>\n<p class=\"article-content article-content-width !bg-background\">\u2013 Siin\u00e4 ei kukaan voi vain ex tempore k\u00e4nniss\u00e4 tulla kuvaamaan, eik\u00e4 nyt sellaista tekisik\u00e4\u00e4n, Suski selvitti.<\/p>\n<p>        <a itemprop=\"url\" href=\"https:\/\/www.seiska.fi\/kotimaa\/ohhoh-susanna-penttila-paljastaa-painonsa\/2163229\" rel=\"nofollow noopener\" target=\"_blank\"><\/p>\n<p>\nOhhoh!\n<\/p>\n<p class=\"section-date\">\n        <strong class=\"article-section\" data-section=\"kotimaa\"><br \/>\n            kotimaa<br \/>\n        <\/strong><br \/>\n        27.5. 08:00\n    <\/p>\n<p>Ohhoh! Susanna Penttil\u00e4 paljastaa painonsa\n    <\/p>\n<p itemprop=\"description\" class=\"subtitle \">\n    Susanna jaksaa nauraa netin sy\u00f6vereist\u00e4 putkahtaneille valeprofiileille.\n<\/p>\n<p>        <\/a><\/p>\n<p class=\"article-content article-content-width !bg-background\">Susanna kertoi, ett\u00e4 jos omaa Onlyfans-tili\u00e4 ei ole ja sen haluaa luoda, se ei onnistu hetken huumassa, vaan sen vahvistamisessa menee noin 48 tuntia. Kun video sitten julkaistaan alustalla, videolla esiintyv\u00e4t ihmiset tulee merkit\u00e4 videoon.<\/p>\n<p class=\"article-content article-content-width !bg-background\">\u2013\u00a0Ja heid\u00e4n pit\u00e4\u00e4 se merkint\u00e4 hyv\u00e4ksy\u00e4.<\/p>\n<p class=\"article-content article-content-width !bg-background\">Jos videolla esiintyv\u00e4t henkil\u00f6t eiv\u00e4t hyv\u00e4ksy merkint\u00e4\u00e4, videota ei julkaista, Susanna valaisi.<\/p>\n<p class=\"article-content article-content-width !bg-background\">Susanna korosti Seiskalle moneen otteeseen, ettei kuksimiskaaraan ole mit\u00e4\u00e4n asiaa p\u00e4ihtyneen\u00e4.<\/p>\n<p class=\"article-content article-content-width !bg-background\">\u2013 En k\u00e4yt\u00e4 ket\u00e4\u00e4n hyv\u00e4ksi.\u00a0<\/p>\n<p class=\"article-content article-content-width !bg-background\">Sen sijaan Susanna uumoili nostattavansa nuorten miesten itsetuntoa, sill\u00e4 parikymppiset ovat h\u00e4nen mukaansa &#8221;kuumassa i\u00e4ss\u00e4 ja kuitenkin aikuisia.&#8221;<\/p>\n<p>        <a itemprop=\"url\" href=\"https:\/\/www.seiska.fi\/vain-seiskassa\/marianne-kallio-avoimena-rahasta-tililla-riittaa-nollia\/2001793\" rel=\"nofollow noopener\" target=\"_blank\"><\/p>\n<p>\nMarianne Kallio avoimena rahasta\n<\/p>\n<p class=\"section-date\">\n        <strong class=\"article-section\" data-section=\"vain seiskassa\"><br \/>\n            vain seiskassa<br \/>\n        <\/strong><br \/>\n        12.12.2025 06:00\n    <\/p>\n<p>Marianne Kallio avoimena rahasta \u2013 tilill\u00e4 riitt\u00e4\u00e4 nollia!\n    <\/p>\n<p itemprop=\"description\" class=\"subtitle \">\n    Kohukaunottaren bisnekset sujuvat, ja lis\u00e4\u00e4 on tiedossa.\n<\/p>\n<p>        <\/a><\/p>\n","protected":false},"excerpt":{"rendered":"Seiskan arkisto \u2013 Mitk\u00e4 ovat seuraukset kulttuurillisesti ja muutenkin ihan kaiken kannalta? Marianne Kallio kysyy kritisoiden samalla Susanna&hellip;\n","protected":false},"author":2,"featured_media":281527,"comment_status":"","ping_status":"","sticky":false,"template":"","format":"standard","meta":{"footnotes":"","_share_on_mastodon":"0"},"categories":[5],"tags":[22,23,26,27,33,31,30,17,5952,3376,24,25,28,29,20978,9736,15,3705,18,21,32,3706,19,20,16],"class_list":["post-281526","post","type-post","status-publish","format-standard","has-post-thumbnail","category-otsikot","tag-breaking-news","tag-breakingnews","tag-featured-news","tag-featurednews","tag-fi","tag-finland","tag-finnish","tag-headlines","tag-hyvaksikaytto","tag-k18","tag-latest-news","tag-latestnews","tag-main-news","tag-mainnews","tag-marianne-kallio","tag-moraali","tag-news","tag-onlyfans","tag-otsikot","tag-paauutiset","tag-suomi","tag-susanna-penttila","tag-top-stories","tag-topstories","tag-uutiset"],"share_on_mastodon":{"url":"https:\/\/pubeurope.com\/@fi\/116779820883821375","error":""},"_links":{"self":[{"href":"https:\/\/www.europesays.com\/fi\/wp-json\/wp\/v2\/posts\/281526","targetHints":{"allow":["GET"]}}],"collection":[{"href":"https:\/\/www.europesays.com\/fi\/wp-json\/wp\/v2\/posts"}],"about":[{"href":"https:\/\/www.europesays.com\/fi\/wp-json\/wp\/v2\/types\/post"}],"author":[{"embeddable":true,"href":"https:\/\/www.europesays.com\/fi\/wp-json\/wp\/v2\/users\/2"}],"replies":[{"embeddable":true,"href":"https:\/\/www.europesays.com\/fi\/wp-json\/wp\/v2\/comments?post=281526"}],"version-history":[{"count":0,"href":"https:\/\/www.europesays.com\/fi\/wp-json\/wp\/v2\/posts\/281526\/revisions"}],"wp:featuredmedia":[{"embeddable":true,"href":"https:\/\/www.europesays.com\/fi\/wp-json\/wp\/v2\/media\/281527"}],"wp:attachment":[{"href":"https:\/\/www.europesays.com\/fi\/wp-json\/wp\/v2\/media?parent=281526"}],"wp:term":[{"taxonomy":"category","embeddable":true,"href":"https:\/\/www.europesays.com\/fi\/wp-json\/wp\/v2\/categories?post=281526"},{"taxonomy":"post_tag","embeddable":true,"href":"https:\/\/www.europesays.com\/fi\/wp-json\/wp\/v2\/tags?post=281526"}],"curies":[{"name":"wp","href":"https:\/\/api.w.org\/{rel}","templated":true}]}}