{"id":281530,"date":"2026-06-20T01:43:22","date_gmt":"2026-06-20T01:43:22","guid":{"rendered":"https:\/\/www.europesays.com\/fi\/281530\/"},"modified":"2026-06-20T01:43:22","modified_gmt":"2026-06-20T01:43:22","slug":"sanna-marin-vaihtoi-vapaalle-salakuva","status":"publish","type":"post","link":"https:\/\/www.europesays.com\/fi\/281530\/","title":{"rendered":"Sanna Marin vaihtoi vapaalle \u2013 salakuva!"},"content":{"rendered":"<p class=\"article-content article-content-width !bg-background\">Entinen p\u00e4\u00e4ministeri <a alt=\"Haku\" class=\"text-primary-red font-extrabold\" href=\"https:\/\/www.seiska.fi\/haku?q=Sanna Marin\" rel=\"nofollow noopener\" target=\"_blank\">Sanna Marin<\/a> her\u00e4tti huomiota Helsingiss\u00e4 juhannuksen aatonaattona.<\/p>\n<p class=\"font-weight-bold m-font-weight-bold article-content article-content-width !bg-background\">Video: Sanna huvitteli Linnanm\u00e4ell\u00e4<\/p>\n<p class=\"article-content article-content-width !bg-background\">Sanna oli vaihtanut vapaalle Mustikkamaalla sijaitsevalla Lippa-ravintolalla.<\/p>\n<p class=\"article-content article-content-width !bg-background\">Kalasataman ja Kulosaaren v\u00e4liss\u00e4 sijaitseva pikkusaari on kaupunkilaisten pakopaikka sek\u00e4 virkistysalue.<\/p>\n<p class=\"article-content article-content-width !bg-background\">Sannan illanvietossa oli Seiskan lukijan mukaan kansainv\u00e4linen meininki, sill\u00e4 Sannan p\u00f6yd\u00e4ss\u00e4 puhuttiin englantia.\u00a0<\/p>\n<p>Miss\u00e4 Joni?<\/p>\n<p class=\"article-content article-content-width !bg-background\">Seurueeseen sanotaan kuuluneen muiden muassa julkisuudesta tuttuja Sannan yst\u00e4vi\u00e4: kansanedustaja ja kaupunginvaltuutettu <a alt=\"Haku\" class=\"text-primary-red font-extrabold\" href=\"https:\/\/www.seiska.fi\/haku?q=Nasima Razmyar\" rel=\"nofollow noopener\" target=\"_blank\">Nasima Razmyar<\/a> sek\u00e4 muotisuunnittelija <a alt=\"Haku\" class=\"text-primary-red font-extrabold\" href=\"https:\/\/www.seiska.fi\/haku?q=Mert Otsamo\" rel=\"nofollow noopener\" target=\"_blank\">Mert Otsamo<\/a>.<\/p>\n<p class=\"article-content article-content-width !bg-background\">\u2013 Sanna oli klassisen tyylik\u00e4s. H\u00e4nell\u00e4 oli yll\u00e4\u00e4n valkoinen brodyyrimekko, jonka p\u00e4\u00e4lle h\u00e4n oli laittanut nahkarotsin, Seiskalle kuvaillaan.<\/p>\n<p class=\"article-content article-content-width !bg-background\">\u2013 He nauttivat olutta ja dippailivat. Hyv\u00e4 meno n\u00e4ytti olevan.<\/p>\n<p>                <img decoding=\"async\" src=\"https:\/\/www.europesays.com\/fi\/wp-content\/uploads\/2026\/06\/2185935.webp\" width=\"576\" height=\"480\" alt=\"Sanna dippaili herkkuja ja nautiskeli ravintola Lipassa Mustikkamaalla 18. kes\u00e4kuuta. Oikealla Mert lippis p\u00e4\u00e4ss\u00e4\u00e4n, Nasima pylv\u00e4\u00e4n takana.\" loading=\"lazy\" \/>            <\/p>\n<p>\n            Sanna dippaili herkkuja ja nautiskeli ravintola Lipassa Mustikkamaalla 18. kes\u00e4kuuta. Oikealla Mert lippis p\u00e4\u00e4ss\u00e4\u00e4n, Nasima pylv\u00e4\u00e4n takana.<br \/>\n            Lukijan kuva\n        <\/p>\n<p class=\"article-content article-content-width !bg-background\">Varsinaisia bileit\u00e4 kyseisess\u00e4 ravintolassa ei eilen ollut, vaan meno oli paikallaolijan kuvauksen mukaan suhteellisen rauhallinen. Lis\u00e4ksi h\u00e4n kertoo merkitt\u00e4v\u00e4n yksityiskohdan.<\/p>\n<p class=\"article-content article-content-width !bg-background\">\u2013 Poikayst\u00e4v\u00e4 ei ollut mukana, Seiskalle t\u00e4hdennet\u00e4\u00e4n.<\/p>\n<p class=\"article-content article-content-width !bg-background\">Toisin sanoen Sannan kampaajarakkaana tunnettua <a alt=\"Haku\" class=\"text-primary-red font-extrabold\" href=\"https:\/\/www.seiska.fi\/haku?q=Jonia\" rel=\"nofollow noopener\" target=\"_blank\">Jonia<\/a> ei n\u00e4kynyt porukassa.<\/p>\n<p>Dippailivat ja viinitteliv\u00e4t<\/p>\n<p class=\"article-content article-content-width !bg-background\">Sannan vapaaillasta on n\u00e4ht\u00e4vill\u00e4 materiaalia my\u00f6s sosiaalisessa mediassa. P\u00e4ivitykset vahvistavat vinkkaajan kertomusta illan leppoisasta luonteesta.<\/p>\n<p class=\"article-content article-content-width !bg-background\">Nasiman jakamasta <a href=\"https:\/\/www.instagram.com\/stories\/nasimarazmyar\/\" target=\"_blank\" rel=\"nofollow noopener\">vuorokauden ajan esill\u00e4 olevasta tarinasta<\/a> n\u00e4kee, ett\u00e4 kes\u00e4illassa on ollut viile\u00e4\u00e4. Mert on <a href=\"https:\/\/www.instagram.com\/stories\/mertotsamo\/3922378583858741799\/\" target=\"_blank\" rel=\"nofollow noopener\">uudelleenjakanut otoksen<\/a> omassa tarinassaan.<\/p>\n<p class=\"article-content article-content-width !bg-background\">Kuvassa muotisuunnittelja l\u00e4mmittelee huovan alla lippis p\u00e4\u00e4ss\u00e4\u00e4n. Kuvatekstiksi on valikoitunut ytimekk\u00e4\u00e4sti &#8221;Suomen kes\u00e4&#8221;. Taustalla soi <a alt=\"Haku\" class=\"text-primary-red font-extrabold\" href=\"https:\/\/www.seiska.fi\/haku?q=Lady Gagan\" rel=\"nofollow noopener\" target=\"_blank\">Lady Gagan<\/a> nostalginen hitti Summerboy, joka julkaistiin 18 vuotta sitten.<\/p>\n<p><script async src=\"\/\/www.instagram.com\/embed.js\"><\/script><\/p>\n","protected":false},"excerpt":{"rendered":"Entinen p\u00e4\u00e4ministeri Sanna Marin her\u00e4tti huomiota Helsingiss\u00e4 juhannuksen aatonaattona. Video: Sanna huvitteli Linnanm\u00e4ell\u00e4 Sanna oli vaihtanut vapaalle Mustikkamaalla&hellip;\n","protected":false},"author":2,"featured_media":281531,"comment_status":"","ping_status":"","sticky":false,"template":"","format":"standard","meta":{"footnotes":"","_share_on_mastodon":"0"},"categories":[130],"tags":[137,33,31,30,7872,4478,706,20553,37842,17798,6249,2799,32,109],"class_list":["post-281530","post","type-post","status-publish","format-standard","has-post-thumbnail","category-viihde","tag-entertainment","tag-fi","tag-finland","tag-finnish","tag-juhannus","tag-kaak","tag-kesa","tag-mert-otsamo","tag-mustikkamaa","tag-nasima-razmyar","tag-salakuva","tag-sanna-marin","tag-suomi","tag-viihde"],"share_on_mastodon":{"url":"https:\/\/pubeurope.com\/@fi\/116779902944936764","error":""},"_links":{"self":[{"href":"https:\/\/www.europesays.com\/fi\/wp-json\/wp\/v2\/posts\/281530","targetHints":{"allow":["GET"]}}],"collection":[{"href":"https:\/\/www.europesays.com\/fi\/wp-json\/wp\/v2\/posts"}],"about":[{"href":"https:\/\/www.europesays.com\/fi\/wp-json\/wp\/v2\/types\/post"}],"author":[{"embeddable":true,"href":"https:\/\/www.europesays.com\/fi\/wp-json\/wp\/v2\/users\/2"}],"replies":[{"embeddable":true,"href":"https:\/\/www.europesays.com\/fi\/wp-json\/wp\/v2\/comments?post=281530"}],"version-history":[{"count":0,"href":"https:\/\/www.europesays.com\/fi\/wp-json\/wp\/v2\/posts\/281530\/revisions"}],"wp:featuredmedia":[{"embeddable":true,"href":"https:\/\/www.europesays.com\/fi\/wp-json\/wp\/v2\/media\/281531"}],"wp:attachment":[{"href":"https:\/\/www.europesays.com\/fi\/wp-json\/wp\/v2\/media?parent=281530"}],"wp:term":[{"taxonomy":"category","embeddable":true,"href":"https:\/\/www.europesays.com\/fi\/wp-json\/wp\/v2\/categories?post=281530"},{"taxonomy":"post_tag","embeddable":true,"href":"https:\/\/www.europesays.com\/fi\/wp-json\/wp\/v2\/tags?post=281530"}],"curies":[{"name":"wp","href":"https:\/\/api.w.org\/{rel}","templated":true}]}}