{"id":281654,"date":"2026-06-20T06:12:10","date_gmt":"2026-06-20T06:12:10","guid":{"rendered":"https:\/\/www.europesays.com\/fi\/281654\/"},"modified":"2026-06-20T06:12:10","modified_gmt":"2026-06-20T06:12:10","slug":"keski-suomessa-tapahtui-yon-ja-aamun-aikana-kaksi-ulosajoa-keski-suomi","status":"publish","type":"post","link":"https:\/\/www.europesays.com\/fi\/281654\/","title":{"rendered":"Keski-Suomessa tapahtui y\u00f6n ja aamun aikana kaksi ulosajoa\u2009 | Keski-Suomi"},"content":{"rendered":"<p>Keski-Suomessa tapahtui viime y\u00f6n ja varhaisaamun aikana kaksi liikenneonnettomuutta.<\/p>\n<p>Henkil\u00f6auto ajautui ulos tielt\u00e4 Ysitiell\u00e4 muutaman kilometrin p\u00e4\u00e4ss\u00e4 Korpilahden keskustasta Tamperetta p\u00e4in. Keski-Suomen pelastuslaitos sai h\u00e4lytyksen onnettomuudesta kello 2.43.<\/p>\n<p>Auton kuljettaja vietiin sairaalaan. Autossa ei ollut matkustajia.<\/p>\n<p><strong class=\"diks-storyline__impact\">Aikaisin aamulla<\/strong> ylinopeutta ajanut henkil\u00f6auto ajautui tielt\u00e4 P\u00e4\u00e4skysm\u00e4entiell\u00e4 J\u00e4ms\u00e4ss\u00e4.<\/p>\n<p>Pelastuslaitoksen mukaan auton kyydiss\u00e4 oli kuljettajan lis\u00e4ksi yksi matkustaja. He poistuivat paikalta ennen pelastuslaitoksen saapumista. Poliisi tutkii onnettomuutta.<\/p>\n<p>H\u00e4lytys onnettomuudesta tuli kello 6.16 lauantaiaamuna.<\/p>\n","protected":false},"excerpt":{"rendered":"Keski-Suomessa tapahtui viime y\u00f6n ja varhaisaamun aikana kaksi liikenneonnettomuutta. Henkil\u00f6auto ajautui ulos tielt\u00e4 Ysitiell\u00e4 muutaman kilometrin p\u00e4\u00e4ss\u00e4 Korpilahden&hellip;\n","protected":false},"author":2,"featured_media":281655,"comment_status":"","ping_status":"","sticky":false,"template":"","format":"standard","meta":{"footnotes":"","_share_on_mastodon":"0"},"categories":[12],"tags":[22,23,26,27,33,31,30,17,2565,425,940,24,25,121,28,29,15,120,18,21,32,679,128,19,20,16],"class_list":["post-281654","post","type-post","status-publish","format-standard","has-post-thumbnail","category-suomi","tag-breaking-news","tag-breakingnews","tag-featured-news","tag-featurednews","tag-fi","tag-finland","tag-finnish","tag-headlines","tag-jamsa","tag-jyvaskyla","tag-korpilahti","tag-latest-news","tag-latestnews","tag-liikenne-ja-kuljetus","tag-main-news","tag-mainnews","tag-news","tag-onnettomuustapaus","tag-otsikot","tag-paauutiset","tag-suomi","tag-terveydenhuollon-toimintalaitokset","tag-tieliikenne","tag-top-stories","tag-topstories","tag-uutiset"],"share_on_mastodon":{"url":"https:\/\/pubeurope.com\/@fi\/116780960646791659","error":""},"_links":{"self":[{"href":"https:\/\/www.europesays.com\/fi\/wp-json\/wp\/v2\/posts\/281654","targetHints":{"allow":["GET"]}}],"collection":[{"href":"https:\/\/www.europesays.com\/fi\/wp-json\/wp\/v2\/posts"}],"about":[{"href":"https:\/\/www.europesays.com\/fi\/wp-json\/wp\/v2\/types\/post"}],"author":[{"embeddable":true,"href":"https:\/\/www.europesays.com\/fi\/wp-json\/wp\/v2\/users\/2"}],"replies":[{"embeddable":true,"href":"https:\/\/www.europesays.com\/fi\/wp-json\/wp\/v2\/comments?post=281654"}],"version-history":[{"count":0,"href":"https:\/\/www.europesays.com\/fi\/wp-json\/wp\/v2\/posts\/281654\/revisions"}],"wp:featuredmedia":[{"embeddable":true,"href":"https:\/\/www.europesays.com\/fi\/wp-json\/wp\/v2\/media\/281655"}],"wp:attachment":[{"href":"https:\/\/www.europesays.com\/fi\/wp-json\/wp\/v2\/media?parent=281654"}],"wp:term":[{"taxonomy":"category","embeddable":true,"href":"https:\/\/www.europesays.com\/fi\/wp-json\/wp\/v2\/categories?post=281654"},{"taxonomy":"post_tag","embeddable":true,"href":"https:\/\/www.europesays.com\/fi\/wp-json\/wp\/v2\/tags?post=281654"}],"curies":[{"name":"wp","href":"https:\/\/api.w.org\/{rel}","templated":true}]}}