{"id":281668,"date":"2026-06-20T06:38:15","date_gmt":"2026-06-20T06:38:15","guid":{"rendered":"https:\/\/www.europesays.com\/fi\/281668\/"},"modified":"2026-06-20T06:38:15","modified_gmt":"2026-06-20T06:38:15","slug":"useita-ihmisia-on-kuollut-onnettomuuksissa-ja-hukkumalla-nain-juhannus-on-tyollistanyt-poliisia-uutisia-lyhyesti","status":"publish","type":"post","link":"https:\/\/www.europesays.com\/fi\/281668\/","title":{"rendered":"Useita ihmisi\u00e4 on kuollut onnettomuuksissa ja hukkumalla \u2013 n\u00e4in juhannus on ty\u00f6llist\u00e4nyt poliisia | Uutisia lyhyesti"},"content":{"rendered":"<p class=\"aw__sc-1qwuw0s-0 aw__sc-1vg2sqm-0 epAWpq ecELkD yle__article__paragraph\">Juhannusaattona tapahtui useita onnettomuuksia.<\/p>\n<p><img decoding=\"async\" alt=\"Kolaroitua auto ja hinausauto kolaripaikalla.\" src=\"https:\/\/www.europesays.com\/fi\/wp-content\/uploads\/2026\/06\/1781870005.jpeg\" class=\"aw__sc-dklauk-0 LPzKX\"\/><\/p>\n<p>Avaa kuvien katselu<\/p>\n<p>Yl\u00f6j\u00e4rvell\u00e4 tapahtui per\u00e4\u00e4najokolari juhannusaattona. Kuva: Lenni Lehtonen \/ Yle<\/p>\n<ul class=\"aw__sc-1yb43iq-0 gFXHv yle__article__list yle__article__list--ul\">\n<li class=\"aw__sc-1yb43iq-1 gVAzbt\">Juhannusviikonloppuna sattui useita vakavia onnettomuuksia ja rikoksia ymp\u00e4ri Suomea. Ainakin seitsem\u00e4n ihmist\u00e4 kuoli.<\/li>\n<li class=\"aw__sc-1yb43iq-1 gVAzbt\">Kuolonuhreja oli liikenneonnettomuuksissa, veneonnettomuudessa, putoamisessa, tulipalossa ja henkirikoksissa.<\/li>\n<li class=\"aw__sc-1yb43iq-1 gVAzbt\">Poliisi on ollut tavanomaista kiireisempi. Sit\u00e4 ovat ty\u00f6llist\u00e4neet muun muassa pahoinpitelyt, p\u00e4ihtyneiden h\u00e4irik\u00f6inti ja rattijuopumukset.<\/li>\n<\/ul>\n<p class=\"aw__sc-1qwuw0s-0 aw__sc-ngllmo-0 epAWpq fzYpjk yle__article__paragraph\">Juhannuksen aikana on sattunut useita onnettomuuksia, joissa on kuollut tai loukkaantunut ihmisi\u00e4.<\/p>\n<p class=\"aw__sc-1qwuw0s-0 aw__sc-ngllmo-0 epAWpq fzYpjk yle__article__paragraph\">My\u00f6s poliisilla on ollut tavanomaista kiireisemp\u00e4\u00e4 juhannuksen tienoilla.<\/p>\n<p class=\"aw__sc-1qwuw0s-0 aw__sc-ngllmo-0 epAWpq fzYpjk yle__article__paragraph\">Poliisia ovat ty\u00f6llist\u00e4neet muun muassa pahoinpitelyt, p\u00e4ihteit\u00e4 k\u00e4ytt\u00e4neiden h\u00e4irik\u00f6inti sek\u00e4 ratti- ja vesiliikennejuopumukset. My\u00f6s liikenteess\u00e4 on ollut onnettomuuksia ja h\u00e4iri\u00f6it\u00e4.<\/p>\n<p>Mies kuoli pudottuaan parvekkeelta Vantaan Tikkurilassa<\/p>\n<p class=\"aw__sc-1qwuw0s-0 aw__sc-ngllmo-0 epAWpq fzYpjk yle__article__paragraph\">Noin 30-vuotias mies <a class=\"aw__sc-ngllmo-1 bTDnwX yle__article__link\" href=\"https:\/\/yle.fi\/a\/74-20232518\" role=\"link\" rel=\"nofollow noopener\" target=\"_blank\">putosi parvekkeelta<\/a> Vantaan Tikkurilassa ja kuoli.<\/p>\n<p class=\"aw__sc-1qwuw0s-0 aw__sc-ngllmo-0 epAWpq fzYpjk yle__article__paragraph\">Poliisin mukaan mies oli pudonnut juhannusaattona viidennest\u00e4 kerroksesta parvekekaiteen lasituksen l\u00e4pi maahan. Tapahtuneessa ei alustavasti ep\u00e4ill\u00e4 rikosta.<\/p>\n<p>Seitsem\u00e4n\u00adkymppinen nainen l\u00f6ytyi kuolleena vedest\u00e4 Helsingiss\u00e4<\/p>\n<p class=\"aw__sc-1qwuw0s-0 aw__sc-ngllmo-0 epAWpq fzYpjk yle__article__paragraph\">Juhannusaattona noin 70-vuotias nainen <a class=\"aw__sc-ngllmo-1 bTDnwX yle__article__link\" href=\"https:\/\/yle.fi\/a\/74-20232504\" role=\"link\" rel=\"nofollow noopener\" target=\"_blank\">l\u00f6ytyi kuolleena merest\u00e4<\/a> Helsingiss\u00e4.<\/p>\n<p class=\"aw__sc-1qwuw0s-0 aw__sc-ngllmo-0 epAWpq fzYpjk yle__article__paragraph\">Poliisi sai perjantaina noin kello 16.45 h\u00e4t\u00e4keskuksen kautta tiedon, jonka mukaan Lauttasaaren edustalta rantavedest\u00e4 oli l\u00f6ydetty ruumis. Poliisin mukaan nainen oli l\u00e4htenyt uimaan.<\/p>\n<p>Junaliikenne seisahtui Tampereen ja Sein\u00e4joen v\u00e4lill\u00e4<\/p>\n<p class=\"aw__sc-1qwuw0s-0 aw__sc-ngllmo-0 epAWpq fzYpjk yle__article__paragraph\">Juhannusmatkalaisia h\u00e4iritsi <a class=\"aw__sc-ngllmo-1 bTDnwX yle__article__link\" href=\"https:\/\/yle.fi\/a\/74-20232503\" role=\"link\" rel=\"nofollow noopener\" target=\"_blank\">junaliikenteen h\u00e4iri\u00f6<\/a> Tampereen ja Sein\u00e4joen v\u00e4lill\u00e4 juhannusaattona kello 18 j\u00e4lkeen.<\/p>\n<p class=\"aw__sc-1qwuw0s-0 aw__sc-ngllmo-0 epAWpq fzYpjk yle__article__paragraph\">VR:n mukaan vika aiheutti poikkeuksia junaliikenteeseen ja junat Tampereen ja Sein\u00e4joen v\u00e4lill\u00e4 korvattiin h\u00e4iri\u00f6n ajan linja-autoilla.<\/p>\n<p class=\"aw__sc-1qwuw0s-0 aw__sc-ngllmo-0 epAWpq fzYpjk yle__article__paragraph\">Fintrafficin rataliikennekeskus kertoi puolilta\u00f6in, ett\u00e4 rataj\u00e4rjestelm\u00e4vian korjaus saadaan valmiiksi y\u00f6n aikana, ja liikenne palautuu normaaliksi lauantaiaamuun menness\u00e4.<\/p>\n<p>Nainen palasi sammuttamaan palavaa omakotitaloa Kuopiossa ja kuoli<\/p>\n<p class=\"aw__sc-1qwuw0s-0 aw__sc-ngllmo-0 epAWpq fzYpjk yle__article__paragraph\">Nainen kuoli o<a class=\"aw__sc-ngllmo-1 bTDnwX yle__article__link\" href=\"https:\/\/yle.fi\/a\/74-20232490\" role=\"link\" rel=\"nofollow noopener\" target=\"_blank\">makotitalon tulipalossa<\/a> Kuopiossa juhannusaattona.<\/p>\n<p class=\"aw__sc-1qwuw0s-0 aw__sc-ngllmo-0 epAWpq fzYpjk yle__article__paragraph\">Talossa asuneet nainen ja mies olivat olleet sis\u00e4ll\u00e4 talossa tulipalon syttyess\u00e4 ja poistuneet talosta pihalle. Nainen oli mennyt takaisin sis\u00e4lle sammuttamaan paloa ja j\u00e4i palavaan taloon.<\/p>\n<p class=\"aw__sc-1qwuw0s-0 aw__sc-ngllmo-0 epAWpq fzYpjk yle__article__paragraph\">Yksikerroksinen 80-luvulla rakennettu omakotitalo tuhoutui palossa t\u00e4ysin.<\/p>\n<p>Kaksi nuorta loukkaantui vakavasti j\u00e4\u00e4ty\u00e4\u00e4n kaatuneen traktorin alle M\u00e4ntyharjulla<img decoding=\"async\" alt=\"Karttakuva M\u00e4ntyharjusta, jossa on esitetty onnettomuuspaikka punaisella merkinn\u00e4ll\u00e4.\" src=\"https:\/\/www.europesays.com\/fi\/wp-content\/uploads\/2026\/06\/1781870644.jpeg\" loading=\"lazy\" class=\"aw__sc-dklauk-0 LPzKX\"\/><\/p>\n<p>Avaa kuvien katselu<\/p>\n<p>Onnettomuus tapahtui Virransalmentien ja Haapakaskentien risteyksess\u00e4. Kuva: Alina R\u00e4is\u00e4nen \/ Yle, Mapcreator, Openstreetmap<\/p>\n<p class=\"aw__sc-1qwuw0s-0 aw__sc-ngllmo-0 epAWpq fzYpjk yle__article__paragraph\">Kaksi nuorta loukkaantui vakavasti torstai-iltana <a class=\"aw__sc-ngllmo-1 bTDnwX yle__article__link\" href=\"https:\/\/yle.fi\/a\/74-20232489\" role=\"link\" rel=\"nofollow noopener\" target=\"_blank\">traktorin ulosajossa<\/a> M\u00e4ntyharjulla Etel\u00e4-Savossa. Poliisin mukaan traktorilla liikkeell\u00e4 olleet nuoret j\u00e4iv\u00e4t kaatuneen traktorin alle.<\/p>\n<p class=\"aw__sc-1qwuw0s-0 aw__sc-ngllmo-0 epAWpq fzYpjk yle__article__paragraph\">Poliisi ep\u00e4ilee traktoria kuljettanutta nuorta liikenneturvallisuuden vaarantamisesta ja vammantuottamuksesta.<\/p>\n<p>Liikenteess\u00e4 ketjukolareita<\/p>\n<p class=\"aw__sc-1qwuw0s-0 aw__sc-ngllmo-0 epAWpq fzYpjk yle__article__paragraph\">Juhannuksen menoliikenteess\u00e4 tapahtui <a class=\"aw__sc-ngllmo-1 bTDnwX yle__article__link\" href=\"https:\/\/yle.fi\/a\/74-20232352\" role=\"link\" rel=\"nofollow noopener\" target=\"_blank\">nelj\u00e4n auton per\u00e4\u00e4najo<\/a> perjantaina iltap\u00e4iv\u00e4ll\u00e4 Yl\u00f6j\u00e4rvell\u00e4.<\/p>\n<p class=\"aw__sc-1qwuw0s-0 aw__sc-ngllmo-0 epAWpq fzYpjk yle__article__paragraph\">Kolarissa oli osallisina kahdeksan henkil\u00f6\u00e4, mutta heill\u00e4 ei ollut vakavia vammoja.<\/p>\n<p class=\"aw__sc-1qwuw0s-0 aw__sc-ngllmo-0 epAWpq fzYpjk yle__article__paragraph\">My\u00f6s Turunv\u00e4yl\u00e4ll\u00e4 Espoossa sek\u00e4 Lahdenv\u00e4yl\u00e4ll\u00e4 M\u00e4nts\u00e4l\u00e4ss\u00e4 oli ketjukolarit, jotka ruuhkauttivat liikennett\u00e4. Kolareissa kukaan ei loukkaantunut vakavasti.<\/p>\n<p>Nelj\u00e4 ihmist\u00e4 joutui veden varaan veneen kaaduttua Mikkeliss\u00e4 \u2013 yksi hukkui<img decoding=\"async\" alt=\"Kartta n\u00e4ytt\u00e4\u00e4 Louhij\u00e4rven paikan Mikkeliss\u00e4.\" src=\"https:\/\/www.europesays.com\/fi\/wp-content\/uploads\/2026\/06\/1781844142.jpeg\" loading=\"lazy\" class=\"aw__sc-dklauk-0 LPzKX\"\/><\/p>\n<p>Avaa kuvien katselu<\/p>\n<p>Onnettomuus tapahtui Louhij\u00e4rvell\u00e4 Mikkeliss\u00e4. Kuva: Riikka Kurki \/ Yle, Mapcreator, OpenStreetMap<\/p>\n<p class=\"aw__sc-1qwuw0s-0 aw__sc-ngllmo-0 epAWpq fzYpjk yle__article__paragraph\">Yksi ihminen kuoli Mikkeliss\u00e4 Louhij\u00e4rvell\u00e4 <a class=\"aw__sc-ngllmo-1 bTDnwX yle__article__link\" href=\"https:\/\/yle.fi\/a\/74-20232480\" role=\"link\" rel=\"nofollow noopener\" target=\"_blank\">sattuneessa veneonnettomuudessa<\/a> varhain juhannusaattoaamulla. Nelj\u00e4 henkil\u00f6\u00e4 joutui soutuveneen kaaduttua veden varaan. Heist\u00e4 kolme onnistui pelastautumaan saaren rantaan. Pelastuslaitoksen sukeltajat l\u00f6ysiv\u00e4t hukkuneen.<\/p>\n<p class=\"aw__sc-1qwuw0s-0 aw__sc-ngllmo-0 epAWpq fzYpjk yle__article__paragraph\">Poliisin mukaan kenell\u00e4k\u00e4\u00e4n ei ollut k\u00e4yt\u00f6ss\u00e4\u00e4n pelastusliivej\u00e4.<\/p>\n<p>V\u00e4kivaltarikos Vaasan keskustassa \u2013 poliisi etsii kahta miest\u00e4<\/p>\n<p class=\"aw__sc-1qwuw0s-0 aw__sc-ngllmo-0 epAWpq fzYpjk yle__article__paragraph\">Poliisi tutkii juhannusaattona Vaasan keskustassa tapahtunutta <a class=\"aw__sc-ngllmo-1 bTDnwX yle__article__link\" href=\"https:\/\/yle.fi\/a\/74-20232473\" role=\"link\" rel=\"nofollow noopener\" target=\"_blank\">henkeen ja terveyteen kohdistunutta rikosta<\/a> ja pyyt\u00e4\u00e4 yleis\u00f6lt\u00e4 havaintoja tapaukseen mahdollisesti liittyvist\u00e4 henkil\u00f6ist\u00e4.<\/p>\n<p class=\"aw__sc-1qwuw0s-0 aw__sc-ngllmo-0 epAWpq fzYpjk yle__article__paragraph\">Poliisi sai ilmoituksen rikoksesta tiistaina noin kello 10.30. Tapahtumapaikkana oli Asemakatu 37 Vaasan keskustassa.<\/p>\n<p class=\"aw__sc-1qwuw0s-0 aw__sc-ngllmo-0 epAWpq fzYpjk yle__article__paragraph\">Poliisi pyyt\u00e4\u00e4 havaintoja tapahtumapaikalta poistuneesta mieskaksikosta.<\/p>\n<p>Yksi menehtyi Merikarvialla ulosajossa<img decoding=\"async\" alt=\"Kartta n\u00e4ytt\u00e4\u00e4 Merikarvian ja Vaasantien E8 sijainnin Satakunnassa.\" src=\"https:\/\/www.europesays.com\/fi\/wp-content\/uploads\/2026\/06\/1781937495_969_1781846029.jpeg\" loading=\"lazy\" class=\"aw__sc-dklauk-0 LPzKX\"\/><\/p>\n<p>Avaa kuvien katselu<\/p>\n<p>Poliisi l\u00f6ysi Vaasantielt\u00e4 pahoin vaurioituneen auton, joka oli j\u00e4lkien perusteella ajautunut vastaantulevien kaistan yli. Kuva: Riikka Kurki \/ Yle, Mapcreator, OpenStreetMap<\/p>\n<p class=\"aw__sc-1qwuw0s-0 aw__sc-ngllmo-0 epAWpq fzYpjk yle__article__paragraph\">Yksi henkil\u00f6 menehtyi ja toinen loukkaantui vakavasti <a class=\"aw__sc-ngllmo-1 bTDnwX yle__article__link\" href=\"https:\/\/yle.fi\/a\/74-20232458\" role=\"link\" rel=\"nofollow noopener\" target=\"_blank\">auton ulosajossa<\/a> Merikarvialla juhannusaaton aamulla.<\/p>\n<p class=\"aw__sc-1qwuw0s-0 aw__sc-ngllmo-0 epAWpq fzYpjk yle__article__paragraph\">Auto oli j\u00e4lkien perusteella ajautunut vastaantulevien kaistan yli ja auton l\u00e4helt\u00e4 l\u00f6ytyi kaksi henkil\u00f6\u00e4, joista toinen todettiin kuolleeksi. Toisen tila todettiin vakavaksi.<\/p>\n<p>Henkirikokset Somerolla ja Pieks\u00e4m\u00e4ell\u00e4<\/p>\n<p class=\"aw__sc-1qwuw0s-0 aw__sc-ngllmo-0 epAWpq fzYpjk yle__article__paragraph\">Lounais-Suomessa torstaina poliisin <a class=\"aw__sc-ngllmo-1 bTDnwX yle__article__link\" href=\"https:\/\/yle.fi\/a\/74-20232279\" role=\"link\" rel=\"nofollow noopener\" target=\"_blank\">tietoon tullut henkirikos<\/a> Somerolla on ty\u00f6llist\u00e4nyt poliisia tutkinnallisesti. Poliisi otti kaksi miest\u00e4 kiinni ep\u00e4iltyn\u00e4 henkirikoksesta.<\/p>\n<p class=\"aw__sc-1qwuw0s-0 aw__sc-ngllmo-0 epAWpq fzYpjk yle__article__paragraph\">Uhri on yksityisasunnosta l\u00f6ytynyt noin 40-vuotias kuollut mies. Asiaa tutkitaan tappona, eik\u00e4 poliisi viel\u00e4 t\u00e4ss\u00e4 vaiheessa kerro tarkemmin tekov\u00e4linett\u00e4 tai tekoon liittyvi\u00e4 asioita.<\/p>\n<p class=\"aw__sc-1qwuw0s-0 aw__sc-ngllmo-0 epAWpq fzYpjk yle__article__paragraph\">Poliisi tiedottaa asiasta lis\u00e4\u00e4 aikaisintaan maanantaina.<\/p>\n<p class=\"aw__sc-1qwuw0s-0 aw__sc-ngllmo-0 epAWpq fzYpjk yle__article__paragraph\">Pieks\u00e4m\u00e4ell\u00e4 <a class=\"aw__sc-ngllmo-1 bTDnwX yle__article__link\" href=\"https:\/\/yle.fi\/a\/74-20232441\" role=\"link\" rel=\"nofollow noopener\" target=\"_blank\">mies kuoli puukotukseen<\/a> torstai-iltana.<\/p>\n<p class=\"aw__sc-1qwuw0s-0 aw__sc-ngllmo-0 epAWpq fzYpjk yle__article__paragraph\">Poliisin mukaan useamman henkil\u00f6n seurueen v\u00e4lill\u00e4 syntyi tappelu. Yhdell\u00e4 osallisella oli ter\u00e4ase, jolla vahingoitettiin miest\u00e4 vakavasti.<\/p>\n<p class=\"aw__sc-1qwuw0s-0 aw__sc-ngllmo-0 epAWpq fzYpjk yle__article__paragraph\">Uhria elvytettiin tapahtumapaikalla, mutta h\u00e4n menehtyi vammoihinsa. Tapahtumaa tutkitaan tappona ja useampana pahoinpitelyn\u00e4.<\/p>\n","protected":false},"excerpt":{"rendered":"Juhannusaattona tapahtui useita onnettomuuksia. Avaa kuvien katselu Yl\u00f6j\u00e4rvell\u00e4 tapahtui per\u00e4\u00e4najokolari juhannusaattona. Kuva: Lenni Lehtonen \/ Yle Juhannusviikonloppuna sattui&hellip;\n","protected":false},"author":2,"featured_media":281669,"comment_status":"","ping_status":"","sticky":false,"template":"","format":"standard","meta":{"footnotes":"","_share_on_mastodon":"0"},"categories":[12],"tags":[22,23,26,27,33,31,30,17,840,71,683,24,25,28,29,15,837,18,21,1263,32,19,20,1265,16],"class_list":["post-281668","post","type-post","status-publish","format-standard","has-post-thumbnail","category-suomi","tag-breaking-news","tag-breakingnews","tag-featured-news","tag-featurednews","tag-fi","tag-finland","tag-finnish","tag-headlines","tag-hukkuminen","tag-kotimaa","tag-kuolema","tag-latest-news","tag-latestnews","tag-main-news","tag-mainnews","tag-news","tag-onnettomuudet","tag-otsikot","tag-paauutiset","tag-rikosepailyt","tag-suomi","tag-top-stories","tag-topstories","tag-tulipalot","tag-uutiset"],"share_on_mastodon":{"url":"https:\/\/pubeurope.com\/@fi\/116781063023421853","error":""},"_links":{"self":[{"href":"https:\/\/www.europesays.com\/fi\/wp-json\/wp\/v2\/posts\/281668","targetHints":{"allow":["GET"]}}],"collection":[{"href":"https:\/\/www.europesays.com\/fi\/wp-json\/wp\/v2\/posts"}],"about":[{"href":"https:\/\/www.europesays.com\/fi\/wp-json\/wp\/v2\/types\/post"}],"author":[{"embeddable":true,"href":"https:\/\/www.europesays.com\/fi\/wp-json\/wp\/v2\/users\/2"}],"replies":[{"embeddable":true,"href":"https:\/\/www.europesays.com\/fi\/wp-json\/wp\/v2\/comments?post=281668"}],"version-history":[{"count":0,"href":"https:\/\/www.europesays.com\/fi\/wp-json\/wp\/v2\/posts\/281668\/revisions"}],"wp:featuredmedia":[{"embeddable":true,"href":"https:\/\/www.europesays.com\/fi\/wp-json\/wp\/v2\/media\/281669"}],"wp:attachment":[{"href":"https:\/\/www.europesays.com\/fi\/wp-json\/wp\/v2\/media?parent=281668"}],"wp:term":[{"taxonomy":"category","embeddable":true,"href":"https:\/\/www.europesays.com\/fi\/wp-json\/wp\/v2\/categories?post=281668"},{"taxonomy":"post_tag","embeddable":true,"href":"https:\/\/www.europesays.com\/fi\/wp-json\/wp\/v2\/tags?post=281668"}],"curies":[{"name":"wp","href":"https:\/\/api.w.org\/{rel}","templated":true}]}}