{"id":281811,"date":"2026-06-20T10:56:11","date_gmt":"2026-06-20T10:56:11","guid":{"rendered":"https:\/\/www.europesays.com\/fi\/281811\/"},"modified":"2026-06-20T10:56:11","modified_gmt":"2026-06-20T10:56:11","slug":"ruhtinatar-charlene-hurmaa-upealla-asullaan-muutos-elamassa","status":"publish","type":"post","link":"https:\/\/www.europesays.com\/fi\/281811\/","title":{"rendered":"Ruhtinatar Charlene hurmaa upealla asullaan \u2013 muutos el\u00e4m\u00e4ss\u00e4?"},"content":{"rendered":"<p>            Stella Pictures \/ AOP\n        <\/p>\n<p class=\"subtitle \">Ruhtinattaren tyylivalinnat puhuttavat fanien keskuudessa.<\/p>\n<p class=\"article-content article-content-width !bg-background\">Monacon ruhtinatar\u00a0Charlene\u00a0ihastutti hiljattain uudella mekollaan.<\/p>\n<p class=\"font-weight-bold m-font-weight-bold article-content article-content-width !bg-background\">Videolla esitell\u00e4\u00e4n Euroopan rahakkaimmat monarkit:<\/p>\n<p class=\"article-content article-content-width !bg-background\">Muotitietoisuudestaan ja rahassa s\u00e4\u00e4stelem\u00e4tt\u00f6mist\u00e4 tyylivalinnoistaan tunnettu ruhtinatar edusti yhdess\u00e4 perheens\u00e4 kanssa Grimaldien historiallisiin kohteisiin liittyv\u00e4ss\u00e4 tilaisuudessa.<\/p>\n<p class=\"article-content article-content-width !bg-background\">Mukana oli tilaisuuden avannut ruhtinas\u00a0sek\u00e4 parin yhteiset lapset, 12-vuotiaat kaksoset prinssi\u00a0ja prinsessa.<\/p>\n<p class=\"article-content article-content-width !bg-background\">Grimaldien ruhtinassuvun perint\u00f6\u00e4 kunnioitettiin tilaisuudessa, johon saapui p\u00e4\u00e4tt\u00e4ji\u00e4 my\u00f6s monista ranskalaisista ja italialaisista yhteis\u00f6ist\u00e4.<\/p>\n<p class=\"article-content article-content-width !bg-background\">\u2013\u00a0Avajaispuheessaan ruhtinas Albert painotti, ett\u00e4 n\u00e4m\u00e4 tapaamiset ovat osoitus yhteisest\u00e4 historiasta ja ilmaus halusta vahvistaa Monacon ja n\u00e4iden alueiden v\u00e4lisi\u00e4 yst\u00e4vyys-, yhteisty\u00f6- ja vaihdantateit\u00e4, joita yhdist\u00e4\u00e4 Grimaldien perint\u00f6, tilaisuudesta kerrotaan Monacon ruhtinashuoneen Instagram-tilill\u00e4.<\/p>\n<p class=\"article-content article-content-width !bg-background\">\u2013\u00a0Ruhtinassuku tutustui sen j\u00e4lkeen Place du Palais\u2019n aukiolle pystytettyyn n\u00e4yttelykyl\u00e4\u00e4n, jossa he tapasivat paikalle saapuneita valtuutettuja, k\u00e4sity\u00f6l\u00e4isi\u00e4, tuottajia ja vierailijoita, jotka toivat esille t\u00e4t\u00e4 yhteist\u00e4 kulttuuriperint\u00f6\u00e4.<\/p>\n<p>        <a itemprop=\"url\" href=\"https:\/\/www.seiska.fi\/kuninkaalliset\/ruhtinatar-charlene-poikkeuksellinen-veto\/2168484\" rel=\"nofollow noopener\" target=\"_blank\"><\/p>\n<p>\nRuhtinatar Charlene\n<\/p>\n<p class=\"section-date\">\n        <strong class=\"article-section\" data-section=\"kuninkaalliset\"><br \/>\n            kuninkaalliset<br \/>\n        <\/strong><br \/>\n        2.6. 11:05\n    <\/p>\n<p>Ruhtinatar Charlene: Poikkeuksellinen veto\n    <\/p>\n<p itemprop=\"description\" class=\"subtitle \">\n    Ruhtinattarelta kuultiin poikkeuksellinen tervehdys.\n<\/p>\n<p>        <\/a><\/p>\n<p>Kes\u00e4inen asu<\/p>\n<p class=\"article-content article-content-width !bg-background\">Ruhtinatar Charlenen l\u00e4htiess\u00e4 edustamaan perhett\u00e4\u00e4n, on taattua, ett\u00e4 h\u00e4nell\u00e4 on yll\u00e4\u00e4n n\u00e4ytt\u00e4v\u00e4 asu. T\u00e4ll\u00e4 kertaa h\u00e4n valitsi k\u00e4ytt\u00f6\u00f6ns\u00e4 Zimmermannin mekon, jonka tunnisti <a href=\"https:\/\/www.instagram.com\/p\/DZldSfTAcSp\/\" target=\"_blank\" rel=\"nofollow noopener\">Royal fashion police<\/a>.<\/p>\n<p class=\"article-content article-content-width !bg-background\">Noin 800 euron arvoisen kes\u00e4mekkonsa h\u00e4n yhdisti Fendin aurinkolaseihin.<\/p>\n<p class=\"article-content article-content-width !bg-background\">Nilkkamittainen, kes\u00e4isen liehuva leninki her\u00e4tti kuninkaallisfanien huomion, ja moni kehuu asuvalintaa suoranaiseksi nappisuoritukseksi.<\/p>\n<p class=\"article-content article-content-width !bg-background\">\u2013 N\u00e4in pukeudutaan maximekkoon! H\u00e4n n\u00e4ytt\u00e4\u00e4 tyrm\u00e4\u00e4v\u00e4lt\u00e4, ihailee er\u00e4s kommentoija.<\/p>\n<p class=\"article-content article-content-width !bg-background\">Toisen fanin mukaan Charlenen asut ovat yll\u00e4tt\u00e4neet positiivisesti jo pidemm\u00e4n aikaa, ja samaan pohdintaan yhtyv\u00e4t muutkin.<\/p>\n<p class=\"article-content article-content-width !bg-background\">\u2013 H\u00e4nell\u00e4 on mennyt vahvasti viime aikoina. Uusi stylisti? arvaillaan er\u00e4\u00e4ss\u00e4 kommentissa.<\/p>\n<p class=\"article-content article-content-width !bg-background\">Ruhtinattaren stylistist\u00e4 ei ole tarkkaa tietoa, mutta esimerkiksi <a href=\"https:\/\/www.tatler.com\/gallery\/princess-charlene-of-monaco-style-evolution\" target=\"_blank\" rel=\"nofollow noopener\">Tatler<\/a> on kirjoittanut h\u00e4nen muuttaneen tyyli\u00e4 viime vuosien aikana pehme\u00e4mp\u00e4\u00e4n suuntaan.<\/p>\n<p>        <a itemprop=\"url\" href=\"https:\/\/www.seiska.fi\/kuninkaalliset\/ruhtinatar-charlene-kuvattiin-yllattavissa-puuhissa\/2152174\" rel=\"nofollow noopener\" target=\"_blank\"><\/p>\n<p>\nRuhtinatar Charlene\n<\/p>\n<p class=\"section-date\">\n        <strong class=\"article-section\" data-section=\"kuninkaalliset\"><br \/>\n            kuninkaalliset<br \/>\n        <\/strong><br \/>\n        16.5. 08:00\n    <\/p>\n<p>Ruhtinatar Charlene kuvattiin yll\u00e4tt\u00e4viss\u00e4 puuhissa\n    <\/p>\n<p itemprop=\"description\" class=\"subtitle \">\n    Ruhtinattarella oli erikoislaatuinen teht\u00e4v\u00e4.\n<\/p>\n<p>        <\/a><\/p>\n<p>                <img decoding=\"async\" src=\"https:\/\/www.europesays.com\/fi\/wp-content\/uploads\/2026\/06\/2184482.webp\" width=\"576\" height=\"322\" alt=\"Ruhtinattaren asu oli kerrassaan kes\u00e4inen.\" loading=\"lazy\" \/>            <\/p>\n<p>\n            Ruhtinattaren asu oli kerrassaan kes\u00e4inen.<br \/>\n            Stella Pictures \/ AOP\n        <\/p>\n<p><script async src=\"\/\/www.instagram.com\/embed.js\"><\/script><\/p>\n","protected":false},"excerpt":{"rendered":"Stella Pictures \/ AOP Ruhtinattaren tyylivalinnat puhuttavat fanien keskuudessa. Monacon ruhtinatar\u00a0Charlene\u00a0ihastutti hiljattain uudella mekollaan. Videolla esitell\u00e4\u00e4n Euroopan rahakkaimmat&hellip;\n","protected":false},"author":2,"featured_media":281812,"comment_status":"","ping_status":"","sticky":false,"template":"","format":"standard","meta":{"footnotes":"","_share_on_mastodon":"0"},"categories":[130],"tags":[137,33,31,30,37856,212,2637,106,7070,2643,32,2677,109],"class_list":["post-281811","post","type-post","status-publish","format-standard","has-post-thumbnail","category-viihde","tag-entertainment","tag-fi","tag-finland","tag-finnish","tag-grimaldit","tag-lifestyle","tag-monaco","tag-muoti","tag-ruhtinas-albert","tag-ruhtinatar-charlene","tag-suomi","tag-tyyli","tag-viihde"],"share_on_mastodon":{"url":"https:\/\/pubeurope.com\/@fi\/116782077864215306","error":""},"_links":{"self":[{"href":"https:\/\/www.europesays.com\/fi\/wp-json\/wp\/v2\/posts\/281811","targetHints":{"allow":["GET"]}}],"collection":[{"href":"https:\/\/www.europesays.com\/fi\/wp-json\/wp\/v2\/posts"}],"about":[{"href":"https:\/\/www.europesays.com\/fi\/wp-json\/wp\/v2\/types\/post"}],"author":[{"embeddable":true,"href":"https:\/\/www.europesays.com\/fi\/wp-json\/wp\/v2\/users\/2"}],"replies":[{"embeddable":true,"href":"https:\/\/www.europesays.com\/fi\/wp-json\/wp\/v2\/comments?post=281811"}],"version-history":[{"count":0,"href":"https:\/\/www.europesays.com\/fi\/wp-json\/wp\/v2\/posts\/281811\/revisions"}],"wp:featuredmedia":[{"embeddable":true,"href":"https:\/\/www.europesays.com\/fi\/wp-json\/wp\/v2\/media\/281812"}],"wp:attachment":[{"href":"https:\/\/www.europesays.com\/fi\/wp-json\/wp\/v2\/media?parent=281811"}],"wp:term":[{"taxonomy":"category","embeddable":true,"href":"https:\/\/www.europesays.com\/fi\/wp-json\/wp\/v2\/categories?post=281811"},{"taxonomy":"post_tag","embeddable":true,"href":"https:\/\/www.europesays.com\/fi\/wp-json\/wp\/v2\/tags?post=281811"}],"curies":[{"name":"wp","href":"https:\/\/api.w.org\/{rel}","templated":true}]}}