{"id":281935,"date":"2026-06-20T14:51:13","date_gmt":"2026-06-20T14:51:13","guid":{"rendered":"https:\/\/www.europesays.com\/fi\/281935\/"},"modified":"2026-06-20T14:51:13","modified_gmt":"2026-06-20T14:51:13","slug":"yksi-kuoli-tavarajunien-tormayksessa-munchenissa-uutisia-lyhyesti","status":"publish","type":"post","link":"https:\/\/www.europesays.com\/fi\/281935\/","title":{"rendered":"Yksi kuoli tavarajunien t\u00f6rm\u00e4yksess\u00e4 M\u00fcncheniss\u00e4 | Uutisia lyhyesti"},"content":{"rendered":"<p><img decoding=\"async\" alt=\"Kaksi pelastusty\u00f6ntekij\u00e4\u00e4 tarkkailee sillalta pudonneita vaunuja junaradan varrella.\" src=\"https:\/\/www.europesays.com\/fi\/wp-content\/uploads\/2026\/06\/1781951005.jpeg\" class=\"aw__sc-dklauk-0 LPzKX\"\/><\/p>\n<p>Avaa kuvien katselu<\/p>\n<p>Pelastajat tutkivat sillalta pudonneita junavaunuja M\u00fcncheniss\u00e4 lauantaina 20. kes\u00e4kuuta. Kuva: Stefan Puchner \/ Dpa \/ Reuters<\/p>\n<p>12:42\u2022P\u00e4ivitetty 12:46<\/p>\n<p class=\"aw__sc-1qwuw0s-0 aw__sc-ngllmo-0 epAWpq fzYpjk yle__article__paragraph\">Yksi ihminen on kuollut kahden tavarajunan t\u00f6rm\u00e4tty\u00e4 sillalla M\u00fcncheniss\u00e4 lauantain varhaisina tunteina. T\u00f6rm\u00e4yksess\u00e4 kaksi vaunua suistui kiskoilta ja putosi alla olevalle kadulle, paikallinen poliisi kertoo.<\/p>\n<p class=\"aw__sc-1qwuw0s-0 aw__sc-ngllmo-0 epAWpq fzYpjk yle__article__paragraph\">Onnettomuuden syyt\u00e4 tutkitaan, poliisin tiedottaja kertoi Reutersille.<\/p>\n<p class=\"aw__sc-1qwuw0s-0 aw__sc-ngllmo-0 epAWpq fzYpjk yle__article__paragraph\">Pelastusviranomaiset h\u00e4lytettiin t\u00f6rm\u00e4yspaikalle M\u00fcnchenin pohjoisella Milbertshofenin alueella hieman ennen kahta y\u00f6ll\u00e4 paikallista aikaa. Paikalle l\u00e4hetettiin noin 60 pelastajaa, palolaitoksen tiedottaja kertoi.<\/p>\n<p class=\"aw__sc-1qwuw0s-0 aw__sc-ngllmo-0 epAWpq fzYpjk yle__article__paragraph\">Reuters<\/p>\n","protected":false},"excerpt":{"rendered":"Avaa kuvien katselu Pelastajat tutkivat sillalta pudonneita junavaunuja M\u00fcncheniss\u00e4 lauantaina 20. kes\u00e4kuuta. Kuva: Stefan Puchner \/ Dpa \/&hellip;\n","protected":false},"author":2,"featured_media":281936,"comment_status":"","ping_status":"","sticky":false,"template":"","format":"standard","meta":{"footnotes":"","_share_on_mastodon":"0"},"categories":[158],"tags":[33,31,30,2455,683,990,12498,837,857,1711,159,32,12236,56,160],"class_list":["post-281935","post","type-post","status-publish","format-standard","has-post-thumbnail","category-urheilu","tag-fi","tag-finland","tag-finnish","tag-hengenvaara-ja-loukkaantuminen","tag-kuolema","tag-liikenneonnettomuudet","tag-munchen","tag-onnettomuudet","tag-pelastustoiminta","tag-rautatieliikenne","tag-sports","tag-suomi","tag-tavarajuna","tag-ulkomaat","tag-urheilu"],"share_on_mastodon":{"url":"https:\/\/pubeurope.com\/@fi\/116783001777003430","error":""},"_links":{"self":[{"href":"https:\/\/www.europesays.com\/fi\/wp-json\/wp\/v2\/posts\/281935","targetHints":{"allow":["GET"]}}],"collection":[{"href":"https:\/\/www.europesays.com\/fi\/wp-json\/wp\/v2\/posts"}],"about":[{"href":"https:\/\/www.europesays.com\/fi\/wp-json\/wp\/v2\/types\/post"}],"author":[{"embeddable":true,"href":"https:\/\/www.europesays.com\/fi\/wp-json\/wp\/v2\/users\/2"}],"replies":[{"embeddable":true,"href":"https:\/\/www.europesays.com\/fi\/wp-json\/wp\/v2\/comments?post=281935"}],"version-history":[{"count":0,"href":"https:\/\/www.europesays.com\/fi\/wp-json\/wp\/v2\/posts\/281935\/revisions"}],"wp:featuredmedia":[{"embeddable":true,"href":"https:\/\/www.europesays.com\/fi\/wp-json\/wp\/v2\/media\/281936"}],"wp:attachment":[{"href":"https:\/\/www.europesays.com\/fi\/wp-json\/wp\/v2\/media?parent=281935"}],"wp:term":[{"taxonomy":"category","embeddable":true,"href":"https:\/\/www.europesays.com\/fi\/wp-json\/wp\/v2\/categories?post=281935"},{"taxonomy":"post_tag","embeddable":true,"href":"https:\/\/www.europesays.com\/fi\/wp-json\/wp\/v2\/tags?post=281935"}],"curies":[{"name":"wp","href":"https:\/\/api.w.org\/{rel}","templated":true}]}}