{"id":281961,"date":"2026-06-20T15:36:11","date_gmt":"2026-06-20T15:36:11","guid":{"rendered":"https:\/\/www.europesays.com\/fi\/281961\/"},"modified":"2026-06-20T15:36:11","modified_gmt":"2026-06-20T15:36:11","slug":"sami-sarjula-ilouutinen-seiska","status":"publish","type":"post","link":"https:\/\/www.europesays.com\/fi\/281961\/","title":{"rendered":"Sami Sarjula: Ilouutinen! | Seiska"},"content":{"rendered":"<p>\n            20140510, Helsinki Ex-salkkarit\u00c3\u00a4hti Sami Sarjula keikalla Scandianvian Hunksien kanssa. Kuvassa  n\u00c3\u00a4yttelij\u00c3\u00a4 Sami Sarjula. Seiska \/ Atte Kajova<br \/>\n            Atte Kajova\n        <\/p>\n<p class=\"subtitle \">Samilla on kaksi miljoonaa syyt\u00e4 hymyyn.<\/p>\n<p class=\"article-content article-content-width !bg-background\">, 47, tunnetaan kenties parhaiten pitk\u00e4aikaisesta roolistaan Salattujen El\u00e4mien Ossi Puolakkana. Samia n\u00e4htiin Pihlajakadulla tasaisesti vuodesta 2004 aina joulukuun 2013 alkuun.\u00a0Paluun rooliinsa &#8221;Ossi&#8221; teki vuonna 2018, kun Salkkareiden spin-off Pihjalasatu n\u00e4ki p\u00e4iv\u00e4nvalon.<\/p>\n<p class=\"article-content article-content-width !bg-background\">Muuten miest\u00e4 ei tv-ruuduissa ole n\u00e4kynyt. Se ei kuitenkaan tarkoita sit\u00e4, etteik\u00f6 salkkarihurmuri viihdytt\u00e4isi kansaa edelleen: my\u00f6s musiikin muodossa.<\/p>\n<p class=\"article-content article-content-width !bg-background\">Nyt Lohjalla rauhaisaa el\u00e4m\u00e4\u00e4 viett\u00e4v\u00e4 Sami saavutti uuden virstanpylv\u00e4\u00e4n. Vuonna 2022 ilmestynyt Ei oo helppoo olla mies -kappale ylitti kultalevyyn oikeuttavan rajan, 2 000 000 striimausta.<\/p>\n<p class=\"article-content article-content-width !bg-background\">\u00a0eli  ja \u00a0oikealta nimelt\u00e4\u00e4n ,\u00a0viraalihitiksi nousseella biisill\u00e4 kertos\u00e4keet laulava Sami paljastaa p\u00e4\u00e4tyneens\u00e4 biisille yhteisen harrastuksen, rallin, kautta.<\/p>\n<p class=\"article-content article-content-width !bg-background\"> \u2013 P\u00e4\u00e4dyin yhteisten yst\u00e4viemme kautta kaksikon ralli-aiheiselle musavideolle, Sami kertaa Seiskalle.<\/p>\n<p class=\"article-content article-content-width !bg-background\">Juttu kulki, ja siit\u00e4 yhteisty\u00f6 sitten l\u00e4hti. Lopputuloksena oli miehuuden vaikeudesta itseironisesti kertova kappale.\u00a0<\/p>\n<p>        <a itemprop=\"url\" href=\"https:\/\/www.seiska.fi\/kotimaa\/ohhoh-salkkarit-komistus-iski-nuoren-blondin-yhteiskuvat\/2003452\" rel=\"nofollow noopener\" target=\"_blank\"><\/p>\n<p>\nYhteiskuvat\n<\/p>\n<p class=\"section-date\">\n        <strong class=\"article-section\" data-section=\"kotimaa\"><br \/>\n            kotimaa<br \/>\n        <\/strong><br \/>\n        26.11.2025 06:30\n    <\/p>\n<p>Ohhoh! Salkkarit-komistus iski nuoren blondin \u2013 yhteiskuvat!\n    <\/p>\n<p itemprop=\"description\" class=\"subtitle \">\n    Sami Sarjulan el\u00e4m\u00e4ss\u00e4 puhaltavat uudet, romanttiset tuulet.\n<\/p>\n<p>        <\/a><\/p>\n<p class=\"article-content article-content-width !bg-background\"> \u2013 Emme osanneet edes ajatella, ett\u00e4 se saisi noin hyv\u00e4n vastaanoton kuulijoilta, Sami sanoo.<\/p>\n<p>Ensimm\u00e4inen kultalevy<\/p>\n<p class=\"article-content article-content-width !bg-background\">Joka tapauksessa, sinkku toi kultalevyn. Se on l\u00f6yt\u00e4nyt tiens\u00e4 kunniapaikalle.<\/p>\n<p class=\"article-content article-content-width !bg-background\"> \u2013 Ei nyt ihan olohuoneen hyllyll\u00e4, mutta n\u00e4ytt\u00e4v\u00e4ll\u00e4 paikalla se on, Sami naurahtaa.\u00a0<\/p>\n<p>        <a itemprop=\"url\" href=\"https:\/\/www.seiska.fi\/kotimaa\/harvinainen-kuva-talta-entinen-salkkarit-tahti-sami-sarjula-nayttaa-nyt\/1420201\" rel=\"nofollow noopener\" target=\"_blank\"><\/p>\n<p class=\"section-date\">\n        <strong class=\"article-section\" data-section=\"kotimaa\"><br \/>\n            kotimaa<br \/>\n        <\/strong><br \/>\n        31.7.2024 18:00\n    <\/p>\n<p>Harvinainen kuva! T\u00e4lt\u00e4 entinen Salkkarit-t\u00e4hti Sami Sarjula n\u00e4ytt\u00e4\u00e4 nyt\n    <\/p>\n<p itemprop=\"description\" class=\"subtitle \">\n    Salkkareiden lis\u00e4ksi Scandinavian Hunks &#8211; showtanssiryhm\u00e4st\u00e4.\n<\/p>\n<p>        <\/a><\/p>\n<p class=\"article-content article-content-width !bg-background\"> \u2013 Kun sen ohi kulkee, niin hauska katsella, ett\u00e4 t\u00e4llainenkin on tullut matkan varrella. <\/p>\n<p class=\"article-content article-content-width !bg-background\">Levyk\u00e4isen tarkka sijainti j\u00e4\u00e4 kuitenkin mysteeriksi.<\/p>\n<p>                <img decoding=\"async\" src=\"https:\/\/www.europesays.com\/fi\/wp-content\/uploads\/2026\/06\/2186089.webp\" width=\"576\" height=\"639\" title=\"Musiikin lis\u00e4ksi Sami tekee uraa autoliikkeess\u00e4.\" alt=\"Sami Sarjula poseeraa kultalevy kainalossaan\" loading=\"lazy\" \/>            <\/p>\n<p>\n            Musiikin lis\u00e4ksi Sami tekee uraa autoliikkeess\u00e4.<br \/>\n            Sami Sarjulan kotialbumi\n        <\/p>\n<p>Rakkautta riitt\u00e4\u00e4<\/p>\n<p class=\"article-content article-content-width !bg-background\">Muutoin entisen Hunks -tanssijan el\u00e4m\u00e4 kulkee raiteillaan.\u00a0<\/p>\n<p class=\"article-content article-content-width !bg-background\">Viime marraskuussa Sami saapui Tanssii t\u00e4htien kanssa -ohjelman punaiselle matolle yhdess\u00e4 Salli-rakkaansa kanssa. Parin el\u00e4m\u00e4 hymyilee.<\/p>\n<p class=\"article-content article-content-width !bg-background\"> \u2013 Olemme Sallin kanssa onnellisesti yhdess\u00e4, Sami myh\u00e4ilee.<\/p>\n<p>                <img decoding=\"async\" src=\"https:\/\/www.europesays.com\/fi\/wp-content\/uploads\/2026\/06\/2003641.webp\" width=\"576\" height=\"322\" alt=\"Sami Sarjula ja Salli-rakas py\u00f6r\u00e4htiv\u00e4t punaisella matolla ennen marraskuisen TTK-finaalil\u00e4hetyksen alkua.\" loading=\"lazy\" \/>            <\/p>\n<p>\n            Sami Sarjula ja Salli-rakas py\u00f6r\u00e4htiv\u00e4t punaisella matolla ennen marraskuisen TTK-finaalil\u00e4hetyksen alkua.<br \/>\n            Matti Matikainen\n        <\/p>\n<p class=\"article-content article-content-width !bg-background\">Pari ei asu yhdess\u00e4, mutta kes\u00e4menot ovat jo selvill\u00e4: jos kes\u00e4inen aurinko hellii, uimaranta kutsuu. Ja jos ei, niin ei h\u00e4t\u00e4\u00e4. Kulttuuririentojakin riitt\u00e4\u00e4.<\/p>\n<p>        <a itemprop=\"url\" href=\"https:\/\/www.seiska.fi\/kotimaa\/seksisymbolien-shokki-ilmoitus-scandinavian-hunks-lopettaa-20-vuoden-jalkeen-nyt-on-tullut-aika-jattaa-hyvastit\/1805542\" rel=\"nofollow noopener\" target=\"_blank\"><\/p>\n<p class=\"section-date\">\n        <strong class=\"article-section\" data-section=\"kotimaa\"><br \/>\n            kotimaa<br \/>\n        <\/strong><br \/>\n        30.9.2021 12:42\n    <\/p>\n<p>Seksisymbolien shokki-ilmoitus: Scandinavian Hunks lopettaa 20 vuoden j\u00e4lkeen: &#8221;Nyt on tullut aika j\u00e4tt\u00e4\u00e4 hyv\u00e4stit&#8221;\n    <\/p>\n<p>        <\/a><\/p>\n<p class=\"article-content article-content-width !bg-background\"> \u2013 K\u00e4ymme katsomassa stand-upia ja leffoja. Ja tietenkin n\u00e4emme yst\u00e4vi\u00e4.<\/p>\n<p class=\"article-content article-content-width !bg-background\"> \u2013 Viemme lapsia erilaisiin kes\u00e4huvipuistoihin. Aikalailla sellaista perhe-el\u00e4m\u00e4\u00e4 yhdess\u00e4. Nautimme s\u00e4\u00e4st\u00e4\u00a0\u2013 ja toisistamme, Sami p\u00e4\u00e4tt\u00e4\u00e4.<\/p>\n","protected":false},"excerpt":{"rendered":"20140510, Helsinki Ex-salkkarit\u00c3\u00a4hti Sami Sarjula keikalla Scandianvian Hunksien kanssa. Kuvassa n\u00c3\u00a4yttelij\u00c3\u00a4 Sami Sarjula. Seiska \/ Atte Kajova Atte&hellip;\n","protected":false},"author":2,"featured_media":281962,"comment_status":"","ping_status":"","sticky":false,"template":"","format":"standard","meta":{"footnotes":"","_share_on_mastodon":"0"},"categories":[136],"tags":[407,37864,137,33,31,30,37863,408,12045,47,37862,98,1311,209,22598,32,903,109],"class_list":["post-281961","post","type-post","status-publish","format-standard","has-post-thumbnail","category-julkkikset","tag-celebrities","tag-ei-oo-helppoo-olla-mies","tag-entertainment","tag-fi","tag-finland","tag-finnish","tag-inde-morjesta","tag-julkkikset","tag-kultalevy","tag-musiikki","tag-neemu","tag-perhe","tag-rakkaus","tag-salatut-elamat","tag-sami-sarjula","tag-suomi","tag-tanssii-tahtien-kanssa","tag-viihde"],"share_on_mastodon":{"url":"https:\/\/pubeurope.com\/@fi\/116783178877304348","error":""},"_links":{"self":[{"href":"https:\/\/www.europesays.com\/fi\/wp-json\/wp\/v2\/posts\/281961","targetHints":{"allow":["GET"]}}],"collection":[{"href":"https:\/\/www.europesays.com\/fi\/wp-json\/wp\/v2\/posts"}],"about":[{"href":"https:\/\/www.europesays.com\/fi\/wp-json\/wp\/v2\/types\/post"}],"author":[{"embeddable":true,"href":"https:\/\/www.europesays.com\/fi\/wp-json\/wp\/v2\/users\/2"}],"replies":[{"embeddable":true,"href":"https:\/\/www.europesays.com\/fi\/wp-json\/wp\/v2\/comments?post=281961"}],"version-history":[{"count":0,"href":"https:\/\/www.europesays.com\/fi\/wp-json\/wp\/v2\/posts\/281961\/revisions"}],"wp:featuredmedia":[{"embeddable":true,"href":"https:\/\/www.europesays.com\/fi\/wp-json\/wp\/v2\/media\/281962"}],"wp:attachment":[{"href":"https:\/\/www.europesays.com\/fi\/wp-json\/wp\/v2\/media?parent=281961"}],"wp:term":[{"taxonomy":"category","embeddable":true,"href":"https:\/\/www.europesays.com\/fi\/wp-json\/wp\/v2\/categories?post=281961"},{"taxonomy":"post_tag","embeddable":true,"href":"https:\/\/www.europesays.com\/fi\/wp-json\/wp\/v2\/tags?post=281961"}],"curies":[{"name":"wp","href":"https:\/\/api.w.org\/{rel}","templated":true}]}}