{"id":282041,"date":"2026-06-20T17:58:16","date_gmt":"2026-06-20T17:58:16","guid":{"rendered":"https:\/\/www.europesays.com\/fi\/282041\/"},"modified":"2026-06-20T17:58:16","modified_gmt":"2026-06-20T17:58:16","slug":"nain-paljon-trumpin-sota-lahi-idassa-on-maksanut-nelja-kuukautta-kestaneen-konfliktin-kulut-huimaavat-paata-ulkomaat","status":"publish","type":"post","link":"https:\/\/www.europesays.com\/fi\/282041\/","title":{"rendered":"N\u00e4in paljon Trumpin sota L\u00e4hi-id\u00e4ss\u00e4 on maksanut \u2013 nelj\u00e4 kuukautta kest\u00e4neen konfliktin kulut huimaavat p\u00e4\u00e4t\u00e4 | Ulkomaat"},"content":{"rendered":"<p class=\"aw__sc-1qwuw0s-0 aw__sc-1vg2sqm-0 epAWpq ecELkD yle__article__paragraph\">Iranin sodan rahalliset ja inhimilliset kustannukset ovat korkeat.<\/p>\n<p>Nelj\u00e4 kuukautta kest\u00e4neen sodan hinta lasketaan sadoissa miljardeissa. Kuval\u00e4hde: Reuters. Editointi: Roni Kuronen<\/p>\n<p>17:29\u2022P\u00e4ivitetty 19:05<\/p>\n<ul class=\"aw__sc-1yb43iq-0 gFXHv yle__article__list yle__article__list--ul\">\n<li class=\"aw__sc-1yb43iq-1 gVAzbt\">Pentagon pyyt\u00e4\u00e4 Yhdysvalloilta lis\u00e4rahoitusta 70 miljardia euroa Iranin ja Israelin sotaan.<\/li>\n<li class=\"aw__sc-1yb43iq-1 gVAzbt\">Yhdysvallat on k\u00e4ytt\u00e4nyt yli puolet Patriot-ohjuksistaan. Varastojen t\u00e4ydent\u00e4minen kest\u00e4\u00e4 yli kuusi vuotta.<\/li>\n<li class=\"aw__sc-1yb43iq-1 gVAzbt\">Sodassa on kuollut noin 7 250 ihmist\u00e4. Eniten uhreja on Libanonissa, jossa 3 700 kuoli.<\/li>\n<li class=\"aw__sc-1yb43iq-1 gVAzbt\">Iranin j\u00e4lleenrakentaminen maksaa 260 miljardia euroa. Yhdysvallat sitoutui korvaamaan vahinkoja saman verran.<\/li>\n<\/ul>\n<p class=\"aw__sc-1qwuw0s-0 aw__sc-ngllmo-0 epAWpq fzYpjk yle__article__paragraph\">Sodank\u00e4ynti on tunnetusti kallista. Yhdysvaltain ja Israelin helmikuussa aloittama sota Irania vastaan ei ole poikkeus.<\/p>\n<p class=\"aw__sc-1qwuw0s-0 aw__sc-ngllmo-0 epAWpq fzYpjk yle__article__paragraph\">Sodan kuluja ovat selvitt\u00e4neet muun muassa amerikkalaislehti <a class=\"aw__sc-ngllmo-1 bTDnwX yle__article__link\" href=\"https:\/\/www.nytimes.com\/2026\/06\/19\/us\/politics\/iran-war-costs-deaths.html\" role=\"link\" rel=\"nofollow noopener\" target=\"_blank\">The New York Times<\/a> ja yhdysvaltalainen ajatushautomo <a class=\"aw__sc-ngllmo-1 bTDnwX yle__article__link\" href=\"https:\/\/www.cfr.org\/articles\/was-it-worth-it-the-true-cost-of-trumps-iran-war\" role=\"link\" rel=\"nofollow noopener\" target=\"_blank\">Council of Foreign relations<\/a>.<\/p>\n<p class=\"aw__sc-1qwuw0s-0 aw__sc-ngllmo-0 epAWpq fzYpjk yle__article__paragraph\">Yhdysvaltalaisen Moody\u2019s-konsernin analytiikkaosasto arvioi, ett\u00e4 sota on toistaiseksi maksanut amerikkalaisille kuluttajille ja veronmaksajille 115 miljardia euroa. Valtaosa kuluista koostuu polttoaineen hinnan noususta bensapumpuilla.<\/p>\n<p class=\"aw__sc-1qwuw0s-0 aw__sc-ngllmo-0 epAWpq fzYpjk yle__article__paragraph\">T\u00e4m\u00e4 ei suinkaan ole ainoa tapa, jolla sodan kustannuksia voidaan mitata.<\/p>\n<p>Sodan kulut<\/p>\n<p class=\"aw__sc-1qwuw0s-0 aw__sc-ngllmo-0 epAWpq fzYpjk yle__article__paragraph\">Yhdysvaltain puolustusministeri\u00f6 ilmoitti viime kuussa maan kongressille, ett\u00e4 sota on maksanut Yhdysvalloille 25 miljardia euroa.<\/p>\n<p class=\"aw__sc-1qwuw0s-0 aw__sc-ngllmo-0 epAWpq fzYpjk yle__article__paragraph\">Arviossa ei kuitenkaan huomioitu Yhdysvaltain L\u00e4hi-id\u00e4n tukikohtien k\u00e4rsimien vaurioiden korjaamiseen tarvittavia kuluja. L\u00e4hi-it\u00e4\u00e4n sijoitettujen joukkojen ja kaluston yll\u00e4pitokustannuksia ei my\u00f6sk\u00e4\u00e4n huomioitu laskelmassa.<\/p>\n<p class=\"aw__sc-1qwuw0s-0 aw__sc-ngllmo-0 epAWpq fzYpjk yle__article__paragraph\"><a class=\"aw__sc-ngllmo-1 bTDnwX yle__article__link\" href=\"https:\/\/www.wsj.com\/politics\/national-security\/pentagon-tells-lawmakers-it-needs-80-billion-for-iran-war-and-other-bills-c4b8ff91?st=TkKsVw&amp;reflink=article_email_share\" role=\"link\" rel=\"nofollow noopener\" target=\"_blank\">The Wall Street Journal<\/a> kertoi taannoin Pentagonin pyyt\u00e4v\u00e4n sotaansa lis\u00e4rahoitusta 70 miljardin euron edest\u00e4.<\/p>\n<p class=\"aw__sc-1qwuw0s-0 aw__sc-ngllmo-0 epAWpq fzYpjk yle__article__paragraph\">Yhdysvaltojen tarvitsee esimerkiksi huoltaa tai korvata 42 miehitetty\u00e4 ja miehitt\u00e4m\u00e4t\u00f6nt\u00e4 sotilaskonetta, jotka se on menett\u00e4nyt sodassa.<\/p>\n<p><img decoding=\"async\" alt=\"Nainen k\u00e4veli Teheraniin maalatun katumuraalin ohi 3. kes\u00e4kuuta 2026.\" src=\"https:\/\/www.europesays.com\/fi\/wp-content\/uploads\/2026\/06\/1781956400.jpeg\" loading=\"lazy\" class=\"aw__sc-dklauk-0 LPzKX\"\/><\/p>\n<p>Avaa kuvien katselu<\/p>\n<p>Nainen k\u00e4veli Teheraniin maalatun katumuraalin ohi 3. kes\u00e4kuuta 2026. Kuva: Abedin Taherkenareh \/ EPA<\/p>\n<p class=\"aw__sc-1qwuw0s-0 aw__sc-ngllmo-0 epAWpq fzYpjk yle__article__paragraph\">Yhdysvallat joutuu korvaamaan my\u00f6s yli tuhat laukaisemaansa Tomahawk-ohjusta ja 1\u00a0500 korkeatasoista ilmatorjuntaohjusta.<\/p>\n<p class=\"aw__sc-1qwuw0s-0 aw__sc-ngllmo-0 epAWpq fzYpjk yle__article__paragraph\">Yhdysvaltojen arvioidaan k\u00e4ytt\u00e4neen sodassa yli puolet Patriot-ohjuksistaan, joita Ukraina kaipaa kipe\u00e4sti ilmapuolustuksensa vahvistamiseksi.<\/p>\n<p class=\"aw__sc-1qwuw0s-0 aw__sc-ngllmo-0 epAWpq fzYpjk yle__article__paragraph\">Yksi Patriot-ohjus <a class=\"aw__sc-ngllmo-1 bTDnwX yle__article__link\" href=\"https:\/\/yle.fi\/a\/74-20183127\" role=\"link\" rel=\"nofollow noopener\" target=\"_blank\">maksaa arviolta<\/a> 3,5 miljoonaa euroa. Ammusvarastojen t\u00e4ydent\u00e4minen on kallista ja voi kest\u00e4\u00e4 Yhdysvalloilta yli kuusi vuotta, Council of Foreign relations -ajatushautomo arvioi.<\/p>\n<p class=\"aw__sc-1qwuw0s-0 aw__sc-ngllmo-0 epAWpq fzYpjk yle__article__paragraph\">T\u00e4m\u00e4n johdosta Yhdysvallat on aiempaa heikommin varautunut vastaamaan esimerkiksi Ven\u00e4j\u00e4n tai Kiinan muodostamaan uhkaan.<\/p>\n<p class=\"aw__sc-1qwuw0s-0 aw__sc-ngllmo-0 epAWpq fzYpjk yle__article__paragraph\">Iranin ja Israelin sotaan k\u00e4ytt\u00e4mi\u00e4 kuluja yhdysvaltalaisl\u00e4hteet eiv\u00e4t ole selvitt\u00e4neet.<\/p>\n<p class=\"aw__sc-1qwuw0s-0 aw__sc-ngllmo-0 epAWpq fzYpjk yle__article__paragraph\">Iranin talouden tiedettiin kuitenkin olevan eritt\u00e4in <a class=\"aw__sc-ngllmo-1 bTDnwX yle__article__link\" href=\"https:\/\/yle.fi\/a\/74-20202030\" role=\"link\" rel=\"nofollow noopener\" target=\"_blank\">heikoissa kantimissa<\/a> jo ennen sotaa. Sodan aikana talous on ollut vapaapudotuksessa ja elintarvikkeiden hinnat ovat kohonneet entuudestaan.<\/p>\n<p>Kuolonuhrit<\/p>\n<p class=\"aw__sc-1qwuw0s-0 aw__sc-ngllmo-0 epAWpq fzYpjk yle__article__paragraph\">Sodissa vakavimmat kustannukset mitataan ihmishengiss\u00e4.<\/p>\n<p class=\"aw__sc-1qwuw0s-0 aw__sc-ngllmo-0 epAWpq fzYpjk yle__article__paragraph\">Iranin viranomaisten mukaan sodassa on toistaiseksi kuollut 3\u00a0500 iranilaista.<\/p>\n<p class=\"aw__sc-1qwuw0s-0 aw__sc-ngllmo-0 epAWpq fzYpjk yle__article__paragraph\">Israel taas on ilmoittanut 26 ihmisen kuolleen sodan seurauksena. Yhdysvaltain armeija kertoo menett\u00e4neens\u00e4 13 sotilasta.<\/p>\n<p><img decoding=\"async\" alt=\"Mies ja nainen suree menettt\u00e4m\u00e4\u00e4ns\u00e4 perheenj\u00e4sent\u00e4 Teheranissa 9. huhtikuuta 2026.\" src=\"https:\/\/www.europesays.com\/fi\/wp-content\/uploads\/2026\/06\/1781956384.jpeg\" loading=\"lazy\" class=\"aw__sc-dklauk-0 LPzKX\"\/><\/p>\n<p>Avaa kuvien katselu<\/p>\n<p>Mies ja nainen suree menettt\u00e4m\u00e4\u00e4ns\u00e4 perheenj\u00e4sent\u00e4 Teheranissa 9. huhtikuuta 2026. Kuva: Mohsen Rezaei \/ AOP<\/p>\n<p class=\"aw__sc-1qwuw0s-0 aw__sc-ngllmo-0 epAWpq fzYpjk yle__article__paragraph\">Kaikkein eniten uhreja on ollut Libanonissa, jossa 3\u00a0700 ihmist\u00e4 on kuollut Israelin maaliskuun 18. p\u00e4iv\u00e4 aloittamissa iskuissa. Luku perustuu Libanonin terveysministeri\u00f6n tietoihin.<\/p>\n<p class=\"aw__sc-1qwuw0s-0 aw__sc-ngllmo-0 epAWpq fzYpjk yle__article__paragraph\">Iranin iskut ovat johtaneet kuolonuhreihin my\u00f6s Persianlahden arabimaissa. Kuolleiden lis\u00e4ksi tuhannet ihmiset konfliktialueella ovat loukkaantuneet tai menett\u00e4neet kotinsa.<\/p>\n<p>Vauriot<\/p>\n<p class=\"aw__sc-1qwuw0s-0 aw__sc-ngllmo-0 epAWpq fzYpjk yle__article__paragraph\">Er\u00e4iden <a class=\"aw__sc-ngllmo-1 bTDnwX yle__article__link\" href=\"https:\/\/www.bbc.com\/news\/articles\/c0k257g8jk5o\" role=\"link\" rel=\"nofollow noopener\" target=\"_blank\">arvioiden mukaan<\/a> Persianlahden arabimaat ovat k\u00e4rsineet sodan aikana vahinkoja 50 miljardin euron edest\u00e4.<\/p>\n<p class=\"aw__sc-1qwuw0s-0 aw__sc-ngllmo-0 epAWpq fzYpjk yle__article__paragraph\">Iranin k\u00e4rsim\u00e4t vahingot ovat sit\u00e4kin suuremmat. Joidenkin arvioiden mukaan maan j\u00e4lleenrakentaminen tulee maksamaan 260 miljardia euroa.<\/p>\n<p class=\"aw__sc-1qwuw0s-0 aw__sc-ngllmo-0 epAWpq fzYpjk yle__article__paragraph\">Yhdysvallat on osana keskiviikkona saavutettua rauhansopimusta sitoutunut korvaamaan Iranille vahinkoja saman summan edest\u00e4 yhdess\u00e4 kumppaneidensa kanssa.<\/p>\n<p><img decoding=\"async\" alt=\"Israelin aiheuttamia vaurioita al-Shaabiyeh'n kyl\u00e4ss\u00e4 Etel\u00e4-Libanonissa 16. kes\u00e4kuuta 2026.\" src=\"https:\/\/www.europesays.com\/fi\/wp-content\/uploads\/2026\/06\/1781956374.jpeg\" loading=\"lazy\" class=\"aw__sc-dklauk-0 LPzKX\"\/><\/p>\n<p>Avaa kuvien katselu<\/p>\n<p>Israelin aiheuttamia tuhoja al-Shaabiyeh&#8217;n kyl\u00e4ss\u00e4 Etel\u00e4-Libanonissa 16. kes\u00e4kuuta 2026. Kuva: Wael Hamzeh \/ EPA<\/p>\n<p class=\"aw__sc-1qwuw0s-0 aw__sc-ngllmo-0 epAWpq fzYpjk yle__article__paragraph\">Libanonin ja Israelin k\u00e4rsimist\u00e4 materiaalisista vahingoista ei ole esitetty tuoreita arvioita.<\/p>\n<p class=\"aw__sc-1qwuw0s-0 aw__sc-ngllmo-0 epAWpq fzYpjk yle__article__paragraph\">Libanonin kohdalla j\u00e4lleenrakentamisen kustannusten arvioitiin <a class=\"aw__sc-ngllmo-1 bTDnwX yle__article__link\" href=\"https:\/\/www.reuters.com\/world\/middle-east\/world-bank-estimates-reconstruction-needs-lebanon-11-billion-2025-03-07\/\" role=\"link\" rel=\"nofollow noopener\" target=\"_blank\">jo ennen viimeisint\u00e4<\/a> konfliktia olevan yli kymmenen miljardia dollaria.<\/p>\n","protected":false},"excerpt":{"rendered":"Iranin sodan rahalliset ja inhimilliset kustannukset ovat korkeat. Nelj\u00e4 kuukautta kest\u00e4neen sodan hinta lasketaan sadoissa miljardeissa. Kuval\u00e4hde: Reuters.&hellip;\n","protected":false},"author":2,"featured_media":282042,"comment_status":"","ping_status":"","sticky":false,"template":"","format":"standard","meta":{"footnotes":"","_share_on_mastodon":"0"},"categories":[14],"tags":[4193,804,22,23,26,27,33,31,30,17,3648,993,992,24,25,3572,28,29,15,18,21,10958,32,19,20,56,16,59,60,61,619,29113],"class_list":["post-282041","post","type-post","status-publish","format-standard","has-post-thumbnail","category-ulkomaat","tag-arabimaat","tag-aseelliset-konfliktit","tag-breaking-news","tag-breakingnews","tag-featured-news","tag-featurednews","tag-fi","tag-finland","tag-finnish","tag-headlines","tag-iran","tag-israel","tag-lahi-ita","tag-latest-news","tag-latestnews","tag-libanon","tag-main-news","tag-mainnews","tag-news","tag-otsikot","tag-paauutiset","tag-persianlahti","tag-suomi","tag-top-stories","tag-topstories","tag-ulkomaat","tag-uutiset","tag-world","tag-world-news","tag-worldnews","tag-yhdysvallat","tag-yhdysvaltojen-ja-israelin-ilmaiskut-iraniin-2026"],"share_on_mastodon":{"url":"","error":"Validation failed: Text character limit of 500 exceeded"},"_links":{"self":[{"href":"https:\/\/www.europesays.com\/fi\/wp-json\/wp\/v2\/posts\/282041","targetHints":{"allow":["GET"]}}],"collection":[{"href":"https:\/\/www.europesays.com\/fi\/wp-json\/wp\/v2\/posts"}],"about":[{"href":"https:\/\/www.europesays.com\/fi\/wp-json\/wp\/v2\/types\/post"}],"author":[{"embeddable":true,"href":"https:\/\/www.europesays.com\/fi\/wp-json\/wp\/v2\/users\/2"}],"replies":[{"embeddable":true,"href":"https:\/\/www.europesays.com\/fi\/wp-json\/wp\/v2\/comments?post=282041"}],"version-history":[{"count":0,"href":"https:\/\/www.europesays.com\/fi\/wp-json\/wp\/v2\/posts\/282041\/revisions"}],"wp:featuredmedia":[{"embeddable":true,"href":"https:\/\/www.europesays.com\/fi\/wp-json\/wp\/v2\/media\/282042"}],"wp:attachment":[{"href":"https:\/\/www.europesays.com\/fi\/wp-json\/wp\/v2\/media?parent=282041"}],"wp:term":[{"taxonomy":"category","embeddable":true,"href":"https:\/\/www.europesays.com\/fi\/wp-json\/wp\/v2\/categories?post=282041"},{"taxonomy":"post_tag","embeddable":true,"href":"https:\/\/www.europesays.com\/fi\/wp-json\/wp\/v2\/tags?post=282041"}],"curies":[{"name":"wp","href":"https:\/\/api.w.org\/{rel}","templated":true}]}}