{"id":282091,"date":"2026-06-20T19:21:13","date_gmt":"2026-06-20T19:21:13","guid":{"rendered":"https:\/\/www.europesays.com\/fi\/282091\/"},"modified":"2026-06-20T19:21:13","modified_gmt":"2026-06-20T19:21:13","slug":"opetus-ja-koulutusministerion-viralliset-vastaukset-vuoden-2026-lukion-fysiikan-kokeeseen","status":"publish","type":"post","link":"https:\/\/www.europesays.com\/fi\/282091\/","title":{"rendered":"Opetus- ja koulutusministeri\u00f6n viralliset vastaukset vuoden 2026 lukion fysiikan kokeeseen."},"content":{"rendered":"<p>Fysiikan lukion p\u00e4\u00e4tt\u00f6kokeen viralliset vastaukset vuodelle 2026 ovat seuraavat: <\/p>\n<p> Yli 1,22 miljoonasta vuoden 2026 lukion p\u00e4\u00e4tt\u00e4j\u00e4iskokeeseen valtakunnallisesti rekister\u00f6ityneest\u00e4 ehdokkaasta 389 630 valitsi fysiikan, mik\u00e4 tekee siit\u00e4 yhden eniten ehdokkaita houkuttelevista valinnaisista aineista.<\/p>\n<p> Vuoden 2026 lukion p\u00e4\u00e4tt\u00e4j\u00e4iskoe j\u00e4rjestet\u00e4\u00e4n 10.\u201312. kes\u00e4kuuta, ja ehdokkaat suorittavat virallisen kokeen 11. ja 12. kes\u00e4kuuta.<\/p>\n<p> Hakijoiden on suoritettava kaksi pakollista ainetta, matematiikka ja kirjallisuus, sek\u00e4 yksi tentti, joka koostuu kahdesta j\u00e4ljell\u00e4 olevista aineista valitusta aineesta: fysiikka, kemia, biologia, teollisuustekniikka, maataloustekniikka, tietojenk\u00e4sittelytiede, vieraat kielet, historia, maantiede, <a class=\"data-link\" data-org-href=\"https:\/\/www.vietnam.vn\/category\/kinh-te\" href=\"https:\/\/www.vietnam.vn\/category\/kinh-te\" title=\"talous\" target=\"_blank\" rel=\"nofollow noopener\">taloustiede<\/a> ja oikeustiede. Hakijat voivat valita muun vieraan kielen kokeen kuin sen, jota he opiskelivat lukiossa.<\/p>\n<p> Kokeen sis\u00e4lt\u00f6 perustuu lukion opetussuunnitelmaan ja keskittyy p\u00e4\u00e4asiassa 12. luokan materiaaliin, ja jotkut kysymykset kattavat 10. ja 11. luokkien tiedot. Koe on j\u00e4sennelty opetus- ja koulutusministeri\u00f6n matriisin mukaisesti ja kattaa seuraavat ajattelun tasot: tiet\u00e4minen, ymm\u00e4rt\u00e4minen ja soveltaminen.<\/p>\n<p> Vuoden 2026 lukion p\u00e4\u00e4tt\u00e4j\u00e4iskoe on edelleen suunniteltu arvioimaan oppilaiden kykyj\u00e4 ja ominaisuuksia, ja siin\u00e4 on samanlainen osuus eriytt\u00e4vi\u00e4 kysymyksi\u00e4 kuin vuonna 2025, mukaan lukien kysymyksi\u00e4, jotka edellytt\u00e4v\u00e4t tiedon soveltamista tosiel\u00e4m\u00e4n ongelmien ratkaisemiseksi. <\/p>\n<p class=\"mb-0\"> L\u00e4hde: https:\/\/vietnamnet.vn\/dap-an-chinh-thuc-mon-vat-ly-thi-tot-nghiep-thpt-nam-2026-cua-bo-gd-dt-2527498.html<\/p>\n","protected":false},"excerpt":{"rendered":"Fysiikan lukion p\u00e4\u00e4tt\u00f6kokeen viralliset vastaukset vuodelle 2026 ovat seuraavat: Yli 1,22 miljoonasta vuoden 2026 lukion p\u00e4\u00e4tt\u00e4j\u00e4iskokeeseen valtakunnallisesti rekister\u00f6ityneest\u00e4&hellip;\n","protected":false},"author":2,"featured_media":282092,"comment_status":"","ping_status":"","sticky":false,"template":"","format":"standard","meta":{"footnotes":"","_share_on_mastodon":"0"},"categories":[115],"tags":[33,31,30,455,793,454,118,32,119,36434],"class_list":["post-282091","post","type-post","status-publish","format-standard","has-post-thumbnail","category-fysiikka","tag-fi","tag-finland","tag-finnish","tag-fysiikka","tag-lukio","tag-physics","tag-science","tag-suomi","tag-tiede","tag-valmistua"],"share_on_mastodon":{"url":"https:\/\/pubeurope.com\/@fi\/116784063055393879","error":""},"_links":{"self":[{"href":"https:\/\/www.europesays.com\/fi\/wp-json\/wp\/v2\/posts\/282091","targetHints":{"allow":["GET"]}}],"collection":[{"href":"https:\/\/www.europesays.com\/fi\/wp-json\/wp\/v2\/posts"}],"about":[{"href":"https:\/\/www.europesays.com\/fi\/wp-json\/wp\/v2\/types\/post"}],"author":[{"embeddable":true,"href":"https:\/\/www.europesays.com\/fi\/wp-json\/wp\/v2\/users\/2"}],"replies":[{"embeddable":true,"href":"https:\/\/www.europesays.com\/fi\/wp-json\/wp\/v2\/comments?post=282091"}],"version-history":[{"count":0,"href":"https:\/\/www.europesays.com\/fi\/wp-json\/wp\/v2\/posts\/282091\/revisions"}],"wp:featuredmedia":[{"embeddable":true,"href":"https:\/\/www.europesays.com\/fi\/wp-json\/wp\/v2\/media\/282092"}],"wp:attachment":[{"href":"https:\/\/www.europesays.com\/fi\/wp-json\/wp\/v2\/media?parent=282091"}],"wp:term":[{"taxonomy":"category","embeddable":true,"href":"https:\/\/www.europesays.com\/fi\/wp-json\/wp\/v2\/categories?post=282091"},{"taxonomy":"post_tag","embeddable":true,"href":"https:\/\/www.europesays.com\/fi\/wp-json\/wp\/v2\/tags?post=282091"}],"curies":[{"name":"wp","href":"https:\/\/api.w.org\/{rel}","templated":true}]}}