{"id":282128,"date":"2026-06-20T20:31:14","date_gmt":"2026-06-20T20:31:14","guid":{"rendered":"https:\/\/www.europesays.com\/fi\/282128\/"},"modified":"2026-06-20T20:31:14","modified_gmt":"2026-06-20T20:31:14","slug":"reetulta-sataa-rajua-ryopytysta-kun-danny-ja-frederik-kohtaavat-pian-lapin-yottomassa-yossa","status":"publish","type":"post","link":"https:\/\/www.europesays.com\/fi\/282128\/","title":{"rendered":"Reetulta sataa rajua ry\u00f6pytyst\u00e4, kun Danny ja Frederik kohtaavat pian Lapin y\u00f6tt\u00f6m\u00e4ss\u00e4 y\u00f6ss\u00e4."},"content":{"rendered":"<p>            Seiskan arkisto &amp; AOP\n        <\/p>\n<p class=\"subtitle \">V\u00e4sym\u00e4t\u00f6n iskelm\u00e4ori nostaa tikunnokkaan uuden yhteisen vihollisen.<\/p>\n<p class=\"article-content article-content-width !bg-background\">Lapissa on t\u00e4n\u00e4\u00e4n juhannuslauantaina harvinaisen kovat piipussa.<\/p>\n<p class=\"font-weight-bold m-font-weight-bold article-content article-content-width !bg-background\">Videolla Danny Show 60 vuotta:<\/p>\n<p class=\"article-content article-content-width !bg-background\">Mik\u00e4li mielii nauttia aimo annoksen kotimaista kevyen musiikin nostalgiaa, on ilman muuta suunnattava tiens\u00e4 Niskanper\u00e4lle.<\/p>\n<p class=\"article-content article-content-width !bg-background\">Sill\u00e4 siell\u00e4, Kemijoen alajuoksulla, sijaitsee klassinen keikkapaikka Suukosken Keidas. Sen tarjonta suorastaan j\u00e4risytt\u00e4\u00e4 lauantai-illan kattauksellaan.<\/p>\n<p class=\"article-content article-content-width !bg-background\">Lauteille nousevat , 83, , 25, ja , 81.<\/p>\n<p class=\"article-content article-content-width !bg-background\">Timanttisen kova kolmikko paitsi kaikille koskaan Seiskaa lukeneille, my\u00f6s jokaiselle menev\u00e4n musiikin yst\u00e4ville.<\/p>\n<p>        <a itemprop=\"url\" href=\"https:\/\/www.seiska.fi\/vain-seiskassa\/dannysta-83-erikoinen-kulissipaljastus-viihdekonkarin-kaytos-muuttui\/2183267\" rel=\"nofollow noopener\" target=\"_blank\"><\/p>\n<p>\nTaustalaulaja paljastaa\n<\/p>\n<p class=\"section-date\">\n        <strong class=\"article-section\" data-section=\"vain seiskassa\"><br \/>\n            vain seiskassa<br \/>\n        <\/strong><br \/>\n        18.6. 12:00\n    <\/p>\n<p>Dannysta, 83, erikoinen kulissipaljastus: Viihdekonkarin k\u00e4yt\u00f6s muuttui\n    <\/p>\n<p itemprop=\"description\" class=\"subtitle \">\n    Musiikkineuvos on vanhan liiton miehi\u00e4.\n<\/p>\n<p>        <\/a><\/p>\n<p>                <img decoding=\"async\" src=\"https:\/\/www.europesays.com\/fi\/wp-content\/uploads\/2026\/06\/1781987473_471_2185504.webp\" width=\"576\" height=\"720\" alt=\"Helmi ja Danny viett\u00e4v\u00e4t juhannusta keikkaillen.\" loading=\"lazy\" \/>            <\/p>\n<p>\n            Helmi ja Danny viett\u00e4v\u00e4t juhannusta keikkaillen.<br \/>\n            Timo Korhonen\n        <\/p>\n<p>Kansa muistaa sotatilan<\/p>\n<p class=\"article-content article-content-width !bg-background\">Pikantin erityismausteensa lauantai-illan l\u00f6ylyille luo se tosiseikka, etteiv\u00e4t Danny ja Frederik ole tulleet hiljattain toimeen kesken\u00e4\u00e4n.<\/p>\n<p class=\"article-content article-content-width !bg-background\">Kaksikon v\u00e4lill\u00e4 vallitsi suoranainen sotatila sen j\u00e4lkeen, kun Reetu p\u00e4\u00e4tti yll\u00e4tt\u00e4en vet\u00e4yty\u00e4 toissa syksyn Retrojengi-kiertueelta.<\/p>\n<p class=\"article-content article-content-width !bg-background\">Moinen peliliike sai Dannyn veren kiehumispisteeseen. Seurasi hurja loanheitto puolin ja toisin, eik\u00e4 siin\u00e4 taistossa taidettu n\u00e4hd\u00e4 voittajia.<\/p>\n<p>        <a itemprop=\"url\" href=\"https:\/\/www.seiska.fi\/vain-seiskassa\/danny-raivostui-reetulle-musiikkineuvos-murisee-suunsa-puhtaaksi-havyton\/1464069\" rel=\"nofollow noopener\" target=\"_blank\"><\/p>\n<p class=\"section-date\">\n        <strong class=\"article-section\" data-section=\"vain seiskassa\"><br \/>\n            vain seiskassa<br \/>\n        <\/strong><br \/>\n        25.9.2024 06:30\n    <\/p>\n<p>Danny raivostui Reetulle \u2013 musiikkineuvos murisee suunsa puhtaaksi: \u201dH\u00e4vyt\u00f6n!\u201d\n    <\/p>\n<p itemprop=\"description\" class=\"subtitle \">\n    Viihdepioneeri ei voi sulattaa Frederikin tekem\u00e4\u00e4 temppua, jota kutsuu typer\u00e4ksi.\n<\/p>\n<p>        <\/a><\/p>\n<p>                <img decoding=\"async\" src=\"https:\/\/www.europesays.com\/fi\/wp-content\/uploads\/2026\/06\/2185506.webp\" width=\"576\" height=\"322\" alt=\"Sotakirves on haudattu my\u00f6s Frederikin puolelta.\" loading=\"lazy\" \/>            <\/p>\n<p>\n            Sotakirves on haudattu my\u00f6s Frederikin puolelta.<br \/>\n            Matti Matikainen\n        <\/p>\n<p>Nyt puhuu Frederik<\/p>\n<p class=\"article-content article-content-width !bg-background\">Nyt sotakirveet on kuitenkin haudattu ja rauhanpiiput polteltu \u2013 ainakin Dannyn mukaan.<\/p>\n<p class=\"article-content article-content-width !bg-background\">Iso Dee vannotti juhannuksen alla Seiskalle, ett\u00e4 h\u00e4n on nyky\u00e4\u00e4n hyviss\u00e4 v\u00e4leiss\u00e4 junttidiskon kuninkaan kanssa.<\/p>\n<p>\n            On mukavaa p\u00e4\u00e4st\u00e4 laulamaan Dannyn kanssa.\n            <\/p>\n<p class=\"article-content article-content-width !bg-background\">Seiskan tavoittaman Reetun mukaan tunne on molemminpuolinen \u2013 eik\u00e4 siin\u00e4 suinkaan viel\u00e4 kaikki:<\/p>\n<p class=\"article-content article-content-width !bg-background\">\u2013 On ihan mukava p\u00e4\u00e4st\u00e4 laulamaan Dannyn kanssa, Frederik aloittaa.<\/p>\n<p class=\"article-content article-content-width !bg-background\">\u2013 Meill\u00e4 on viel\u00e4p\u00e4 yhteisi\u00e4 suunnitelmia pitk\u00e4lle ensi talvelle, mutta ei niist\u00e4 viel\u00e4 sen enemp\u00e4\u00e4, iskelm\u00e4ori yll\u00e4tt\u00e4\u00e4.<\/p>\n<p>        <a itemprop=\"url\" href=\"https:\/\/www.seiska.fi\/kotimaa\/danny-loi-cannesissa-koko-euroopan-polvilleen-illallisseurana-tom-jones\/2147443\" rel=\"nofollow noopener\" target=\"_blank\"><\/p>\n<p>\nDanny esiintyi 100 miljoonalle\n<\/p>\n<p class=\"section-date\">\n        <strong class=\"article-section\" data-section=\"kotimaa\"><br \/>\n            kotimaa<br \/>\n        <\/strong><br \/>\n        7.6. 14:00\n    <\/p>\n<p>Danny l\u00f6i Cannesissa koko Euroopan polvilleen \u2013 illallisseurana Tom Jones\n    <\/p>\n<p itemprop=\"description\" class=\"subtitle \">\n    Viihdepioneeri muistelee Seiskalle uskomatonta vuotta 1968.\n<\/p>\n<p>        <\/a><\/p>\n<p>                <img decoding=\"async\" src=\"https:\/\/www.europesays.com\/fi\/wp-content\/uploads\/2026\/06\/2185508.webp\" width=\"576\" height=\"322\" alt=\"Jostain syyst\u00e4 Reetu viett\u00e4\u00e4 talvia mielell\u00e4\u00e4n Kanariansaarilla, erityisesti Gran Canarialla.\" loading=\"lazy\" \/>            <\/p>\n<p>\n            Jostain syyst\u00e4 Reetu viett\u00e4\u00e4 talvia mielell\u00e4\u00e4n Kanariansaarilla, erityisesti Gran Canarialla.<br \/>\n            Angel Medina G.\n        <\/p>\n<p>\u201dDanny laulaa samoja biisej\u00e4\u201d<\/p>\n<p class=\"article-content article-content-width !bg-background\">Muistinsopukoitaan kaiveleva Frederik kertaa l\u00e4mm\u00f6ll\u00e4 kes\u00e4\u00e4 2016. Tuolloin h\u00e4n, Danny ja  keikkailivat Finnhittien Kuninkaat -kiertueella.<\/p>\n<p class=\"article-content article-content-width !bg-background\">\u2013 Oltiin silloin Dannyn ja Tapsan kanssa samaan aikaan lauteilla. Muistan, ett\u00e4 lauloimme yhdess\u00e4 aloitus- ja lopetusbiisin.<\/p>\n<p>        <a itemprop=\"url\" href=\"https:\/\/www.seiska.fi\/vain-seiskassa\/amerikkalaiset-hammastyivat-dannysta-ja-helmista-pakko-olla-sugar-daddy\/2165930\" rel=\"nofollow noopener\" target=\"_blank\"><\/p>\n<p>\nJenkit \u00e4im\u00e4n\u00e4 Dannysta ja Helmist\u00e4\n<\/p>\n<p class=\"section-date\">\n        <strong class=\"article-section\" data-section=\"vain seiskassa\"><br \/>\n            vain seiskassa<br \/>\n        <\/strong><br \/>\n        1.6. 16:30\n    <\/p>\n<p>Amerikkalaiset h\u00e4mm\u00e4styiv\u00e4t Dannysta ja Helmist\u00e4 \u2013 \u201cPakko olla sugar daddy\u201d\n    <\/p>\n<p itemprop=\"description\" class=\"subtitle \">\n    Seiska selvitti paikan p\u00e4\u00e4ll\u00e4 Yhdysvalloissa, mit\u00e4 mielt\u00e4 jenkit ovat Dannysta ja Helmist\u00e4.\n<\/p>\n<p>        <\/a><\/p>\n<p class=\"article-content article-content-width !bg-background\">Frederik murjaisee, ettei h\u00e4n oikeastaan ymm\u00e4rr\u00e4 h\u00f6lk\u00e4sen p\u00f6l\u00e4yst\u00e4 Dannyn ohjelmistosta samoin kuin ei Dannyk\u00e4\u00e4n kuulemma ymm\u00e4rr\u00e4 Reetun ohjelmistoa.<\/p>\n<p class=\"article-content article-content-width !bg-background\">\u2013 Danny on laulanut samoja biisej\u00e4 koko ajan. Min\u00e4 olen uudistanut ohjelmistoani ja saanut siihen uutta verta mukaan.<\/p>\n<p>                <img decoding=\"async\" src=\"https:\/\/www.europesays.com\/fi\/wp-content\/uploads\/2026\/06\/2185510.webp\" width=\"576\" height=\"322\" alt=\"Iskelm\u00e4ori suuntaa kovassa iskussa Lappiin.\" loading=\"lazy\" \/>            <\/p>\n<p>\n            Iskelm\u00e4ori suuntaa kovassa iskussa Lappiin.<br \/>\n            \u00c1ngel Medina G.\n        <\/p>\n<p>Reetu: yhteinen vihollinen?<\/p>\n<p class=\"article-content article-content-width !bg-background\">Enemp\u00e4\u00e4 h\u00e4n ei Iso Deet\u00e4 sivalla. Sotakirveet on aidosti haudattu.<\/p>\n<p class=\"article-content article-content-width !bg-background\">Sen sijaan Reetu yll\u00e4tt\u00e4\u00e4 rajulla kritiikill\u00e4\u00e4n isoja mediataloja vastaan. Iskelm\u00e4orin mukaan h\u00e4nell\u00e4 ja Dannylla on nyky\u00e4\u00e4n uusi, \u201dyhteinen vihollinen\u201d.<\/p>\n<p>\n            Olemme suurten mediatalojen vankeja.\n            <\/p>\n<p class=\"article-content article-content-width !bg-background\">\u2013 Olemme suurten mediatalojen vankeja. Nyt my\u00f6s Sanoman osakeyhti\u00f6 on tullut leikkiin mukaan, h\u00e4n viittaa ennen kaikkea Nelonen Mediaan, joka omistaa ja mainostaa useita festivaaleja.<\/p>\n<p class=\"article-content article-content-width !bg-background\">\u2013 Heill\u00e4 on omat artistit, jotka esiintyv\u00e4t kaikki samoilla, heid\u00e4n omilla festareilla. Onneksi minulla on viel\u00e4 sent\u00e4\u00e4n oma yhti\u00f6ni, Reetu \u00e4risee.<\/p>\n<p class=\"italic m-italic article-content article-content-width !bg-background\">Suukosken Keitaan superjuhannus: Danny, Helmi &amp; Frederik lauantaina 20.6. kello 20.30 alkaen.<\/p>\n<p>        <a itemprop=\"url\" href=\"https:\/\/www.seiska.fi\/vain-seiskassa\/ohhoh-dannylta-harvinainen-paljastus-liisa-lipsasesta\/2146381\" rel=\"nofollow noopener\" target=\"_blank\"><\/p>\n<p>\nDannylta huimaa kulissipeli\u00e4\n<\/p>\n<p class=\"section-date\">\n        <strong class=\"article-section\" data-section=\"vain seiskassa\"><br \/>\n            vain seiskassa<br \/>\n        <\/strong><br \/>\n        30.5. 13:30\n    <\/p>\n<p>Ohhoh! Dannylta harvinainen paljastus Liisa Lipsasesta\n    <\/p>\n<p itemprop=\"description\" class=\"subtitle \">\n    \u2013 Olen suuresti kiitollinen, viihdepioneeri sanoo Seiskalle.\n<\/p>\n<p>        <\/a><\/p>\n","protected":false},"excerpt":{"rendered":"Seiskan arkisto &amp; AOP V\u00e4sym\u00e4t\u00f6n iskelm\u00e4ori nostaa tikunnokkaan uuden yhteisen vihollisen. Lapissa on t\u00e4n\u00e4\u00e4n juhannuslauantaina harvinaisen kovat piipussa.&hellip;\n","protected":false},"author":2,"featured_media":282129,"comment_status":"","ping_status":"","sticky":false,"template":"","format":"standard","meta":{"footnotes":"","_share_on_mastodon":"0"},"categories":[130],"tags":[8967,137,33,31,30,1759,9178,11419,8406,37877,4810,7330,667,37876,1057,37878,32,37879,109],"class_list":["post-282128","post","type-post","status-publish","format-standard","has-post-thumbnail","category-viihde","tag-danny","tag-entertainment","tag-fi","tag-finland","tag-finnish","tag-frederik","tag-helmi-loukasmaki","tag-ilkka-lipsanen","tag-ilkka-sysimetsa","tag-juhannuskeikka","tag-keikka","tag-keikkailu","tag-lappi","tag-reetu","tag-rovaniemi","tag-ryopytys","tag-suomi","tag-suukosken-keidas","tag-viihde"],"share_on_mastodon":{"url":"https:\/\/pubeurope.com\/@fi\/116784338488012638","error":""},"_links":{"self":[{"href":"https:\/\/www.europesays.com\/fi\/wp-json\/wp\/v2\/posts\/282128","targetHints":{"allow":["GET"]}}],"collection":[{"href":"https:\/\/www.europesays.com\/fi\/wp-json\/wp\/v2\/posts"}],"about":[{"href":"https:\/\/www.europesays.com\/fi\/wp-json\/wp\/v2\/types\/post"}],"author":[{"embeddable":true,"href":"https:\/\/www.europesays.com\/fi\/wp-json\/wp\/v2\/users\/2"}],"replies":[{"embeddable":true,"href":"https:\/\/www.europesays.com\/fi\/wp-json\/wp\/v2\/comments?post=282128"}],"version-history":[{"count":0,"href":"https:\/\/www.europesays.com\/fi\/wp-json\/wp\/v2\/posts\/282128\/revisions"}],"wp:featuredmedia":[{"embeddable":true,"href":"https:\/\/www.europesays.com\/fi\/wp-json\/wp\/v2\/media\/282129"}],"wp:attachment":[{"href":"https:\/\/www.europesays.com\/fi\/wp-json\/wp\/v2\/media?parent=282128"}],"wp:term":[{"taxonomy":"category","embeddable":true,"href":"https:\/\/www.europesays.com\/fi\/wp-json\/wp\/v2\/categories?post=282128"},{"taxonomy":"post_tag","embeddable":true,"href":"https:\/\/www.europesays.com\/fi\/wp-json\/wp\/v2\/tags?post=282128"}],"curies":[{"name":"wp","href":"https:\/\/api.w.org\/{rel}","templated":true}]}}