{"id":282465,"date":"2026-06-21T08:17:23","date_gmt":"2026-06-21T08:17:23","guid":{"rendered":"https:\/\/www.europesays.com\/fi\/282465\/"},"modified":"2026-06-21T08:17:23","modified_gmt":"2026-06-21T08:17:23","slug":"lari-halme-ja-marika-vapaavuori-totuus-ikea-reissusta","status":"publish","type":"post","link":"https:\/\/www.europesays.com\/fi\/282465\/","title":{"rendered":"Lari Halme ja Marika Vapaavuori: Totuus Ikea-reissusta!"},"content":{"rendered":"<p>            Timo Korhonen\n        <\/p>\n<p class=\"subtitle \">Salakuvaan p\u00e4\u00e4tynyt pariskunta paljastaa, mit\u00e4 m\u00f6\u00f6pelihelvetiss\u00e4 todella tapahtui.<\/p>\n<p class=\"article-content article-content-width !bg-background\">N\u00e4yttelij\u00e4  ja h\u00e4nen vaimonsa,\u00a0teatteriohjaaja-k\u00e4sikirjoittaja\u00a0, nautiskelivat kes\u00e4p\u00e4iv\u00e4st\u00e4 Turun Samppalinnan kes\u00e4teatterissa.<\/p>\n<p class=\"article-content article-content-width !bg-background\">Notre Damen kellonsoittaja -musikaalia katsomaan tullut parikunta kertoo, ett\u00e4 he rakastavat menn\u00e4 teatteriesityksiin.<\/p>\n<p class=\"article-content article-content-width !bg-background\">\u2013 Niin paljon kun ehdimme, Marika tokaisee.<\/p>\n<p class=\"article-content article-content-width !bg-background\">\u2013 Harmittavan monesti meill\u00e4 on j\u00e4\u00e4nyt kollegojen jutut katsomatta, kun on kes\u00e4isin niin usein itsell\u00e4 t\u00f6it\u00e4, Lari komppaa.<\/p>\n<p class=\"article-content article-content-width !bg-background\">Juhannuksen pariskunta viett\u00e4 tuttavapariskunnan kanssa omalla m\u00f6kill\u00e4\u00e4n.<\/p>\n<p class=\"article-content article-content-width !bg-background\">\u2013 Mansikkakakku on viel\u00e4 tarkoitus leipoa, mutta katsotaan miss\u00e4 v\u00e4liss\u00e4. Kaupassa ei ole viel\u00e4 k\u00e4yty, Marika tunnustaa.<\/p>\n<p>                <img decoding=\"async\" src=\"https:\/\/www.europesays.com\/fi\/wp-content\/uploads\/2026\/06\/2185093.webp\" width=\"576\" height=\"720\" alt=\"Marika ja Lari ovat olleet yhdess\u00e4 vuodesta 1999 saakka.\" loading=\"lazy\" \/>            <\/p>\n<p>\n            Marika ja Lari ovat olleet yhdess\u00e4 vuodesta 1999 saakka.<br \/>\n            Timo Korhonen\n        <\/p>\n<p>Kommentoi k\u00e4\u00e4k-kuvaa<\/p>\n<p class=\"article-content article-content-width !bg-background\">Pariskunta n\u00e4htiin kev\u00e4\u00e4ll\u00e4 Ikeassa shoppailemassa, ja Seiska sai tapauksesta kuvamateriaalia.<\/p>\n<p class=\"article-content article-content-width !bg-background\"><a href=\"https:\/\/www.seiska.fi\/vain-seiskassa\/suosikkinayttelija-laittoi-parisuhteensa-testiin-moopelihelvetissa-salakuva\/2084958\" target=\"_blank\" rel=\"nofollow noopener\">Seiskan lukija oli n\u00e4hnyt Larin ja Marikan keskell\u00e4 m\u00f6\u00f6pelihelvetti\u00e4<\/a> etsiskelem\u00e4ss\u00e4 mattoa.<\/p>\n<p class=\"article-content article-content-width !bg-background\">Lukija raportoi, ett\u00e4 Marika esitteli innokkaana Larille juuttimattoa. Se ei kuitenkaan miellytt\u00e4nyt n\u00e4yttelij\u00e4n silm\u00e4\u00e4 riitt\u00e4v\u00e4sti. <\/p>\n<p class=\"article-content article-content-width !bg-background\"> \u2013 Pian Lari l\u00f6ysikin itselleen mieluisen maton. Vaimo tokaisi, ett\u00e4 t\u00e4t\u00e4h\u00e4n min\u00e4 sinulle juuri esittelin, mutta ei kelvannut, liikkeen k\u00e4yt\u00e4vilt\u00e4 supistiin.<\/p>\n<p>        <a itemprop=\"url\" href=\"https:\/\/www.seiska.fi\/vain-seiskassa\/suosikkinayttelija-laittoi-parisuhteensa-testiin-moopelihelvetissa-salakuva\/2084958\" rel=\"nofollow noopener\" target=\"_blank\"><\/p>\n<p>\nSalakuva Tampereelta!\n<\/p>\n<p class=\"section-date\">\n        <strong class=\"article-section\" data-section=\"vain seiskassa\"><br \/>\n            vain seiskassa<br \/>\n        <\/strong><br \/>\n        25.2. 17:00\n    <\/p>\n<p>Suosikkin\u00e4yttelij\u00e4 laittoi parisuhteensa testiin m\u00f6\u00f6pelihelvetiss\u00e4 \u2013 salakuva!\n    <\/p>\n<p itemprop=\"description\" class=\"subtitle \">\n    Larilla vaikutti olevan vaimonsa kanssa sisustuksellisia n\u00e4kemyseroja.\n<\/p>\n<p>        <\/a><\/p>\n<p class=\"article-content article-content-width !bg-background\">Nyt Marika kertoo, miten tilanne p\u00e4\u00e4ttyi.<\/p>\n<p class=\"article-content article-content-width !bg-background\">\u2013 Matto on nyt m\u00f6kill\u00e4! Se l\u00f6ysi terassilta paikkansa ja se on oikein hyv\u00e4, Marika myh\u00e4ilee.<\/p>\n<p class=\"article-content article-content-width !bg-background\">\u2013 Huvitti, ett\u00e4 sen t\u00e4rke\u00e4n hetken oli joku ikuistanut. Se oli sellainen aivan perus juuttimatto.<\/p>\n<p class=\"article-content article-content-width !bg-background\">Ostosreissu siis ratkesi lopulta onnellisesti.<\/p>\n","protected":false},"excerpt":{"rendered":"Timo Korhonen Salakuvaan p\u00e4\u00e4tynyt pariskunta paljastaa, mit\u00e4 m\u00f6\u00f6pelihelvetiss\u00e4 todella tapahtui. N\u00e4yttelij\u00e4 ja h\u00e4nen vaimonsa,\u00a0teatteriohjaaja-k\u00e4sikirjoittaja\u00a0, nautiskelivat kes\u00e4p\u00e4iv\u00e4st\u00e4 Turun Samppalinnan&hellip;\n","protected":false},"author":2,"featured_media":282466,"comment_status":"","ping_status":"","sticky":false,"template":"","format":"standard","meta":{"footnotes":"","_share_on_mastodon":"0"},"categories":[130],"tags":[137,33,31,30,1602,37906,4478,23926,28817,28816,6249,2397,32,109],"class_list":["post-282465","post","type-post","status-publish","format-standard","has-post-thumbnail","category-viihde","tag-entertainment","tag-fi","tag-finland","tag-finnish","tag-ikea","tag-juuttimatto","tag-kaak","tag-kesateatteri","tag-lari-halme","tag-marika-vapaavuori","tag-salakuva","tag-seiska","tag-suomi","tag-viihde"],"share_on_mastodon":{"url":"https:\/\/pubeurope.com\/@fi\/116787114971850634","error":""},"_links":{"self":[{"href":"https:\/\/www.europesays.com\/fi\/wp-json\/wp\/v2\/posts\/282465","targetHints":{"allow":["GET"]}}],"collection":[{"href":"https:\/\/www.europesays.com\/fi\/wp-json\/wp\/v2\/posts"}],"about":[{"href":"https:\/\/www.europesays.com\/fi\/wp-json\/wp\/v2\/types\/post"}],"author":[{"embeddable":true,"href":"https:\/\/www.europesays.com\/fi\/wp-json\/wp\/v2\/users\/2"}],"replies":[{"embeddable":true,"href":"https:\/\/www.europesays.com\/fi\/wp-json\/wp\/v2\/comments?post=282465"}],"version-history":[{"count":0,"href":"https:\/\/www.europesays.com\/fi\/wp-json\/wp\/v2\/posts\/282465\/revisions"}],"wp:featuredmedia":[{"embeddable":true,"href":"https:\/\/www.europesays.com\/fi\/wp-json\/wp\/v2\/media\/282466"}],"wp:attachment":[{"href":"https:\/\/www.europesays.com\/fi\/wp-json\/wp\/v2\/media?parent=282465"}],"wp:term":[{"taxonomy":"category","embeddable":true,"href":"https:\/\/www.europesays.com\/fi\/wp-json\/wp\/v2\/categories?post=282465"},{"taxonomy":"post_tag","embeddable":true,"href":"https:\/\/www.europesays.com\/fi\/wp-json\/wp\/v2\/tags?post=282465"}],"curies":[{"name":"wp","href":"https:\/\/api.w.org\/{rel}","templated":true}]}}