{"id":282524,"date":"2026-06-21T10:07:16","date_gmt":"2026-06-21T10:07:16","guid":{"rendered":"https:\/\/www.europesays.com\/fi\/282524\/"},"modified":"2026-06-21T10:07:16","modified_gmt":"2026-06-21T10:07:16","slug":"nainen-loi-miesta-kirveella-paahan-nokialla-epaillaan-tapon-yrityksesta-pirkanmaa","status":"publish","type":"post","link":"https:\/\/www.europesays.com\/fi\/282524\/","title":{"rendered":"Nainen l\u00f6i miest\u00e4 kirveell\u00e4 p\u00e4\u00e4h\u00e4n Nokialla \u2013 ep\u00e4ill\u00e4\u00e4n tapon yrityksest\u00e4 | Pirkanmaa"},"content":{"rendered":"<p class=\"aw__sc-1qwuw0s-0 aw__sc-1vg2sqm-0 epAWpq ecELkD yle__article__paragraph\">Poliisi jatkaa tapauksen tutkintaa.<\/p>\n<p><img decoding=\"async\" alt=\"Kartta n\u00e4ytt\u00e4\u00e4 Linnavuoren ja Nokian sijainnin.\" src=\"https:\/\/www.europesays.com\/fi\/wp-content\/uploads\/2026\/06\/1782027462.jpeg\" class=\"aw__sc-dklauk-0 LPzKX\"\/><\/p>\n<p>Avaa kuvien katselu<\/p>\n<p>Poliisi sai iltap\u00e4iv\u00e4ll\u00e4 teht\u00e4v\u00e4n Nokian Linnavuoressa sijaitsevaan yksityisasuntoon. Kuva: Riikka Kurki \/ Yle, Mapcreator, OpenStreetMap<\/p>\n<p class=\"aw__sc-1qwuw0s-0 aw__sc-ngllmo-0 epAWpq fzYpjk yle__article__paragraph\">Sis\u00e4-Suomen poliisi tiedottaa, ett\u00e4 se sai ilmoituksen ep\u00e4illyst\u00e4 v\u00e4kivallanteosta lauantaina noin kello 15.<\/p>\n<p class=\"aw__sc-1qwuw0s-0 aw__sc-ngllmo-0 epAWpq fzYpjk yle__article__paragraph\">Poliisi sai iltap\u00e4iv\u00e4ll\u00e4 teht\u00e4v\u00e4n Nokian Linnavuoressa sijaitsevaan yksityisasuntoon, jossa noin 50-vuotiaan naisen ep\u00e4ill\u00e4\u00e4n ly\u00f6neen aikuista miest\u00e4 kirveell\u00e4 p\u00e4\u00e4h\u00e4n.<\/p>\n<p class=\"aw__sc-1qwuw0s-0 aw__sc-ngllmo-0 epAWpq fzYpjk yle__article__paragraph\">Poliisin tiedotteen mukaan mies toimitettiin sairaalahoitoon, mutta h\u00e4nell\u00e4 ei ole t\u00e4ll\u00e4 hetkell\u00e4 hengenvaaraa. Nainen ja mies tunsivat toisensa entuudestaan.<\/p>\n<p class=\"aw__sc-1qwuw0s-0 aw__sc-ngllmo-0 epAWpq fzYpjk yle__article__paragraph\">Poliisi otti teosta ep\u00e4illyn naisen kiinni, ja h\u00e4nt\u00e4 ep\u00e4ill\u00e4\u00e4n tapon yrityksest\u00e4. Rikosnimike voi muuttua tai tarkentua esitutkinnan edetess\u00e4.<\/p>\n<p class=\"aw__sc-1qwuw0s-0 aw__sc-ngllmo-0 epAWpq fzYpjk yle__article__paragraph\">Poliisi jatkaa tapahtumien selvitt\u00e4mist\u00e4, eik\u00e4 tiedota asiasta toistaiseksi enemp\u00e4\u00e4 esitutkinnan turvaamiseksi.<\/p>\n","protected":false},"excerpt":{"rendered":"Poliisi jatkaa tapauksen tutkintaa. Avaa kuvien katselu Poliisi sai iltap\u00e4iv\u00e4ll\u00e4 teht\u00e4v\u00e4n Nokian Linnavuoressa sijaitsevaan yksityisasuntoon. Kuva: Riikka Kurki&hellip;\n","protected":false},"author":2,"featured_media":282525,"comment_status":"","ping_status":"","sticky":false,"template":"","format":"standard","meta":{"footnotes":"","_share_on_mastodon":"0"},"categories":[12],"tags":[22,23,26,27,33,31,30,17,71,24,25,28,29,15,1566,18,21,553,1263,32,19,20,16,40],"class_list":["post-282524","post","type-post","status-publish","format-standard","has-post-thumbnail","category-suomi","tag-breaking-news","tag-breakingnews","tag-featured-news","tag-featurednews","tag-fi","tag-finland","tag-finnish","tag-headlines","tag-kotimaa","tag-latest-news","tag-latestnews","tag-main-news","tag-mainnews","tag-news","tag-nokia","tag-otsikot","tag-paauutiset","tag-pirkanmaa","tag-rikosepailyt","tag-suomi","tag-top-stories","tag-topstories","tag-uutiset","tag-vakivalta"],"share_on_mastodon":{"url":"https:\/\/pubeurope.com\/@fi\/116787547415287616","error":""},"_links":{"self":[{"href":"https:\/\/www.europesays.com\/fi\/wp-json\/wp\/v2\/posts\/282524","targetHints":{"allow":["GET"]}}],"collection":[{"href":"https:\/\/www.europesays.com\/fi\/wp-json\/wp\/v2\/posts"}],"about":[{"href":"https:\/\/www.europesays.com\/fi\/wp-json\/wp\/v2\/types\/post"}],"author":[{"embeddable":true,"href":"https:\/\/www.europesays.com\/fi\/wp-json\/wp\/v2\/users\/2"}],"replies":[{"embeddable":true,"href":"https:\/\/www.europesays.com\/fi\/wp-json\/wp\/v2\/comments?post=282524"}],"version-history":[{"count":0,"href":"https:\/\/www.europesays.com\/fi\/wp-json\/wp\/v2\/posts\/282524\/revisions"}],"wp:featuredmedia":[{"embeddable":true,"href":"https:\/\/www.europesays.com\/fi\/wp-json\/wp\/v2\/media\/282525"}],"wp:attachment":[{"href":"https:\/\/www.europesays.com\/fi\/wp-json\/wp\/v2\/media?parent=282524"}],"wp:term":[{"taxonomy":"category","embeddable":true,"href":"https:\/\/www.europesays.com\/fi\/wp-json\/wp\/v2\/categories?post=282524"},{"taxonomy":"post_tag","embeddable":true,"href":"https:\/\/www.europesays.com\/fi\/wp-json\/wp\/v2\/tags?post=282524"}],"curies":[{"name":"wp","href":"https:\/\/api.w.org\/{rel}","templated":true}]}}