{"id":282536,"date":"2026-06-21T10:30:15","date_gmt":"2026-06-21T10:30:15","guid":{"rendered":"https:\/\/www.europesays.com\/fi\/282536\/"},"modified":"2026-06-21T10:30:15","modified_gmt":"2026-06-21T10:30:15","slug":"nama-julkkikset-vaihtoivat-parrasvalot-tavistoihin-katso-lista","status":"publish","type":"post","link":"https:\/\/www.europesays.com\/fi\/282536\/","title":{"rendered":"N\u00e4m\u00e4 julkkikset vaihtoivat parrasvalot tavist\u00f6ihin &#8211; katso lista"},"content":{"rendered":"<p>            Seiskan arkisto \/ Adobe Stock \/ Kati Pakarinen\n        <\/p>\n<p class=\"subtitle \">Julkisuus on monien unelma. Osa sen saavuttaneista on kuitenkin k\u00e4\u00e4nt\u00e4nyt selk\u00e4ns\u00e4 valokeilalle.<\/p>\n<p class=\"article-content article-content-width !bg-background\">Menestyminen viihdealalla on v\u00e4hint\u00e4\u00e4nkin ep\u00e4varmaa. Monet laulajat ja n\u00e4yttelij\u00e4t ovatkin siviiliammatiltaan jotain aivan muuta.\u00a0<\/p>\n<p class=\"font-weight-bold m-font-weight-bold article-content article-content-width !bg-background\">Katso my\u00f6s video!<\/p>\n<p class=\"article-content article-content-width !bg-background\">Hieman harvinaisempaa on, ett\u00e4 julkisuuden henkil\u00f6 vaihtaa parrasvalot tavisduuniin. Heit\u00e4kin kuitenkin l\u00f6ytyy.\u00a0<\/p>\n<p>Koomikosta kauppiaaksi<\/p>\n<p class=\"article-content article-content-width !bg-background\">Stand-up-koomikko , 45, on tuttu monista tv-ohjelmista. H\u00e4n on juontanut omaa Ali Show&#8217;taan ja vuonna 2016 h\u00e4n heitt\u00e4ytyi pakolaiskriisin ytimeen dokumentissa Tuntematon pakolainen.\u00a0<\/p>\n<p class=\"article-content article-content-width !bg-background\">Viime vuosina Alia ei kuitenkaan pahemmin ole telkkarissa n\u00e4kynyt, eik\u00e4 ihme: Ali on siirtynyt t\u00e4ysin uudelle uralle. H\u00e4n aloitti K-ruokakauppiaana huhtikuussa 2023.\u00a0<\/p>\n<p>                <img decoding=\"async\" src=\"https:\/\/www.europesays.com\/fi\/wp-content\/uploads\/2026\/06\/2146042.webp\" width=\"576\" height=\"720\" alt=\"Alia on tituleerattu Suomen hauskimmaksi kauppiaaksi. Arkistokuva 2024.\" loading=\"lazy\" \/>            <\/p>\n<p>\n            Alia on tituleerattu Suomen hauskimmaksi kauppiaaksi. Arkistokuva 2024.<br \/>\n            Matti Matikainen\n        <\/p>\n<p>Kiinteist\u00f6kauppa kiinnostaa<\/p>\n<p class=\"article-content article-content-width !bg-background\">Liek\u00f6 syyn\u00e4 lukuisat kiinteist\u00f6nv\u00e4litt\u00e4jist\u00e4 kertovat realityt, mutta asuntokauppiaiden arjesta on luotu julkisuudessa varsin houkutteleva ja jopa seksik\u00e4s kuva. Monet julkimot ovatkin siirtyneet takomaan rahaa kiinteist\u00f6kaupoilla taiteen luomisen sijaan.\u00a0<\/p>\n<p class=\"article-content article-content-width !bg-background\">Sarjoista Salatut el\u00e4m\u00e4t ja Uusi p\u00e4iv\u00e4 tuttu  on yksi n\u00e4yttelij\u00e4n ty\u00f6n v\u00e4litysbisnekseen vaihtaneista. Niin ik\u00e4\u00e4n Salkkareissa aikoinaan pullistellut  on toiminut jo pitk\u00e4\u00e4n kiinteist\u00f6nv\u00e4litt\u00e4j\u00e4n\u00e4. Ex-py\u00f6r\u00e4ilij\u00e4  puolestaan on luonut t\u00f6n\u00f6jen ja tonttien maailmassa menestyksek\u00e4st\u00e4 uraa jo vuosien ajan.\u00a0<\/p>\n<p>                <img decoding=\"async\" src=\"https:\/\/www.europesays.com\/fi\/wp-content\/uploads\/2026\/06\/2146054.webp\" width=\"576\" height=\"720\" alt=\"Teatteritaiteen maisteri Kai Vaine muistetaan elokuvista Ei kiitos (2014) ja Kikka! (2022).\" loading=\"lazy\" \/>            <\/p>\n<p>\n            Teatteritaiteen maisteri Kai Vaine muistetaan elokuvista Ei kiitos (2014) ja Kikka! (2022).<br \/>\n            TIMO KORHONEN\n        <\/p>\n<p>Usko vei uudelle polulle<\/p>\n<p class=\"article-content article-content-width !bg-background\">, 70, kruunattiin Suomen kauneimmaksi vuonna 1975. Samana vuonna h\u00e4n sai kutreilleen my\u00f6s Miss Universumin kruunun.\u00a0<\/p>\n<p class=\"article-content article-content-width !bg-background\">En\u00e4\u00e4 Annea ei liiemmin julkisuudessa n\u00e4hd\u00e4. H\u00e4n l\u00f6ysi kristinuskon 1990-luvulla, ja h\u00e4n on toiminut evankelistana sek\u00e4 Suomen Raamattuopiston S\u00e4\u00e4ti\u00f6n naisty\u00f6n koordinaattorina. Viime kes\u00e4n\u00e4 h\u00e4n j\u00e4i ansaitulle el\u00e4kkeelle.\u00a0<\/p>\n<p>                <img decoding=\"async\" src=\"https:\/\/www.europesays.com\/fi\/wp-content\/uploads\/2026\/06\/2146057.webp\" width=\"576\" height=\"720\" alt=\"Anne antaa haastatteluja en\u00e4\u00e4 harvakseltaan. Arkistokuva 2017.\" loading=\"lazy\" \/>            <\/p>\n<p>\n            Anne antaa haastatteluja en\u00e4\u00e4 harvakseltaan. Arkistokuva 2017.<br \/>\n            Timo Korhonen\n        <\/p>\n<p>N\u00e4ytt\u00e4m\u00f6lt\u00e4 kassalle<\/p>\n<p class=\"article-content article-content-width !bg-background\">N\u00e4yttelij\u00e4 , 49, avautui alkuvuodesta nihke\u00e4st\u00e4 ty\u00f6tilanteestaan <a href=\"https:\/\/www.hs.fi\/kuukausiliite\/art-2000011537066.html\" target=\"_blank\" rel=\"nofollow noopener\">Helsingin Sanomille<\/a>. Tyhj\u00e4 kalenteri pakotti miehen hakemaan t\u00f6it\u00e4 my\u00f6s oman alan ulkopuolelta.\u00a0<\/p>\n<p class=\"article-content article-content-width !bg-background\">Tammikuussa IIkka aloitti ty\u00f6skentelyn vantaalaisessa ruokakaupassa. H\u00e4n kertoi Hesarille toimenkuvaansa kuuluvan niin kassaty\u00f6t\u00e4 kuin hyllytt\u00e4mist\u00e4kin.\u00a0<\/p>\n<p>                <img decoding=\"async\" src=\"https:\/\/www.europesays.com\/fi\/wp-content\/uploads\/2026\/06\/2146059.webp\" width=\"576\" height=\"720\" alt=\"Niukasta ty\u00f6tilanteesta suivaantunut Iikka otti onnen omiin k\u00e4siins\u00e4 ja haki t\u00f6it\u00e4 v\u00e4h\u00e4n joka paikasta.\" loading=\"lazy\" \/>            <\/p>\n<p>\n            Niukasta ty\u00f6tilanteesta suivaantunut Iikka otti onnen omiin k\u00e4siins\u00e4 ja haki t\u00f6it\u00e4 v\u00e4h\u00e4n joka paikasta.<br \/>\n            ATTE KAJOVA\n        <\/p>\n<p>Huolehtii p\u00e4ihdenuorista<\/p>\n<p class=\"article-content article-content-width !bg-background\">Takavuosien t\u00e4hti  oli aikoinaan tuttu n\u00e4ky kotimaisessa viihteess\u00e4, mutta nyky\u00e4\u00e4n vaaleaverikk\u00f6\u00e4 ei juuri leffoissa n\u00e4e. Sen sijaan kaunottareen saattaa hyvinkin t\u00f6rm\u00e4t\u00e4 Helsingin kaduilla, joilla h\u00e4n ty\u00f6skentelee p\u00e4ihdety\u00f6n parissa.\u00a0<\/p>\n<p class=\"article-content article-content-width !bg-background\">Itsekin aiemmin huumekoukussa ollut Saija toimii Diakonissalaitoksen katuty\u00f6ntekij\u00e4n\u00e4. H\u00e4n kiert\u00e4\u00e4 ty\u00f6parinsa kanssa auttamassa p\u00e4ihteisiin sortuneita nuoria.\u00a0<\/p>\n<p>                <img loading=\"lazy\" decoding=\"async\" src=\"https:\/\/www.europesays.com\/fi\/wp-content\/uploads\/2026\/06\/2146061.webp\" width=\"576\" height=\"720\" alt=\"Saija auttaa v\u00e4\u00e4rille teille ajautuneita nuoria. Kuva vuodelta 2022.\" \/>            <\/p>\n<p>\n            Saija auttaa v\u00e4\u00e4rille teille ajautuneita nuoria. Kuva vuodelta 2022.<br \/>\n            ATTE KAJOVA\n        <\/p>\n","protected":false},"excerpt":{"rendered":"Seiskan arkisto \/ Adobe Stock \/ Kati Pakarinen Julkisuus on monien unelma. Osa sen saavuttaneista on kuitenkin k\u00e4\u00e4nt\u00e4nyt&hellip;\n","protected":false},"author":2,"featured_media":282537,"comment_status":"","ping_status":"","sticky":false,"template":"","format":"standard","meta":{"footnotes":"","_share_on_mastodon":"0"},"categories":[130],"tags":[37913,137,33,31,30,22860,30817,29715,7485,10626,37912,8457,37325,12364,21246,32,939,201,19004,109],"class_list":["post-282536","post","type-post","status-publish","format-standard","has-post-thumbnail","category-viihde","tag-ali-jahangiri","tag-entertainment","tag-fi","tag-finland","tag-finnish","tag-iikka-forss","tag-kai-vaine","tag-kauppias","tag-kiinteistonvalittaja","tag-mira-kasslin","tag-myyja","tag-paihdetyo","tag-ronny-roslof","tag-ruokakauppa","tag-saija-lentonen","tag-suomi","tag-tyo","tag-ura","tag-uusi-ura","tag-viihde"],"share_on_mastodon":{"url":"https:\/\/pubeurope.com\/@fi\/116787637714207175","error":""},"_links":{"self":[{"href":"https:\/\/www.europesays.com\/fi\/wp-json\/wp\/v2\/posts\/282536","targetHints":{"allow":["GET"]}}],"collection":[{"href":"https:\/\/www.europesays.com\/fi\/wp-json\/wp\/v2\/posts"}],"about":[{"href":"https:\/\/www.europesays.com\/fi\/wp-json\/wp\/v2\/types\/post"}],"author":[{"embeddable":true,"href":"https:\/\/www.europesays.com\/fi\/wp-json\/wp\/v2\/users\/2"}],"replies":[{"embeddable":true,"href":"https:\/\/www.europesays.com\/fi\/wp-json\/wp\/v2\/comments?post=282536"}],"version-history":[{"count":0,"href":"https:\/\/www.europesays.com\/fi\/wp-json\/wp\/v2\/posts\/282536\/revisions"}],"wp:featuredmedia":[{"embeddable":true,"href":"https:\/\/www.europesays.com\/fi\/wp-json\/wp\/v2\/media\/282537"}],"wp:attachment":[{"href":"https:\/\/www.europesays.com\/fi\/wp-json\/wp\/v2\/media?parent=282536"}],"wp:term":[{"taxonomy":"category","embeddable":true,"href":"https:\/\/www.europesays.com\/fi\/wp-json\/wp\/v2\/categories?post=282536"},{"taxonomy":"post_tag","embeddable":true,"href":"https:\/\/www.europesays.com\/fi\/wp-json\/wp\/v2\/tags?post=282536"}],"curies":[{"name":"wp","href":"https:\/\/api.w.org\/{rel}","templated":true}]}}