{"id":282560,"date":"2026-06-21T11:22:11","date_gmt":"2026-06-21T11:22:11","guid":{"rendered":"https:\/\/www.europesays.com\/fi\/282560\/"},"modified":"2026-06-21T11:22:11","modified_gmt":"2026-06-21T11:22:11","slug":"nainen-joka-katosi-jannitysdraamasarjaa-pantattiin-vuosia-saapuu-vihdoin-suoratoistoon","status":"publish","type":"post","link":"https:\/\/www.europesays.com\/fi\/282560\/","title":{"rendered":"Nainen joka katosi: J\u00e4nnitysdraamasarjaa pantattiin vuosia \u2013 saapuu vihdoin suoratoistoon"},"content":{"rendered":"<p>\n            Nainen joka katosi<br \/>\n            MTV\n        <\/p>\n<p class=\"subtitle \">Nainen joka katosi on saanut pitk\u00e4n odotuksen j\u00e4lkeen viimein julkaisup\u00e4iv\u00e4n.<\/p>\n<p class=\"article-content article-content-width !bg-background\"> ohjaama ja k\u00e4sikirjoittama j\u00e4nnitysdraamasarja Nainen joka katosi valmistui jo vuoden 2024 alussa. Sarja tehtiin MTV:lle, joka p\u00e4\u00e4tti haudata sen kahdeksi ja puoleksi vuodeksi.<\/p>\n<p class=\"article-content article-content-width !bg-background\">Kyseess\u00e4 ei ole mik\u00e4 tahansa b-tuotanto, sill\u00e4 sen p\u00e4\u00e4osissa n\u00e4hd\u00e4\u00e4n nelj\u00e4 nimek\u00e4st\u00e4 n\u00e4yttelij\u00e4\u00e4: , ,  ja . Neliosainen j\u00e4nn\u00e4ri perustuu Halisen vuonna 2022 ilmestyneeseen rikosromaaniin. Kirja voitti helmikuussa 2023 Suomen dekkariyhdistyksen parhaan esikoisteoksen palkinnon.<\/p>\n<p>        <a itemprop=\"url\" href=\"https:\/\/www.seiska.fi\/katso\/pekka-strang-mukaan-palvottuun-amerikkalaissarjaan\/2150011\" rel=\"nofollow noopener\" target=\"_blank\"><\/p>\n<p>\nPekka Strang\n<\/p>\n<p class=\"section-date\">\n        <strong class=\"article-section\" data-section=\"katso\"><br \/>\n            katso<br \/>\n        <\/strong><br \/>\n        12.5. 08:00\n    <\/p>\n<p>Pekka Strang mukaan palvottuun amerikkalaissarjaan\n    <\/p>\n<p itemprop=\"description\" class=\"subtitle \">\n    Sarjaa kuvataan parhaillaan Cannesin festivaalin yhteydess\u00e4 Ranskan Rivieralla.\n<\/p>\n<p>        <\/a><\/p>\n<p class=\"article-content article-content-width !bg-background\">Sarjansa julkaisua jo yli vuoden odotellut Halinen l\u00f6ysi sen netist\u00e4 ranskaksi dubattuna huhtikuussa 2025. Tuolloin L&#8217;\u00e9cho du silence -nimen saanut sarja oli katsottavissa Canal+:lle kuuluvassa Polar+-suoratoistopalvelussa, joka on tarjolla ainakin Ranskassa ja Puolassa.<\/p>\n<p class=\"article-content article-content-width !bg-background\">Suomen julkaisusta ei kuitenkaan t\u00e4ss\u00e4 vaiheessa kuulunut viel\u00e4 yht\u00e4\u00e4n mit\u00e4\u00e4n. Tilanteesta ymm\u00e4rrett\u00e4v\u00e4n turhautunut Halinen p\u00e4\u00e4tti avautua tilanteesta Facebook-sivullaan.<\/p>\n<p class=\"article-content article-content-width !bg-background\">\u2013 Moni leffa- ja tv-alalla tiennee, ett\u00e4 MTV Katsomo ei voi t\u00e4ll\u00e4 hetkell\u00e4 ajaa ulos tilaamiaan valmiita sarjoja johtuen taloudellisista \u201dhaasteista\u201d. N\u00e4in on k\u00e4ynyt my\u00f6s omasta romaanistani ohjaamalleni ja k\u00e4sikirjoittamalleni sarjalle NAINEN JOKA KATOSI, joka valmistui yli vuosi sitten. Kaikkea hyv\u00e4\u00e4 Maikkarille, mutta onhan se potuttanut etenkin ihanien n\u00e4yttelij\u00f6iden puolesta, ett\u00e4 tehd\u00e4\u00e4n jotain pieteetill\u00e4 puolentoista vuoden ajan, ja sitten ensiesitys siirtyy ep\u00e4m\u00e4\u00e4r\u00e4iseen tulevaisuuteen, Halinen avautui sometilill\u00e4\u00e4n.<\/p>\n<p class=\"article-content article-content-width !bg-background\"> Sarjasta on ehditty julkaista t\u00e4m\u00e4n j\u00e4lkeen my\u00f6s espanjankielinen versio, jonka traileri l\u00f6ytyy jutun lopusta. <\/p>\n<p>        <a itemprop=\"url\" href=\"https:\/\/www.seiska.fi\/katso\/suomessa-kuvattu-hirvioelokuva-vakuuttaa\/2151367\" rel=\"nofollow noopener\" target=\"_blank\"><\/p>\n<p>\nEnsi-illassa Kraken\n<\/p>\n<p class=\"section-date\">\n        <strong class=\"article-section\" data-section=\"katso\"><br \/>\n            katso<br \/>\n        <\/strong><br \/>\n        29.5. 11:15\n    <\/p>\n<p>Suomessa kuvattu hirvi\u00f6elokuva vakuuttaa\n    <\/p>\n<p itemprop=\"description\" class=\"subtitle \">\n    Kraken saa ensi-iltansa elokuvateattereissa perjantaina 29. toukokuuta 2026.\n<\/p>\n<p>        <\/a><\/p>\n<p>Julkaisu viimein elokuussa<\/p>\n<p class=\"article-content article-content-width !bg-background\">Nyt Nainen joka katosi on saanut viimein julkaisup\u00e4iv\u00e4n. Sarja l\u00f6ytyy MTV:n syksyn ohjelmistoa esittelev\u00e4st\u00e4 tiedotteesta, jossa sen kerrotaan ilmestyv\u00e4n maksulliseen MTV Katsomo+ -palveluun 20. elokuuta. Aikaa sarjan valmistumisen ja kotimaisen julkaisun v\u00e4lill\u00e4 ehtii siis vier\u00e4ht\u00e4\u00e4 v\u00e4hint\u00e4\u00e4n kaksi ja puoli vuotta.<\/p>\n<p class=\"article-content article-content-width !bg-background\">Tiedotteessa mainitaan vain MTV Katsomo+, mutta Halinen paljastaa uusimmassa somep\u00e4ivityksess\u00e4\u00e4n sarjan saapuvan my\u00f6hemmin my\u00f6s maksuttomaan suoratoistoon sek\u00e4 MTV:n lineaarisille kanaville. Jotka toivottavasti n\u00e4kyv\u00e4t silloin kaikille suomalaisille.<\/p>\n<p class=\"article-content article-content-width !bg-background\">Jussi-palkittu Halinen on<br \/>\nohjannut ja k\u00e4sikirjoittanut aiemmin pitk\u00e4t valkokangaselokuvat Cyclomania (2001),<br \/>\nKerron sinulle kaiken (2013) ja K\u00e4\u00e4nt\u00f6piste (2018), tv-sarjan Kultainen noutaja<br \/>\n(2007) sek\u00e4 kirjoittanut kolme romaania.<\/p>\n<p>        <a itemprop=\"url\" href=\"https:\/\/www.seiska.fi\/katso\/peter-franzen-yllattava-tunnustus\/2152706\" rel=\"nofollow noopener\" target=\"_blank\"><\/p>\n<p>\nPeter Franz\u00e9n\n<\/p>\n<p class=\"section-date\">\n        <strong class=\"article-section\" data-section=\"katso\"><br \/>\n            katso<br \/>\n        <\/strong><br \/>\n        17.5. 16:15\n    <\/p>\n<p>Peter Franz\u00e9n: Yll\u00e4tt\u00e4v\u00e4 tunnustus\n    <\/p>\n<p itemprop=\"description\" class=\"subtitle \">\n    Markku P\u00f6l\u00f6sen rakastettu Veikko Huovis -sovitus oli Peter Franz\u00e9nin pitk\u00e4aikainen unelma.\n<\/p>\n<p>        <\/a><\/p>\n","protected":false},"excerpt":{"rendered":"Nainen joka katosi MTV Nainen joka katosi on saanut pitk\u00e4n odotuksen j\u00e4lkeen viimein julkaisup\u00e4iv\u00e4n. ohjaama ja k\u00e4sikirjoittama j\u00e4nnitysdraamasarja&hellip;\n","protected":false},"author":2,"featured_media":282561,"comment_status":"","ping_status":"","sticky":false,"template":"","format":"standard","meta":{"footnotes":"","_share_on_mastodon":"0"},"categories":[130],"tags":[23847,137,33,31,30,6503,37914,2161,10740,37916,33423,37915,32,109],"class_list":["post-282560","post","type-post","status-publish","format-standard","has-post-thumbnail","category-viihde","tag-dekkarisarja","tag-entertainment","tag-fi","tag-finland","tag-finnish","tag-johannes-holopainen","tag-nainen-joka-katosi","tag-oona-airola","tag-pekka-strang","tag-rikosromaani","tag-saga-sarkola","tag-simo-halinen","tag-suomi","tag-viihde"],"share_on_mastodon":{"url":"https:\/\/pubeurope.com\/@fi\/116787841955896121","error":""},"_links":{"self":[{"href":"https:\/\/www.europesays.com\/fi\/wp-json\/wp\/v2\/posts\/282560","targetHints":{"allow":["GET"]}}],"collection":[{"href":"https:\/\/www.europesays.com\/fi\/wp-json\/wp\/v2\/posts"}],"about":[{"href":"https:\/\/www.europesays.com\/fi\/wp-json\/wp\/v2\/types\/post"}],"author":[{"embeddable":true,"href":"https:\/\/www.europesays.com\/fi\/wp-json\/wp\/v2\/users\/2"}],"replies":[{"embeddable":true,"href":"https:\/\/www.europesays.com\/fi\/wp-json\/wp\/v2\/comments?post=282560"}],"version-history":[{"count":0,"href":"https:\/\/www.europesays.com\/fi\/wp-json\/wp\/v2\/posts\/282560\/revisions"}],"wp:featuredmedia":[{"embeddable":true,"href":"https:\/\/www.europesays.com\/fi\/wp-json\/wp\/v2\/media\/282561"}],"wp:attachment":[{"href":"https:\/\/www.europesays.com\/fi\/wp-json\/wp\/v2\/media?parent=282560"}],"wp:term":[{"taxonomy":"category","embeddable":true,"href":"https:\/\/www.europesays.com\/fi\/wp-json\/wp\/v2\/categories?post=282560"},{"taxonomy":"post_tag","embeddable":true,"href":"https:\/\/www.europesays.com\/fi\/wp-json\/wp\/v2\/tags?post=282560"}],"curies":[{"name":"wp","href":"https:\/\/api.w.org\/{rel}","templated":true}]}}